{"id":240954,"date":"2025-07-10T21:19:43","date_gmt":"2025-07-10T21:19:43","guid":{"rendered":"https:\/\/www.europesays.com\/fr\/240954\/"},"modified":"2025-07-10T21:19:43","modified_gmt":"2025-07-10T21:19:43","slug":"apres-un-bilan-positif-une-nouvelle-edition-des-belles-de-vilaine-est-envisagee-en-2026-a","status":"publish","type":"post","link":"https:\/\/www.europesays.com\/fr\/240954\/","title":{"rendered":"Apr\u00e8s un bilan positif, une nouvelle \u00e9dition des Belles de Vilaine est envisag\u00e9e en 2026, \u00e0"},"content":{"rendered":"<p>Quelques jours apr\u00e8s le festival des Belles de Vilaine, \u00e0 <a href=\"https:\/\/rennes.maville.com\/bretagne\/ille-et-vilaine\/guichen\/\" rel=\"nofollow noopener\" target=\"_blank\">Guichen<\/a> (<a href=\"https:\/\/www.ouest-france.fr\/bretagne\/ille-et-vilaine\/\" rel=\"nofollow noopener\" target=\"_blank\">Ille-et-Vilaine<\/a>), les organisateurs se sont retrouv\u00e9s pour \u00e9tablir un premier bilan. \u00a0C\u2019\u00e9tait une premi\u00e8re pour notre association, cr\u00e9\u00e9e pour animer la commune de Pont-R\u00e9an. On peut dire que c\u2019est une r\u00e9ussite, m\u00eame si quelques points sont \u00e0 revoir\u00a0\u00bb, se r\u00e9jouissent Bruno Daniaux et Jean-Marc Turquety, les deux copr\u00e9sidents de l\u2019association le Pont s\u2019anime.<\/p>\n<p>Aucune subvention publique<\/p>\n<p>Samedi 28\u00a0juin, sept\u00a0groupes et une DJ ont perform\u00e9 sur la sc\u00e8ne install\u00e9e sur la plaine de la cale de Pont-R\u00e9an. Un point commun entre ces formations\u00a0: une pr\u00e9sence affirm\u00e9e de femmes. Jazz, blues, rock ou polyphonies, chacun a pu trouver son compte dans la programmation de ce festival qui a la particularit\u00e9 d\u2019\u00eatre gratuit.<\/p>\n<p>\u00a0Pour \u00e9quilibrer nos finances, tout se joue sur la restauration et la buvette en plus de nos sponsors. Nous devons financer les groupes, le feu d\u2019artifice et une partie de la logistique. Nous n\u2019avons per\u00e7u aucune subvention publique, pointent les organisateurs qui soulignent l\u2019apport humain de la part de la mMairie \u00e0 travers les deux techniciens et les agents pour le montage des barnums et de la sc\u00e8ne. Nous \u00e9tions environ 4\u00a0000\u00a0personnes pendant le feu d\u2019artifice.\u00a0<\/p>\n<p>Apr\u00e8s ce bilan positif, une nouvelle \u00e9dition est d\u00e9j\u00e0 d\u2019actualit\u00e9, pour juin\u00a02026, avec toujours de la musique et un feu d\u2019artifice. L\u2019association r\u00e9unira \u00e0 la rentr\u00e9e ses 80\u00a0b\u00e9n\u00e9voles pour les remercier. <strong>\u00ab\u00a0On ne peut rien faire sans eux et sans les entreprises partenaires\u00a0\u00bb,<\/strong> tiennent \u00e0 pr\u00e9ciser les organisateurs.<\/p>\n<p>\u00a0<\/p>\n","protected":false},"excerpt":{"rendered":"Quelques jours apr\u00e8s le festival des Belles de Vilaine, \u00e0 Guichen (Ille-et-Vilaine), les organisateurs se sont retrouv\u00e9s pour&hellip;\n","protected":false},"author":2,"featured_media":240955,"comment_status":"","ping_status":"","sticky":false,"template":"","format":"standard","meta":{"footnotes":""},"categories":[2821],"tags":[5734,1111,11,13543,3783,829,4660,38055,1777,674,1011,27,38056,12,2043,38054,584,25,7009],"class_list":{"0":"post-240954","1":"post","2":"type-post","3":"status-publish","4":"format-standard","5":"has-post-thumbnail","7":"category-rennes","8":"tag-5734","9":"tag-actu","10":"tag-actualites","11":"tag-belles","12":"tag-bilan","13":"tag-bretagne","14":"tag-edition","15":"tag-envisagee","16":"tag-eu","17":"tag-europe","18":"tag-fr","19":"tag-france","20":"tag-guichen","21":"tag-news","22":"tag-nouvelle","23":"tag-positif","24":"tag-rennes","25":"tag-republique-francaise","26":"tag-vilaine"},"share_on_mastodon":{"url":"https:\/\/pubeurope.com\/@fr\/114831029897500398","error":""},"_links":{"self":[{"href":"https:\/\/www.europesays.com\/fr\/wp-json\/wp\/v2\/posts\/240954","targetHints":{"allow":["GET"]}}],"collection":[{"href":"https:\/\/www.europesays.com\/fr\/wp-json\/wp\/v2\/posts"}],"about":[{"href":"https:\/\/www.europesays.com\/fr\/wp-json\/wp\/v2\/types\/post"}],"author":[{"embeddable":true,"href":"https:\/\/www.europesays.com\/fr\/wp-json\/wp\/v2\/users\/2"}],"replies":[{"embeddable":true,"href":"https:\/\/www.europesays.com\/fr\/wp-json\/wp\/v2\/comments?post=240954"}],"version-history":[{"count":0,"href":"https:\/\/www.europesays.com\/fr\/wp-json\/wp\/v2\/posts\/240954\/revisions"}],"wp:featuredmedia":[{"embeddable":true,"href":"https:\/\/www.europesays.com\/fr\/wp-json\/wp\/v2\/media\/240955"}],"wp:attachment":[{"href":"https:\/\/www.europesays.com\/fr\/wp-json\/wp\/v2\/media?parent=240954"}],"wp:term":[{"taxonomy":"category","embeddable":true,"href":"https:\/\/www.europesays.com\/fr\/wp-json\/wp\/v2\/categories?post=240954"},{"taxonomy":"post_tag","embeddable":true,"href":"https:\/\/www.europesays.com\/fr\/wp-json\/wp\/v2\/tags?post=240954"}],"curies":[{"name":"wp","href":"https:\/\/api.w.org\/{rel}","templated":true}]}}