{"id":240956,"date":"2025-07-10T21:20:11","date_gmt":"2025-07-10T21:20:11","guid":{"rendered":"https:\/\/www.europesays.com\/fr\/240956\/"},"modified":"2025-07-10T21:20:11","modified_gmt":"2025-07-10T21:20:11","slug":"cinq-hectares-de-champ-de-ble-incendies-entre-rennes-et-chateaugiron","status":"publish","type":"post","link":"https:\/\/www.europesays.com\/fr\/240956\/","title":{"rendered":"Cinq hectares de champ de bl\u00e9 incendi\u00e9s entre Rennes et\u00a0Ch\u00e2teaugiron"},"content":{"rendered":"<p>Jeudi 10\u00a0juillet 2025, vers 15\u00a0h, un d\u00e9part de feu est signal\u00e9 sur le site de Ker Seul, \u00e0 proximit\u00e9 de la route Rennes &#8211; Ch\u00e2teaugiron, \u00e0 Domloup.<\/p>\n<p>Le lieutenant Franck Esnault du Centre du Blosne \u00e0 Rennes, et chef d\u2019op\u00e9ration, raconte\u00a0: <strong>\u00ab\u00a0Nous avons mobilis\u00e9 les camions-citernes feux de for\u00eat normalis\u00e9s des centres du Blosne, Rennes-Centre, Beauregard et Domagn\u00e9. L\u2019intervention a commenc\u00e9 \u00e0 15\u00a0h\u00a030 pour finir \u00e0 16\u00a0h\u00a015. <\/strong> <strong>Nous avons constat\u00e9 un feu naturel dans un champ de bl\u00e9 d\u00e9j\u00e0 moissonn\u00e9. <\/strong> <strong>L\u2019ampleur du sinistre a \u00e9t\u00e9 limit\u00e9e par l\u2019intervention d\u2019agriculteurs qui ont attaqu\u00e9 le feu lat\u00e9ralement et rapidement charri\u00e9 la terre sur de larges bandes pour r\u00e9aliser des espaces coupe-feu.\u00a0\u00bb<\/strong><\/p>\n<p><strong>Lire aussi\u00a0: <\/strong> <a href=\"https:\/\/fougeres.maville.com\/actu\/actudet_-secheresse-les-pompiers-d-ille-et-vilaine-recensent-deja-plus-de-200-feux-cette-saison-_7-6894989_actu.Htm\" rel=\"nofollow noopener\" target=\"_blank\">S\u00e9cheresse\u00a0: les pompiers d\u2019Ille-et-Vilaine recensent d\u00e9j\u00e0 plus de 200\u00a0feux cette saison<\/a><\/p>\n<p>Une maison d\u2019habitation sauv\u00e9e<\/p>\n<p>N\u2019y a-t-il pas d\u2019autres d\u00e9g\u00e2ts\u00a0? \u00a0Non. En bordure de champs derri\u00e8re une haie de bambous se trouvent une maison d\u2019habitation et une cabane de jardin que nous avons prot\u00e9g\u00e9es par l\u2019extension des zones arros\u00e9es sur 300\u00a0m\u00e8tres autour de l\u2019habitation et par le noyage des foss\u00e9s.\u00a0<\/p>\n<p>Au total, \u00ab\u00a023\u00a0pompiers et 7\u00a0v\u00e9hicules rapides\u00a0\u00bb ont \u00e9t\u00e9 engag\u00e9s sur l\u2019op\u00e9ration.<\/p>\n<p>\u00a0<\/p>\n","protected":false},"excerpt":{"rendered":"Jeudi 10\u00a0juillet 2025, vers 15\u00a0h, un d\u00e9part de feu est signal\u00e9 sur le site de Ker Seul, \u00e0&hellip;\n","protected":false},"author":2,"featured_media":240957,"comment_status":"","ping_status":"","sticky":false,"template":"","format":"standard","meta":{"footnotes":""},"categories":[2821],"tags":[1111,11,33061,829,9902,28863,1777,674,1011,27,3573,5383,12,584,25,3728],"class_list":{"0":"post-240956","1":"post","2":"type-post","3":"status-publish","4":"format-standard","5":"has-post-thumbnail","7":"category-rennes","8":"tag-actu","9":"tag-actualites","10":"tag-ble","11":"tag-bretagne","12":"tag-champ","13":"tag-chateaugiron","14":"tag-eu","15":"tag-europe","16":"tag-fr","17":"tag-france","18":"tag-hectares","19":"tag-incendies","20":"tag-news","21":"tag-rennes","22":"tag-republique-francaise","23":"tag-saint-malo"},"share_on_mastodon":{"url":"https:\/\/pubeurope.com\/@fr\/114831033914929917","error":""},"_links":{"self":[{"href":"https:\/\/www.europesays.com\/fr\/wp-json\/wp\/v2\/posts\/240956","targetHints":{"allow":["GET"]}}],"collection":[{"href":"https:\/\/www.europesays.com\/fr\/wp-json\/wp\/v2\/posts"}],"about":[{"href":"https:\/\/www.europesays.com\/fr\/wp-json\/wp\/v2\/types\/post"}],"author":[{"embeddable":true,"href":"https:\/\/www.europesays.com\/fr\/wp-json\/wp\/v2\/users\/2"}],"replies":[{"embeddable":true,"href":"https:\/\/www.europesays.com\/fr\/wp-json\/wp\/v2\/comments?post=240956"}],"version-history":[{"count":0,"href":"https:\/\/www.europesays.com\/fr\/wp-json\/wp\/v2\/posts\/240956\/revisions"}],"wp:featuredmedia":[{"embeddable":true,"href":"https:\/\/www.europesays.com\/fr\/wp-json\/wp\/v2\/media\/240957"}],"wp:attachment":[{"href":"https:\/\/www.europesays.com\/fr\/wp-json\/wp\/v2\/media?parent=240956"}],"wp:term":[{"taxonomy":"category","embeddable":true,"href":"https:\/\/www.europesays.com\/fr\/wp-json\/wp\/v2\/categories?post=240956"},{"taxonomy":"post_tag","embeddable":true,"href":"https:\/\/www.europesays.com\/fr\/wp-json\/wp\/v2\/tags?post=240956"}],"curies":[{"name":"wp","href":"https:\/\/api.w.org\/{rel}","templated":true}]}}