{"id":240958,"date":"2025-07-10T21:21:14","date_gmt":"2025-07-10T21:21:14","guid":{"rendered":"https:\/\/www.europesays.com\/fr\/240958\/"},"modified":"2025-07-10T21:21:14","modified_gmt":"2025-07-10T21:21:14","slug":"alsace-la-chambre-de-commerce-et-dindustrie-alsace-eurometropole-bousculee-par-des-soupcons-de-conflit-dinterets","status":"publish","type":"post","link":"https:\/\/www.europesays.com\/fr\/240958\/","title":{"rendered":"Alsace. La chambre de commerce et d\u2019industrie Alsace Eurom\u00e9tropole bouscul\u00e9e par des soup\u00e7ons de conflit d\u2019int\u00e9r\u00eats"},"content":{"rendered":"<p>Un conflit d\u2019int\u00e9r\u00eats \u00e9clabousse-t-il la CCI Alsace Eurom\u00e9tropole\u00a0? La question divise, au sein m\u00eame des instances de la chambre consulaire, depuis que des membres du bureau ont relev\u00e9 une potentielle irr\u00e9gularit\u00e9 dans la strat\u00e9gie et les arbitrages pr\u00e9sidant \u00e0 l\u2019avenir du campus <a href=\"https:\/\/www.dna.fr\/economie\/2023\/07\/07\/la-cci-prend-ses-quartiers-a-schiltigheim\" target=\"_blank\" rel=\"nofollow noopener\">CCI<\/a>.<\/p>\n<p>Compos\u00e9 d\u2019\u00e9lus, un groupe de travail d\u00e9di\u00e9 aux investissements de la chambre et notamment \u00e0 l\u2019\u00e9tude de diff\u00e9rents sc\u00e9narios pour le futur campus, s\u2019est prononc\u00e9 en mars dernier en faveur d\u2019une relocalisation des activit\u00e9s de formation dans un immeuble de Schiltigheim construit par KS\u00a0: le \u00ab\u00a0Lignum\u00a0\u00bb, dont l\u2019acquisition effective restait \u00e0 \u00eatre vot\u00e9e en assembl\u00e9e g\u00e9n\u00e9rale. Une op\u00e9ration estim\u00e9e \u00e0 pr\u00e8s de 26\u00a0millions d\u2019euros. Mais le 22\u00a0avril dernier, alors que ce point \u00e9tait \u00e0 l\u2019ordre du bureau du 29, des \u00e9lus ont not\u00e9 la pr\u00e9sence de l\u2019annonce de la vente de ce bien sur le site de la soci\u00e9t\u00e9 Cushman &amp; Wakefield, sp\u00e9cialis\u00e9e dans l\u2019immobilier d\u2019entreprise. Soci\u00e9t\u00e9 dirig\u00e9e par Vincent Triponel, \u00e9lu de la CCI, membre du bureau et dudit groupe de travail.<\/p>\n<p>  Une \u00ab\u00a0erreur mat\u00e9rielle\u00a0\u00bb, selon l\u2019int\u00e9ress\u00e9<\/p>\n<p>Selon l\u2019int\u00e9ress\u00e9 que nous avons contact\u00e9, il s\u2019agit d\u2019une simple \u00ab\u00a0erreur mat\u00e9rielle\u00a0\u00bb, le mandat de commercialisation conclu entre KS et Cushman &amp; Wakefield pour ce bien ayant \u00e9t\u00e9 r\u00e9sili\u00e9 le 13\u00a0septembre 2024, comme en attestent des documents transmis anonymement \u00e0 notre r\u00e9daction qui ont port\u00e9 les faits \u00e0 notre connaissance. \u00ab\u00a0J\u2019estime ne rien avoir \u00e0 me reprocher\u00a0\u00bb, indique Vincent Triponel, qui a depuis d\u00e9missionn\u00e9 du groupe de travail et pris ses distances avec les instances de la CCI, le temps que cette \u00ab\u00a0affaire\u00a0\u00bb soit tir\u00e9e au clair.<\/p>\n<p>Car l\u2019hypoth\u00e8se d\u2019un conflit d\u2019int\u00e9r\u00eats a \u00e9t\u00e9 d\u2019embl\u00e9e prise au s\u00e9rieux, conform\u00e9ment au r\u00e8glement de la chambre. \u00ab\u00a0Nous avons imm\u00e9diatement r\u00e9agi &#8211; d\u00e8s ce signalement &#8211; en sollicitant l\u2019avis de nos instances internes comp\u00e9tentes, de nos avocats ainsi que du cabinet Finegan &#8211; expert de la conformit\u00e9\u00a0\u00bb, retrace la CCI Alsace Eurom\u00e9tropole dans une r\u00e9ponse \u00e9crite. \u00ab\u00a0Toutes les d\u00e9cisions \u00e9voqu\u00e9es ont \u00e9t\u00e9 prises dans un cadre institutionnel rigoureux, avec un processus de contr\u00f4le pleinement respect\u00e9, et des v\u00e9rifications externes men\u00e9es par des experts ind\u00e9pendants\u00a0\u00bb, indique encore la CCI qui \u00ab\u00a0prend acte de transmissions anonymes de documents confidentiels \u00e0 la presse\u00a0\u00bb.<\/p>\n<p>Dans une note du 7\u00a0mai dernier &#8211; qui figure parmi les documents que nous avons pu consulter -, le cabinet d\u2019avocats Soler-Couteaux \u00e9carte pour ce cas pr\u00e9cis le risque de prise ill\u00e9gale d\u2019int\u00e9r\u00eat du fait de la r\u00e9siliation du mandat de commercialisation\u00a0: \u00ab\u00a0L\u2019op\u00e9ration dont il avait la surveillance et l\u2019administration [\u2026] s\u2019est d\u00e9roul\u00e9e \u00e0 un moment o\u00f9 l\u2019\u00e9lu n\u2019\u00e9tait plus susceptible d\u2019y prendre un int\u00e9r\u00eat personnel direct ou indirect.\u00a0\u00bb Ces conclusions et l\u2019avis du d\u00e9ontologue de la CCI \u00e0 l\u2019appui, le cabinet de conseil en conformit\u00e9 Finegan a estim\u00e9 \u00e0 son tour, dans un pr\u00e9-rapport transmis le 2\u00a0juillet \u00e0 la CCI et communiqu\u00e9 par celle-ci, que \u00ab\u00a0les qualifications de conflit d\u2019int\u00e9r\u00eats ou de prise ill\u00e9gale d\u2019int\u00e9r\u00eats ne sont pas constitu\u00e9es\u00a0\u00bb.<\/p>\n<p>  Tensions au sein du bureau de la CCI<\/p>\n<p>Pour autant, la question n\u2019est manifestement pas \u00e9vacu\u00e9e. Le projet d\u2019acquisition du Lignum, qui semblait avanc\u00e9, est suspendu. L\u2019assembl\u00e9e g\u00e9n\u00e9rale de la CCI, r\u00e9unie par voie \u00e9lectronique d\u00e9but juillet, s\u2019est born\u00e9e \u00e0 voter \u00ab\u00a0la poursuite du projet de r\u00e9novation ou de relocalisation de CCI Campus Strasbourg\u00a0\u00bb, maintenant toutes les hypoth\u00e8ses sur la table. \u00ab\u00a0Les r\u00e9flexions sur ce projet reprendront \u00e0 la rentr\u00e9e\u00a0\u00bb, indique la chambre qui voit dans ce vote un t\u00e9moignage de \u00ab\u00a0la confiance des \u00e9lus et de la s\u00e9r\u00e9nit\u00e9 de notre gouvernance\u00a0\u00bb.<\/p>\n<p>Mais cette s\u00e9r\u00e9nit\u00e9 appara\u00eet bien pr\u00e9caire. En marge de la saisine par le directeur g\u00e9n\u00e9ral de la CCI, en avril, de la commission de pr\u00e9vention des conflits d\u2019int\u00e9r\u00eats, des \u00e9lus ont demand\u00e9 le 26\u00a0mai qu\u2019une enqu\u00eate interne soit diligent\u00e9e \u00ab\u00a0au-del\u00e0 de l\u2019op\u00e9ration [du Lignum]\u00a0\u00bb. \u00ab\u00a0La potentielle situation de conflits d\u2019int\u00e9r\u00eats [\u2026] para\u00eet susceptible d\u2019avoir impact\u00e9 bien d\u2019autres op\u00e9rations\u00a0\u00bb, estiment-ils. A la fin de non-recevoir qui leur a \u00e9t\u00e9 oppos\u00e9e le 3\u00a0juin, au motif d\u2019une pr\u00e9c\u00e9dente saisine, ils ont r\u00e9pondu le 6, par l\u2019interm\u00e9diaire de leur conseil, qu\u2019ils saisiraient le pr\u00e9fet de R\u00e9gion \u00e0 d\u00e9faut de r\u00e9ponse.<\/p>\n<p>Loin de la s\u00e9r\u00e9nit\u00e9 vant\u00e9e, le fait que des documents internes aient \u00e9t\u00e9 rendus publics malgr\u00e9 un appel au respect d\u2019une \u00ab\u00a0totale confidentialit\u00e9\u00a0\u00bb s\u00e8me le trouble parmi les \u00e9lus et membres de la CCI. \u00ab\u00a0C\u2019est devenu une histoire de personnes qui se parlent par avocats interpos\u00e9s\u00a0\u00bb, r\u00e9sume un connaisseur du dossier qui d\u00e9crit une atmosph\u00e8re conflictuelle et un bureau divis\u00e9 \u00e0 un peu plus d\u2019un an de prochaines \u00e9lections qui pourraient bien aiguiser des app\u00e9tits. Selon nos informations, le nom d\u2019un certain Vincent Triponel a circul\u00e9 parmi les potentiels successeurs de Jean-Luc <a href=\"https:\/\/www.dna.fr\/economie\/2021\/11\/12\/la-liste-conduite-par-jean-luc-heimburger-elue-par-4-13-des-votants\" target=\"_blank\" rel=\"nofollow noopener\"> Heimburger<\/a> , l\u2019actuel pr\u00e9sident.<\/p>\n","protected":false},"excerpt":{"rendered":"Un conflit d\u2019int\u00e9r\u00eats \u00e9clabousse-t-il la CCI Alsace Eurom\u00e9tropole\u00a0? La question divise, au sein m\u00eame des instances de la&hellip;\n","protected":false},"author":2,"featured_media":240959,"comment_status":"","ping_status":"","sticky":false,"template":"","format":"standard","meta":{"footnotes":""},"categories":[2820],"tags":[1111,11,2389,4406,33,1777,674,107,1011,27,775,1116,693,12,25,640],"class_list":{"0":"post-240958","1":"post","2":"type-post","3":"status-publish","4":"format-standard","5":"has-post-thumbnail","7":"category-strasbourg","8":"tag-actu","9":"tag-actualites","10":"tag-alsace","11":"tag-commerce-et-services","12":"tag-economie","13":"tag-eu","14":"tag-europe","15":"tag-fil-info","16":"tag-fr","17":"tag-france","18":"tag-grand-est","19":"tag-immobilier","20":"tag-industrie","21":"tag-news","22":"tag-republique-francaise","23":"tag-strasbourg"},"share_on_mastodon":{"url":"https:\/\/pubeurope.com\/@fr\/114831037920357099","error":""},"_links":{"self":[{"href":"https:\/\/www.europesays.com\/fr\/wp-json\/wp\/v2\/posts\/240958","targetHints":{"allow":["GET"]}}],"collection":[{"href":"https:\/\/www.europesays.com\/fr\/wp-json\/wp\/v2\/posts"}],"about":[{"href":"https:\/\/www.europesays.com\/fr\/wp-json\/wp\/v2\/types\/post"}],"author":[{"embeddable":true,"href":"https:\/\/www.europesays.com\/fr\/wp-json\/wp\/v2\/users\/2"}],"replies":[{"embeddable":true,"href":"https:\/\/www.europesays.com\/fr\/wp-json\/wp\/v2\/comments?post=240958"}],"version-history":[{"count":0,"href":"https:\/\/www.europesays.com\/fr\/wp-json\/wp\/v2\/posts\/240958\/revisions"}],"wp:featuredmedia":[{"embeddable":true,"href":"https:\/\/www.europesays.com\/fr\/wp-json\/wp\/v2\/media\/240959"}],"wp:attachment":[{"href":"https:\/\/www.europesays.com\/fr\/wp-json\/wp\/v2\/media?parent=240958"}],"wp:term":[{"taxonomy":"category","embeddable":true,"href":"https:\/\/www.europesays.com\/fr\/wp-json\/wp\/v2\/categories?post=240958"},{"taxonomy":"post_tag","embeddable":true,"href":"https:\/\/www.europesays.com\/fr\/wp-json\/wp\/v2\/tags?post=240958"}],"curies":[{"name":"wp","href":"https:\/\/api.w.org\/{rel}","templated":true}]}}