{"id":240985,"date":"2025-07-10T21:36:19","date_gmt":"2025-07-10T21:36:19","guid":{"rendered":"https:\/\/www.europesays.com\/fr\/240985\/"},"modified":"2025-07-10T21:36:19","modified_gmt":"2025-07-10T21:36:19","slug":"pourquoi-un-mode-de-scrutin-ne-fait-pas-forcement-lelection","status":"publish","type":"post","link":"https:\/\/www.europesays.com\/fr\/240985\/","title":{"rendered":"\u00abPourquoi un mode de scrutin ne fait pas forc\u00e9ment l\u2019\u00e9lection\u00bb"},"content":{"rendered":"<p><strong>CONTRE-POINT<\/strong> &#8211; Si toute victoire est bonne \u00e0 prendre, Fran\u00e7ois Bayrou doit veiller \u00e0 ce que son passage \u00e0 Matignon n\u2019ait pas pour seul bilan une r\u00e9forme qui passionne les \u00e9lus mais indiff\u00e8re les \u00e9lecteurs.<\/p>\n<p class=\"fig-paragraph\">C\u2019est l\u2019un des paradoxes de ce<a href=\"http:\/\/www.lefigaro.fr\/politique\/rassemblement-national-les-raisons-d-une-nouvelle-non-censure-20250625\" data-fig-type=\"Article\" data-gtm-custom-categorie=\"navigation\" data-gtm-custom-action=\"crossclick\" data-gtm-custom-label=\"Contextuel\" data-gtm-event=\"customEventSPE\" data-fig-domain=\"LEFIGARO\" rel=\"nofollow noopener\" target=\"_blank\">\u00a0gouvernement Bayrou\u00a0<\/a>et de cette fin de la pr\u00e9sidence Macron. Alors que tant de projets, pourtant n\u00e9cessaires, sont bloqu\u00e9s, faute de majorit\u00e9, la r\u00e9forme du mode de scrutin \u00e0 Paris, Lyon et Marseille, \u00e0 laquelle plus personne ne croyait, est adopt\u00e9e, rapidement et largement, rare texte unissant des voix LFI, Renaissance, LR et RN. Cet \u00e9tonnant patchwork offre au premier ministre une de ses rares victoires parlementaires alors qu\u2019il n\u2019est pas s\u00fbr de pouvoir aboutir sur un autre projet \u00e9lectoral qui lui tient \u00e0 c\u0153ur\u00a0: la proportionnelle.<\/p>\n<p class=\"fig-paragraph\">Si toute victoire est bonne \u00e0 prendre,\u00a0<a href=\"http:\/\/www.lefigaro.fr\/politique\/en-renforcant-le-role-des-prefets-bayrou-tente-de-donner-une-nouvelle-legitimite-a-la-decentralisation-20250708\" data-fig-type=\"Article\" data-gtm-custom-categorie=\"navigation\" data-gtm-custom-action=\"crossclick\" data-gtm-custom-label=\"Contextuel\" data-gtm-event=\"customEventSPE\" data-fig-domain=\"LEFIGARO\" rel=\"nofollow noopener\" target=\"_blank\">Bayrou\u00a0<\/a>doit veiller \u00e0 ce que son passage \u00e0 Matignon n\u2019ait pas pour seul bilan une r\u00e9forme qui passionne les \u00e9lus mais indiff\u00e8re les \u00e9lecteurs. Sur le plan politique, cette loi a trois parrains\u00a0: les deux d\u00e9put\u00e9s Renaissance\u00a0<a href=\"http:\/\/www.lefigaro.fr\/flash-actu\/reforme-des-retraites-une-remise-en-cause-serait-une-ligne-rouge-pour-les-macronistes-declare-sylvain-maillard-20240903\" data-fig-type=\"NewsFlash\" data-gtm-custom-categorie=\"navigation\" data-gtm-custom-action=\"crossclick\" data-gtm-custom-label=\"Contextuel\" data-gtm-event=\"customEventSPE\" data-fig-domain=\"LEFIGARO\" rel=\"nofollow noopener\" target=\"_blank\">Sylvain Maillard<\/a>\u00a0et\u00a0<a href=\"https:\/\/www.lefigaro.fr\/politique\/david-amiel-l-etoile-montante-de-la-macronie-integre-l-equipe-griveaux-20191027\" data-fig-type=\"Article\" data-gtm-custom-categorie=\"navigation\" data-gtm-custom-action=\"crossclick\" data-gtm-custom-label=\"Contextuel\" data-gtm-event=\"customEventSPE\" data-fig-domain=\"LEFIGARO\" rel=\"nofollow noopener\" target=\"_blank\">David Amiel<\/a>, qui l\u2019ont con\u00e7ue, et Rachida Dati qui compte bien en \u00eatre b\u00e9n\u00e9ficiaire l\u2019ann\u00e9e prochaine en ravissant Paris aux socialistes\u2026<\/p>\n<p class=\"fig-premium-paywall__infos\">\n        Cet article est r\u00e9serv\u00e9 aux abonn\u00e9s.        Il vous reste 70% \u00e0 d\u00e9couvrir.\n    <\/p>\n<p>                <img  data- alt=\"Le Figaro\" class=\"fig-img--complete fig-img\"\/><\/p>\n<p class=\"fig-premium-paywall__title\">Vous avez envie de lire la suite ?<\/p>\n<p class=\"fig-premium-paywall__subtitle\">D\u00e9bloquez tous les articles imm\u00e9diatement.<\/p>\n<p class=\"fig-premium-paywall__connect\">\n                D\u00e9j\u00e0 abonn\u00e9\u00a0?                <a class=\"fig-premium-paywall__connect-link\" href=\"https:\/\/connect.lefigaro.fr\/login?client=horizon_web&amp;type=main&amp;redirect_uri=https%3A%2F%2Fwww.lefigaro.fr%2Fpolitique%2Floi-paris-lyon-marseille-pourquoi-un-mode-de-scrutin-ne-fait-pas-forcement-l-election-20250710\" data-js-gtm=\"{&quot;customCategorie&quot;: &quot;conversion&quot;, &quot;customAction&quot;: &quot;before_Landing_Connexion_paywall_auto&quot;, &quot;customLabel&quot;: &quot;bGVmaWdhcm8uZnJfXzFmMDVkOWY4LTA0NjItNjNkNi04ZGM3LTM3N2M1ODM1NjQ2Nl9fQXJ0aWNsZQ==_Loi Paris-Lyon-Marseille\u00a0: \u00abPourquoi un mode de scrutin ne fait pas forc\u00e9ment l\u2019\u00e9lection\u00bb_423&quot;, &quot;customIDSPE&quot;: &quot;bGVmaWdhcm8uZnJfXzFmMDVkOWY4LTA0NjItNjNkNi04ZGM3LTM3N2M1ODM1NjQ2Nl9fQXJ0aWNsZQ==&quot;, &quot;event&quot;: &quot;customEventSPE&quot;}\" rel=\"nofollow noopener\" target=\"_blank\"><br \/>\n                    Connectez-vous<br \/>\n                <\/a>\n            <\/p>\n","protected":false},"excerpt":{"rendered":"CONTRE-POINT &#8211; Si toute victoire est bonne \u00e0 prendre, Fran\u00e7ois Bayrou doit veiller \u00e0 ce que son passage&hellip;\n","protected":false},"author":2,"featured_media":240986,"comment_status":"","ping_status":"","sticky":false,"template":"","format":"standard","meta":{"footnotes":""},"categories":[1889],"tags":[1111,11,2430,4188,1777,674,1011,27,2428,12,626,25],"class_list":{"0":"post-240985","1":"post","2":"type-post","3":"status-publish","4":"format-standard","5":"has-post-thumbnail","7":"category-lyon","8":"tag-actu","9":"tag-actualites","10":"tag-auvergne-rhone-alpes","11":"tag-elections-municipales","12":"tag-eu","13":"tag-europe","14":"tag-fr","15":"tag-france","16":"tag-lyon","17":"tag-news","18":"tag-paris","19":"tag-republique-francaise"},"share_on_mastodon":{"url":"https:\/\/pubeurope.com\/@fr\/114831096735314775","error":""},"_links":{"self":[{"href":"https:\/\/www.europesays.com\/fr\/wp-json\/wp\/v2\/posts\/240985","targetHints":{"allow":["GET"]}}],"collection":[{"href":"https:\/\/www.europesays.com\/fr\/wp-json\/wp\/v2\/posts"}],"about":[{"href":"https:\/\/www.europesays.com\/fr\/wp-json\/wp\/v2\/types\/post"}],"author":[{"embeddable":true,"href":"https:\/\/www.europesays.com\/fr\/wp-json\/wp\/v2\/users\/2"}],"replies":[{"embeddable":true,"href":"https:\/\/www.europesays.com\/fr\/wp-json\/wp\/v2\/comments?post=240985"}],"version-history":[{"count":0,"href":"https:\/\/www.europesays.com\/fr\/wp-json\/wp\/v2\/posts\/240985\/revisions"}],"wp:featuredmedia":[{"embeddable":true,"href":"https:\/\/www.europesays.com\/fr\/wp-json\/wp\/v2\/media\/240986"}],"wp:attachment":[{"href":"https:\/\/www.europesays.com\/fr\/wp-json\/wp\/v2\/media?parent=240985"}],"wp:term":[{"taxonomy":"category","embeddable":true,"href":"https:\/\/www.europesays.com\/fr\/wp-json\/wp\/v2\/categories?post=240985"},{"taxonomy":"post_tag","embeddable":true,"href":"https:\/\/www.europesays.com\/fr\/wp-json\/wp\/v2\/tags?post=240985"}],"curies":[{"name":"wp","href":"https:\/\/api.w.org\/{rel}","templated":true}]}}