{"id":240991,"date":"2025-07-10T21:40:14","date_gmt":"2025-07-10T21:40:14","guid":{"rendered":"https:\/\/www.europesays.com\/fr\/240991\/"},"modified":"2025-07-10T21:40:14","modified_gmt":"2025-07-10T21:40:14","slug":"les-spectacles-et-pieces-de-theatre-a-ne-pas-manquer-ce-week-end-du-11-au-13-juillet-2025","status":"publish","type":"post","link":"https:\/\/www.europesays.com\/fr\/240991\/","title":{"rendered":"Les spectacles et pi\u00e8ces de th\u00e9\u00e2tre \u00e0 ne pas manquer ce week-end du 11 au 13 juillet 2025"},"content":{"rendered":"<p><strong>Id\u00e9es de sorties &#8211; Envie de vous divertir ce week-end \u00e0 Paris\u00a0? Que vous aimiez le th\u00e9\u00e2tre, la danse ou le stand-up, voici une s\u00e9lection de spectacles incontournables \u00e0 ne pas manquer. D\u00e9couvrez notre top pour le week-end du 11 au 13\u00a0juillet 2025.<\/strong><\/p>\n<p>Th\u00e9\u00e2tre, danse, humour\u2026 Ce week-end, changez d\u2019air sans vider votre porte-monnaie. Gr\u00e2ce \u00e0 <a href=\"https:\/\/www.ticketnunc.com\/?utm_source=article&amp;utm_medium=20_minutes&amp;utm_campaign=article_20minutes&amp;at_medium=RSS%20feed&amp;at_campaign=ynews&amp;utm_source=yahoo&amp;utm_medium=rss&amp;utm_campaign=news_feed&amp;utm_content=in_article_link\" rel=\"nofollow noopener\" target=\"_blank\" data-ylk=\"slk:TicketNunc;elm:context_link;itc:0;sec:content-canvas\" class=\"link \">TicketNunc<\/a>, d\u00e9nichez des billets \u00e0 prix mini, disponibles entre 24 et 72h avant la repr\u00e9sentation.<\/p>\n<p>Du th\u00e9\u00e2tre contemporain au stand-up, en passant par des shows de danse ou des spectacles immersifs, notre s\u00e9lection de bons plans culture vous garantit de belles surprises \u00e0 petit prix.<\/p>\n<p>Mais attention, les places partent vite, les quantit\u00e9s sont limit\u00e9es.<\/p>\n<p>Maintenant je n\u2019\u00e9cris plus qu\u2019en fran\u00e7ais<img decoding=\"async\" class=\"caas-img caas-lazy has-preview\" alt=\"[object Object]\" src=\"https:\/\/www.europesays.com\/fr\/wp-content\/uploads\/2025\/05\/1249da2f23d961e6bcc48502e367835e.jpeg\"\/><\/p>\n<p>[object Object]<\/p>\n<p>Viktor, 20 ans, r\u00eave de th\u00e9\u00e2tre et d\u2019avenir. Le 24 f\u00e9vrier\u00a02022, il est \u00e0 <a href=\"https:\/\/www.20minutes.fr\/monde\/moscou\/?at_medium=RSS%20feed&amp;at_campaign=ynews&amp;utm_source=yahoo&amp;utm_medium=rss&amp;utm_campaign=news_feed&amp;utm_content=in_article_link\" rel=\"nofollow noopener\" target=\"_blank\" data-ylk=\"slk:Moscou;elm:context_link;itc:0;sec:content-canvas\" class=\"link \">Moscou<\/a>, en pleine invasion russe. Lui, l\u2019Ukrainien passionn\u00e9, \u00e9tudie au GITIS, la prestigieuse \u00e9cole d\u2019art dramatique <a href=\"https:\/\/www.20minutes.fr\/dossier\/russe?at_medium=RSS%20feed&amp;at_campaign=ynews&amp;utm_source=yahoo&amp;utm_medium=rss&amp;utm_campaign=news_feed&amp;utm_content=in_article_link\" rel=\"nofollow noopener\" target=\"_blank\" data-ylk=\"slk:russe;elm:context_link;itc:0;sec:content-canvas\" class=\"link \">russe<\/a>. Sauf que ce jour-l\u00e0, tout bascule. L\u2019amour devient soup\u00e7on, les amis changent de camp, et son r\u00eave prend des allures de trahison. \u00ab\u00a0Maintenant je n\u2019\u00e9cris plus qu\u2019en fran\u00e7ais\u00a0\u00bb, c\u2019est son histoire. Une plong\u00e9e intime dans un conflit g\u00e9opolitique, o\u00f9 se m\u00ealent famille, identit\u00e9, culpabilit\u00e9\u2026 et cette grande question\u00a0: pourquoi combat-on\u00a0?<\/p>\n<p><a href=\"https:\/\/www.ticketnunc.com\/spectacles\/maintenant-je-necris-plus-quen-francais?utm_source=20_minutes&amp;utm_medium=article&amp;utm_campaign=article_20_minutes\" rel=\"nofollow noopener\" target=\"_blank\" data-ylk=\"slk:Je prends ma place;elm:context_link;itc:0;sec:content-canvas\" class=\"link \">Je prends ma place<\/a>Soleil<img decoding=\"async\" class=\"caas-img caas-lazy has-preview\" alt=\"[object Object]\" src=\"https:\/\/www.europesays.com\/fr\/wp-content\/uploads\/2025\/07\/afafc53639e342b97206cddd5d459537.jpeg\"\/><\/p>\n<p>[object Object]<\/p>\n<p>Raymond Carver, c\u2019est la classe moyenne am\u00e9ricaine, ses drames du quotidien, ses silences lourds et ses instants suspendus. Dans Soleil, le metteur en sc\u00e8ne Armel Roussel en fait un parcours sensible et immersif\u00a0: 12 nouvelles, 12 sc\u00e8nes \u00e0 explorer en d\u00e9ambulation dans le th\u00e9\u00e2tre. Cuisine, salon, antichambre\u2026 Chaque lieu accueille un petit bout d\u2019humanit\u00e9, brut et touchant. Amour, solitude, d\u00e9sir, (&#8230;)<\/p>\n<p><a href=\"https:\/\/www.20minutes.fr\/arts-stars\/loisirs\/4162959-20250710-paris-spectacles-pieces-theatre-manquer-week-end-11-13-juillet-2025?at_medium=RSS%20feed&amp;at_campaign=ynews&amp;utm_source=yahoo&amp;utm_medium=rss&amp;utm_campaign=news_feed&amp;utm_content=read_more_link&quot;\" rel=\"nofollow noopener\" target=\"_blank\" data-ylk=\"slk:Lire la suite sur 20minutes;elm:context_link;itc:0;sec:content-canvas\" class=\"link \">Lire la suite sur 20minutes<\/a><\/p>\n<p>\u00c0 lire aussi :<br \/><a href=\"https:\/\/www.20minutes.fr\/arts-stars\/loisirs\/4162764-20250709-paris-spectacles-humour-stand-up-decouvrir-week-end-11-13-juillet-2025?at_medium=RSS%20feed&amp;at_campaign=ynews&amp;utm_source=yahoo&amp;utm_medium=rss&amp;utm_campaign=news_feed&amp;utm_content=related_content_link\" rel=\"nofollow noopener\" target=\"_blank\" data-ylk=\"slk:Paris\u00a0: Les spectacles d\u2019humour et de stand-up \u00e0 d\u00e9couvrir ce week-end du 11 au 13\u00a0juillet 2025;elm:context_link;itc:0;sec:content-canvas\" class=\"link \">Paris\u00a0: Les spectacles d\u2019humour et de stand-up \u00e0 d\u00e9couvrir ce week-end du 11 au 13\u00a0juillet 2025<\/a><br \/><a href=\"https:\/\/www.20minutes.fr\/tempo\/escapade\/4114532-20241009-faire-lyon-10-sites-incontournables?at_medium=RSS%20feed&amp;at_campaign=ynews&amp;utm_source=yahoo&amp;utm_medium=rss&amp;utm_campaign=news_feed&amp;utm_content=related_content_link\" rel=\"nofollow noopener\" target=\"_blank\" data-ylk=\"slk:Que faire \u00e0 Lyon\u00a0: Les 10 sites incontournables;elm:context_link;itc:0;sec:content-canvas\" class=\"link \">Que faire \u00e0 Lyon\u00a0: Les 10 sites incontournables<\/a><\/p>\n","protected":false},"excerpt":{"rendered":"Id\u00e9es de sorties &#8211; Envie de vous divertir ce week-end \u00e0 Paris\u00a0? Que vous aimiez le th\u00e9\u00e2tre, la&hellip;\n","protected":false},"author":2,"featured_media":240992,"comment_status":"","ping_status":"","sticky":false,"template":"","format":"standard","meta":{"footnotes":""},"categories":[1888],"tags":[1111,1928,11,1927,1777,674,1011,27,26316,12,1926,626,1925,25,853,1347],"class_list":{"0":"post-240991","1":"post","2":"type-post","3":"status-publish","4":"format-standard","5":"has-post-thumbnail","7":"category-paris","8":"tag-actu","9":"tag-actu-paris","10":"tag-actualites","11":"tag-actualites-paris","12":"tag-eu","13":"tag-europe","14":"tag-fr","15":"tag-france","16":"tag-idees-de-sorties","17":"tag-news","18":"tag-news-paris","19":"tag-paris","20":"tag-paris-news","21":"tag-republique-francaise","22":"tag-spectacles","23":"tag-theatre"},"share_on_mastodon":{"url":"https:\/\/pubeurope.com\/@fr\/114831112745026667","error":""},"_links":{"self":[{"href":"https:\/\/www.europesays.com\/fr\/wp-json\/wp\/v2\/posts\/240991","targetHints":{"allow":["GET"]}}],"collection":[{"href":"https:\/\/www.europesays.com\/fr\/wp-json\/wp\/v2\/posts"}],"about":[{"href":"https:\/\/www.europesays.com\/fr\/wp-json\/wp\/v2\/types\/post"}],"author":[{"embeddable":true,"href":"https:\/\/www.europesays.com\/fr\/wp-json\/wp\/v2\/users\/2"}],"replies":[{"embeddable":true,"href":"https:\/\/www.europesays.com\/fr\/wp-json\/wp\/v2\/comments?post=240991"}],"version-history":[{"count":0,"href":"https:\/\/www.europesays.com\/fr\/wp-json\/wp\/v2\/posts\/240991\/revisions"}],"wp:featuredmedia":[{"embeddable":true,"href":"https:\/\/www.europesays.com\/fr\/wp-json\/wp\/v2\/media\/240992"}],"wp:attachment":[{"href":"https:\/\/www.europesays.com\/fr\/wp-json\/wp\/v2\/media?parent=240991"}],"wp:term":[{"taxonomy":"category","embeddable":true,"href":"https:\/\/www.europesays.com\/fr\/wp-json\/wp\/v2\/categories?post=240991"},{"taxonomy":"post_tag","embeddable":true,"href":"https:\/\/www.europesays.com\/fr\/wp-json\/wp\/v2\/tags?post=240991"}],"curies":[{"name":"wp","href":"https:\/\/api.w.org\/{rel}","templated":true}]}}