{"id":240993,"date":"2025-07-10T21:41:10","date_gmt":"2025-07-10T21:41:10","guid":{"rendered":"https:\/\/www.europesays.com\/fr\/240993\/"},"modified":"2025-07-10T21:41:10","modified_gmt":"2025-07-10T21:41:10","slug":"feux-dartifice-concerts-et-defile-du-14-juillet","status":"publish","type":"post","link":"https:\/\/www.europesays.com\/fr\/240993\/","title":{"rendered":"Feux d\u2019artifice, concerts et d\u00e9fil\u00e9 du 14\u00a0juillet"},"content":{"rendered":"<p>Comme chaque ann\u00e9e, les festivit\u00e9s seront nombreuses afin de c\u00e9l\u00e9brer comme il se doit le 14\u00a0juillet \u00e0 Paris et en \u00cele-de-France. D\u00e9couvrez le programme du d\u00e9fil\u00e9, du concert au pied de la tour Eiffel et des feux d\u2019artifice pr\u00e9vus dans la capitale pour la F\u00eate Nationale.<\/p>\n<p>Le d\u00e9fil\u00e9 du 14\u00a0juillet, de retour sur les Champs-\u00c9lys\u00e9es<\/p>\n<p>Ce lundi, le spectacle d\u00e9marrera \u00e9videmment sur la plus belle avenue du monde avec le c\u00e9l\u00e8bre d\u00e9fil\u00e9 militaire. Apr\u00e8s avoir \u00e9t\u00e9 d\u00e9localis\u00e9e l\u2019an dernier sur l\u2019avenue Foch en raison des <a href=\"https:\/\/www.20minutes.fr\/sport\/jo\/\" class=\"color-ultramarine c-link\" target=\"_blank\" rel=\"noopener\">Jeux Olympiques<\/a>, la c\u00e9r\u00e9monie se tiendra d\u00e8s 10 heures dans son cadre traditionnel. Sous les yeux du public et du pr\u00e9sident de la R\u00e9publique, une parade sera mise en place afin d\u2019effectuer le plus grand d\u00e9fil\u00e9 militaire d\u2019<a href=\"https:\/\/www.20minutes.fr\/dossier\/europe\" class=\"color-ultramarine c-link\" target=\"_blank\" rel=\"noopener\">Europe<\/a>. On retrouvera les forces arm\u00e9es fran\u00e7aises, dans les airs (10h30) et au sol. Les unit\u00e9s \u00e9trang\u00e8res seront aussi invit\u00e9es \u00e0 d\u00e9filer.<\/p>\n<p>L\u2019<a href=\"https:\/\/www.20minutes.fr\/dossier\/indonesie\" class=\"color-ultramarine c-link\" target=\"_blank\" rel=\"noopener\">Indon\u00e9sie<\/a> sera invit\u00e9e afin de comm\u00e9morer les 75 ans de ses relations diplomatiques avec la France. La th\u00e9matique en\u00a02025 est \u00e9galement le centenaire de l\u2019association \u00ab\u00a0La Flamme sous l\u2019Arc de Triomphe\u00a0\u00bb, qui est charg\u00e9e de raviver la flamme du Soldat Inconnu chaque soir depuis\u00a01923. Si vous comptez vous rendre sur place, sachez que la circulation est interdite de 6 heures \u00e0 14 heures, et le stationnement est proscrit \u00e0 partir de la veille au soir. Il est conseill\u00e9 d\u2019arriver sur place le plus t\u00f4t possible afin d\u2019avoir une meilleure visibilit\u00e9 et une place confortable.<\/p>\n<p class=\"mb-xxl@xs color-ultramarine font-weight-semi-bold@xs font-source-serif-pro heading-s@xs\">L\u2019acc\u00e8s \u00e0 ce contenu a \u00e9t\u00e9 bloqu\u00e9 afin de respecter votre choix de consentement<\/p>\n<p class=\"mb-m@xs text-l@xs\">En cliquant sur\u00ab J\u2019accepte \u00bb, vous acceptez le d\u00e9p\u00f4t de cookies par des services externes et aurez ainsi acc\u00e8s aux contenus de nos partenaires.<\/p>\n<p class=\"mb-xl@xs text-s@xs\">Plus d\u2019informations sur la page<a href=\"https:\/\/www.20minutes.fr\/gestion-cookies\" class=\"mx-xxs@xs color-ultramarine\" target=\"_blank\" rel=\"noopener\">Politique de gestion des cookies<\/a><\/p>\n<p>J\u2019accepteLe Br\u00e9sil s\u2019invite sous la tour Eiffel<\/p>\n<p>Apr\u00e8s le d\u00e9fil\u00e9, la f\u00eate se poursuivra le soir avec un concert aux couleurs br\u00e9siliennes, au pied de la <a href=\"https:\/\/www.20minutes.fr\/dossier\/tour_eiffel\" class=\"color-ultramarine c-link\" target=\"_blank\" rel=\"noopener\">tour Eiffel<\/a>. Il sera retransmis \u00e0 partir de 21h10 sur France 2. L\u2019Orchestre National de France, le Ch\u0153ur et la Ma\u00eetrise de Radio France offriront un programme en hommage au pays sud-am\u00e9ricain. Le concert se terminera par la <a href=\"https:\/\/www.20minutes.fr\/dossier\/marseillaise\" class=\"color-ultramarine c-link\" target=\"_blank\" rel=\"noopener\">Marseillaise<\/a>.<\/p>\n<p>\u00c0 23 heures, un millier de drones entreront en sc\u00e8ne, afin d\u2019accompagner le feu d\u2019artifice, sur le th\u00e8me du Br\u00e9sil, de la Seine, de Paris et de l&rsquo;amour. 60.000 spectateurs environ sont attendus.<\/p>\n","protected":false},"excerpt":{"rendered":"Comme chaque ann\u00e9e, les festivit\u00e9s seront nombreuses afin de c\u00e9l\u00e9brer comme il se doit le 14\u00a0juillet \u00e0 Paris&hellip;\n","protected":false},"author":2,"featured_media":240994,"comment_status":"","ping_status":"","sticky":false,"template":"","format":"standard","meta":{"footnotes":""},"categories":[1888],"tags":[11,38059,17445,1777,674,1011,27,662,12,626,1306,25],"class_list":{"0":"post-240993","1":"post","2":"type-post","3":"status-publish","4":"format-standard","5":"has-post-thumbnail","7":"category-paris","8":"tag-actualites","9":"tag-clichy-sous-bois","10":"tag-drancy","11":"tag-eu","12":"tag-europe","13":"tag-fr","14":"tag-france","15":"tag-ile-de-france","16":"tag-news","17":"tag-paris","18":"tag-regions","19":"tag-republique-francaise"},"share_on_mastodon":{"url":"https:\/\/pubeurope.com\/@fr\/114831116367796502","error":""},"_links":{"self":[{"href":"https:\/\/www.europesays.com\/fr\/wp-json\/wp\/v2\/posts\/240993","targetHints":{"allow":["GET"]}}],"collection":[{"href":"https:\/\/www.europesays.com\/fr\/wp-json\/wp\/v2\/posts"}],"about":[{"href":"https:\/\/www.europesays.com\/fr\/wp-json\/wp\/v2\/types\/post"}],"author":[{"embeddable":true,"href":"https:\/\/www.europesays.com\/fr\/wp-json\/wp\/v2\/users\/2"}],"replies":[{"embeddable":true,"href":"https:\/\/www.europesays.com\/fr\/wp-json\/wp\/v2\/comments?post=240993"}],"version-history":[{"count":0,"href":"https:\/\/www.europesays.com\/fr\/wp-json\/wp\/v2\/posts\/240993\/revisions"}],"wp:featuredmedia":[{"embeddable":true,"href":"https:\/\/www.europesays.com\/fr\/wp-json\/wp\/v2\/media\/240994"}],"wp:attachment":[{"href":"https:\/\/www.europesays.com\/fr\/wp-json\/wp\/v2\/media?parent=240993"}],"wp:term":[{"taxonomy":"category","embeddable":true,"href":"https:\/\/www.europesays.com\/fr\/wp-json\/wp\/v2\/categories?post=240993"},{"taxonomy":"post_tag","embeddable":true,"href":"https:\/\/www.europesays.com\/fr\/wp-json\/wp\/v2\/tags?post=240993"}],"curies":[{"name":"wp","href":"https:\/\/api.w.org\/{rel}","templated":true}]}}