{"id":240999,"date":"2025-07-10T21:44:18","date_gmt":"2025-07-10T21:44:18","guid":{"rendered":"https:\/\/www.europesays.com\/fr\/240999\/"},"modified":"2025-07-10T21:44:18","modified_gmt":"2025-07-10T21:44:18","slug":"ukraine-palestine-migrants-lessentiel-des-annonces-conjointes-demmanuel-macron-et-keir-starmer","status":"publish","type":"post","link":"https:\/\/www.europesays.com\/fr\/240999\/","title":{"rendered":"Ukraine, Palestine, migrants\u2026 L\u2019essentiel des annonces conjointes d\u2019Emmanuel Macron et Keir Starmer"},"content":{"rendered":"<p><a href=\"https:\/\/www.20minutes.fr\/monde\/ukraine\/\" target=\"_blank\" class=\"color-ultramarine c-link\" rel=\"noopener\">Guerre en Ukraine<\/a>, conflit au <a href=\"https:\/\/www.20minutes.fr\/monde\/conflit-proche-orient\/\" target=\"_blank\" class=\"color-ultramarine c-link\" rel=\"noopener\">Proche-Orient<\/a>, travers\u00e9e des <a href=\"https:\/\/www.20minutes.fr\/dossier\/migrants\" target=\"_blank\" class=\"color-ultramarine c-link\" rel=\"noopener\">migrants<\/a> dans la Manche\u2026 Des sujets \u00e9pineux et d\u2019importance ont \u00e9t\u00e9 abord\u00e9s par <a href=\"https:\/\/www.20minutes.fr\/politique\/emmanuel-macron\/\" target=\"_blank\" class=\"color-ultramarine c-link\" rel=\"noopener\">Emmanuel Macron<\/a> et <a href=\"https:\/\/www.20minutes.fr\/monde\/keir-starmer\/\" target=\"_blank\" class=\"color-ultramarine c-link\" rel=\"noopener\">Keir Starmer<\/a> ce jeudi lors d\u2019une conf\u00e9rence de presse commune. 20 Minutes vous r\u00e9sume les principales d\u00e9clarations du pr\u00e9sident fran\u00e7ais et du Premier ministre britannique.<\/p>\n<p>Faire pression sur la Russie<\/p>\n<p>Les deux dirigeants ont copr\u00e9sid\u00e9 une r\u00e9union par visioconf\u00e9rence de la \u00ab\u00a0coalition des pays volontaires\u00a0\u00bb, pr\u00eats \u00e0 garantir un futur cessez-le-feu entre Kiev et Moscou. Le quartier g\u00e9n\u00e9ral de cette coalition est op\u00e9rationnel \u00e0 Paris, a pr\u00e9cis\u00e9 le Premier ministre britannique.<\/p>\n<\/p>\n<p>Les deux dirigeants ont annonc\u00e9 \u00eatre pr\u00eats \u00e0 se confronter au pr\u00e9sident russe pour obtenir un cessez-le-feu en Ukraine. \u00ab\u00a0Nous devons r\u00e9orienter nos efforts vers la pr\u00e9paration de la paix, en for\u00e7ant <a href=\"https:\/\/www.20minutes.fr\/monde\/vladimir_poutine\/\" target=\"_blank\" class=\"color-ultramarine c-link\" rel=\"noopener\">Poutine<\/a> \u00e0 se rendre \u00e0 la table des n\u00e9gociations [\u2026]. Cette pression coordonn\u00e9e fera la diff\u00e9rence\u00a0\u00bb, a d\u00e9clar\u00e9 Keir Starmer.<\/p>\n<p>\u00ab\u00a0Il est extr\u00eamement important que nous organisions un soutien \u00e0 court terme [\u2026] et que nous intensifions ce soutien dans certains domaines\u00a0\u00bb, a affirm\u00e9 Emmanuel Macron. \u00ab\u00a0Nous avons clairement besoin de quelque chose de nouveau\u00a0\u00bb pour renforcer la \u00ab\u00a0pression exerc\u00e9e sur la <a href=\"https:\/\/www.20minutes.fr\/monde\/russie\/\" target=\"_blank\" class=\"color-ultramarine c-link\" rel=\"noopener\">Russie<\/a>\u00a0\u00bb, a-t-il insist\u00e9, \u00e9voquant des projets am\u00e9ricain et europ\u00e9en de nouvelles sanctions.<\/p>\n<p>Une force conjointe<\/p>\n<p>La force exp\u00e9ditionnaire conjointe franco-britannique (CJEF), qui doit servir de socle \u00e0 une future force internationale de garantie d\u2019un cessez-le-feu en Ukraine, va voir ses effectifs renforc\u00e9s pour atteindre \u00ab\u00a0jusqu\u2019\u00e0 50.000 hommes\u00a0\u00bb mobilisables \u00ab\u00a0dans un engagement majeur\u00a0\u00bb, a annonc\u00e9 le pr\u00e9sident fran\u00e7ais.<\/p>\n<p>\u00ab\u00a0Nous faisons passer cette force conjointe du niveau d\u2019une brigade \u00e0 celle d\u2019un corps d\u2019arm\u00e9e, c\u2019est-\u00e0-dire pouvant aller jusqu\u2019\u00e0 50.000 hommes, capables d\u2019\u00eatre employ\u00e9s dans un engagement majeur\u00a0\u00bb et \u00ab\u00a0capable d\u2019agr\u00e9ger d\u2019autres partenaires europ\u00e9ens et d\u2019\u00eatre mis \u00e0 la disposition\u00a0\u00bb de l\u2019<a href=\"https:\/\/www.20minutes.fr\/monde\/otan\/\" target=\"_blank\" class=\"color-ultramarine c-link\" rel=\"noopener\">Otan<\/a>, a d\u00e9clar\u00e9 le chef de l\u2019Etat.<\/p>\n<p>\u00ab\u00a0Nous avons un plan qui est pr\u00eat \u00e0 \u00eatre mis en \u0153uvre et \u00e0 \u00eatre lanc\u00e9 dans les heures suivant la signature d\u2019un cessez-le-feu\u00a0\u00bb, a \u00e9galement dit Emmanuel Macron.<\/p>\n<p>Reconna\u00eetre l\u2019Etat palestinien<\/p>\n<p>Sur un tout autre sujet, le chef de l\u2019Etat a par ailleurs appel\u00e9 \u00e0 une reconnaissance commune de l\u2019Etat de <a href=\"https:\/\/www.20minutes.fr\/monde\/palestine\/\" target=\"_blank\" class=\"color-ultramarine c-link\" rel=\"noopener\">Palestine<\/a> par la France et le Royaume-Uni, \u00ab\u00a0seule\u00a0\u00bb voie \u00ab\u00a0conforme \u00e0 une perspective de paix\u00a0\u00bb entre <a href=\"https:\/\/www.20minutes.fr\/monde\/israel\/\" target=\"_blank\" class=\"color-ultramarine c-link\" rel=\"noopener\">Isra\u00ebl<\/a> et les Palestiniens.<\/p>\n<p>\u00ab\u00a0Je crois \u00e0 l\u2019avenir de la solution \u00e0 deux \u00c9tats [\u2026] qui permettra \u00e0 Isra\u00ebl de vivre en paix et en s\u00e9curit\u00e9 avec ses voisins. Je crois \u00e0 la n\u00e9cessit\u00e9 d\u2019unir nos voix \u00e0 Paris, \u00e0 Londres, et partout ailleurs pour reconna\u00eetre un Etat de Palestine et initier cette dynamique politique qui est la seule conforme \u00e0 une perspective de paix\u00a0\u00bb, a d\u00e9clar\u00e9 le pr\u00e9sident fran\u00e7ais.<\/p>\n<p>Un accord sur les travers\u00e9es de la Manche<\/p>\n<p>En marge de cette visioconf\u00e9rence, le Premier ministre britannique a aussi annonc\u00e9 un accord pilote pour un \u00e9change de migrants avec la France, qui doit entrer en vigueur dans les \u00ab\u00a0prochaines semaines\u00a0\u00bb.<\/p>\n<p><a href=\"https:\/\/www.20minutes.fr\/politique\/emmanuel-macron\/\" target=\"_blank\" class=\"c-link c-btn c-btn--primary\" rel=\"noopener\">Tous nos articles sur Emmanuel Macron<\/a><\/p>\n<p>\u00ab\u00a0J\u2019ai le plaisir d\u2019annoncer aujourd\u2019hui notre accord sur un projet pilote in\u00e9dit\u00a0: pour la premi\u00e8re fois, les migrants arrivant par petits bateaux seront arr\u00eat\u00e9s puis renvoy\u00e9s rapidement en France\u00a0\u00bb, a d\u00e9clar\u00e9 le dirigeant travailliste, ajoutant qu&rsquo;\u00ab\u00a0en \u00e9change de chaque retour, un individu diff\u00e9rent pourra venir via un itin\u00e9raire contr\u00f4l\u00e9 et l\u00e9gal\u00a0\u00bb.<\/p>\n<p>Seuls les individus \u00ab\u00a0qui n\u2019ont pas essay\u00e9 d\u2019entrer ill\u00e9galement au Royaume-Uni\u00a0\u00bb seront \u00e9ligibles pour cet \u00e9change, a pr\u00e9cis\u00e9 Keir Starmer, tandis qu\u2019Emmanuel Macron a d\u00e9plor\u00e9 une \u00ab\u00a0incitation\u00a0\u00bb \u00e0 traverser la Manche depuis le <a href=\"https:\/\/www.20minutes.fr\/monde\/brexit\/\" target=\"_blank\" class=\"color-ultramarine c-link\" rel=\"noopener\">Brexit<\/a> en\u00a02020.<\/p>\n","protected":false},"excerpt":{"rendered":"Guerre en Ukraine, conflit au Proche-Orient, travers\u00e9e des migrants dans la Manche\u2026 Des sujets \u00e9pineux et d\u2019importance ont&hellip;\n","protected":false},"author":2,"featured_media":241000,"comment_status":"","ping_status":"","sticky":false,"template":"","format":"standard","meta":{"footnotes":""},"categories":[1590],"tags":[47,11,1073,1777,674,131,664,2581,1251,74,12,3518,473,132,220,135,134],"class_list":{"0":"post-240999","1":"post","2":"type-post","3":"status-publish","4":"format-standard","5":"has-post-thumbnail","7":"category-ukraine","8":"tag-actualite","9":"tag-actualites","10":"tag-emmanuel-macron","11":"tag-eu","12":"tag-europe","13":"tag-guerre-en-ukraine","14":"tag-israel","15":"tag-keir-starmer","16":"tag-migrants","17":"tag-monde","18":"tag-news","19":"tag-palestine","20":"tag-royaume-uni","21":"tag-russie","22":"tag-ukraine","23":"tag-vladimir-poutine","24":"tag-volodymyr-zelensky"},"share_on_mastodon":{"url":"https:\/\/pubeurope.com\/@fr\/114831129392594533","error":""},"_links":{"self":[{"href":"https:\/\/www.europesays.com\/fr\/wp-json\/wp\/v2\/posts\/240999","targetHints":{"allow":["GET"]}}],"collection":[{"href":"https:\/\/www.europesays.com\/fr\/wp-json\/wp\/v2\/posts"}],"about":[{"href":"https:\/\/www.europesays.com\/fr\/wp-json\/wp\/v2\/types\/post"}],"author":[{"embeddable":true,"href":"https:\/\/www.europesays.com\/fr\/wp-json\/wp\/v2\/users\/2"}],"replies":[{"embeddable":true,"href":"https:\/\/www.europesays.com\/fr\/wp-json\/wp\/v2\/comments?post=240999"}],"version-history":[{"count":0,"href":"https:\/\/www.europesays.com\/fr\/wp-json\/wp\/v2\/posts\/240999\/revisions"}],"wp:featuredmedia":[{"embeddable":true,"href":"https:\/\/www.europesays.com\/fr\/wp-json\/wp\/v2\/media\/241000"}],"wp:attachment":[{"href":"https:\/\/www.europesays.com\/fr\/wp-json\/wp\/v2\/media?parent=240999"}],"wp:term":[{"taxonomy":"category","embeddable":true,"href":"https:\/\/www.europesays.com\/fr\/wp-json\/wp\/v2\/categories?post=240999"},{"taxonomy":"post_tag","embeddable":true,"href":"https:\/\/www.europesays.com\/fr\/wp-json\/wp\/v2\/tags?post=240999"}],"curies":[{"name":"wp","href":"https:\/\/api.w.org\/{rel}","templated":true}]}}