{"id":241005,"date":"2025-07-10T21:47:21","date_gmt":"2025-07-10T21:47:21","guid":{"rendered":"https:\/\/www.europesays.com\/fr\/241005\/"},"modified":"2025-07-10T21:47:21","modified_gmt":"2025-07-10T21:47:21","slug":"friedrich-merz-confiant-dans-la-conclusion-dun-accord-commercial-entre-lue-et-les-etats-unis","status":"publish","type":"post","link":"https:\/\/www.europesays.com\/fr\/241005\/","title":{"rendered":"Friedrich Merz confiant dans la conclusion d&rsquo;un accord commercial entre l&rsquo;UE et les \u00c9tats-Unis"},"content":{"rendered":"<p>\n                    Publi\u00e9 le                 10\/07\/2025 &#8211; 6:18 UTC+2\u2022Mis \u00e0 jour<br \/>\n                                     14:02<\/p>\n<p><img decoding=\"async\" class=\"c-ad__placeholder__logo\" src=\"https:\/\/static.euronews.com\/website\/images\/logos\/logo-euronews-grey-6-180x22.svg\" width=\"180\" height=\"22\" alt=\"\" loading=\"lazy\"\/>PUBLICIT\u00c9<\/p>\n<p>Le chancelier allemand Friedrich Merz s&rsquo;est dit \u00ab\u00a0<strong>prudemment optimiste<\/strong>\u00a0\u00bb quant \u00e0 la conclusion d&rsquo;un accord commercial entre l&rsquo;Union europ\u00e9enne et les \u00c9tats-Unis dans les prochains jours, ou \u00ab\u00a0<strong>d&rsquo;ici la fin du mois au plus tard<\/strong>\u00ab\u00a0.<\/p>\n<p>M. Merz a \u00e9galement d\u00e9clar\u00e9 aux l\u00e9gislateurs du Bundestag mercredi : \u00ab\u00a0Je suis moi-m\u00eame en contact \u00e9troit avec le gouvernement am\u00e9ricain, le pr\u00e9sident et la Commission europ\u00e9enne.\u00a0\u00bb<\/p>\n<p>Merz a d\u00e9clar\u00e9 que l&rsquo;objectif est de parvenir \u00e0 un accord \u00ab\u00a0le plus rapidement possible qui lie le commerce mutuel entre les \u00c9tats-Unis et l&rsquo;Union europ\u00e9enne avec les tarifs douaniers les plus bas possibles\u00a0\u00bb.<\/p>\n<p>La pause du pr\u00e9sident Trump sur les \u00ab\u00a0<strong>tarifs r\u00e9ciproques<\/strong>\u00a0\u00bb devant prendre fin le 1er ao\u00fbt, l&rsquo;administration am\u00e9ricaine a commenc\u00e9 \u00e0 envoyer des lettres \u00e0 ses partenaires commerciaux, les informant des droits de douane qui seront appliqu\u00e9s \u00e0 leurs exportations am\u00e9ricaines.<\/p>\n<p>Jusqu&rsquo;\u00e0 pr\u00e9sent, Washington n&rsquo;a obtenu des cadres commerciaux qu&rsquo;avec le Royaume-Uni, le Vi\u00eat Nam et la Chine. Plus d&rsquo;une douzaine d&rsquo;autres pays ont re\u00e7u des lettres indiquant les taux de droits de douane, notamment l&rsquo;Afrique du Sud, la Cor\u00e9e du Sud et le Japon. L&rsquo;UE n&rsquo;a pas encore sign\u00e9 de cadre commercial avec les \u00c9tats-Unis ni re\u00e7u de lettre.<\/p>\n<p>Le pr\u00e9sident Trump a d\u00e9clar\u00e9 mardi que l&rsquo;administration \u00ab\u00a0<strong>peut conclure beaucoup plus d&rsquo;accords<\/strong>\u00ab\u00a0, mais a affirm\u00e9 : \u00ab\u00a0Cela prend trop de temps. Cela rend les choses plus compliqu\u00e9es. Et nous pouvons aussi faire des choses au fil des ans\u00a0\u00bb. M. Trump d\u00e9fendait son utilisation des lettres par rapport aux processus de n\u00e9gociation plus traditionnels.<\/p>\n<p>Le pr\u00e9sident am\u00e9ricain avait menac\u00e9 d&rsquo;imposer des droits de douane allant jusqu&rsquo;\u00e0 50 % sur les produits de l&rsquo;UE envoy\u00e9s aux \u00c9tats-Unis, mais il semble d\u00e9sormais que Bruxelles puisse se contenter de droits de douane de 10 %.<\/p>\n<p>Outre les droits de douane dits \u00ab\u00a0<strong>de r\u00e9torsion<\/strong>\u00ab\u00a0, l&rsquo;Union europ\u00e9enne est \u00e9galement confront\u00e9e \u00e0 des droits de douane de 25 % sur les automobiles et les pi\u00e8ces d\u00e9tach\u00e9es envoy\u00e9es aux \u00c9tats-Unis, ainsi qu&rsquo;\u00e0 des droits de douane de 50 % sur les exportations d&rsquo;acier et d&rsquo;aluminium. Les deux parties cherchent \u00e0 pr\u00e9sent \u00e0 obtenir des d\u00e9rogations afin d&rsquo;att\u00e9nuer l&rsquo;impact sur certaines industries.<\/p>\n<p>Les droits de douane sur les marchandises envoy\u00e9es aux \u00c9tats-Unis devraient frapper durement l&rsquo;Allemagne, car les \u00c9tats-Unis restent la principale destination des exportations allemandes.<\/p>\n<p>L&rsquo;\u00e9conomie peine \u00e9galement \u00e0 retrouver ses marques apr\u00e8s la flamb\u00e9e des prix de l&rsquo;\u00e9nergie en Europe et la pand\u00e9mie de COVID-19, entrav\u00e9e par des infrastructures vieillissantes, une bureaucratie excessive et une faible productivit\u00e9.<\/p>\n<p>Contrairement au ton qu&rsquo;il a adopt\u00e9 \u00e0 l&rsquo;\u00e9gard du Royaume-Uni, M. Trump s&rsquo;est montr\u00e9 plus hostile \u00e0 l&rsquo;\u00e9gard de l&rsquo;UE durant le processus de n\u00e9gociation. Il a notamment qualifi\u00e9 le bloc de \u00ab\u00a0<strong>m\u00e9chant<\/strong>\u00a0\u00bb et affirm\u00e9 qu&rsquo;il avait \u00e9t\u00e9 form\u00e9 pour \u00ab\u00a0<strong>flouer les \u00c9tats-Unis<\/strong>\u00ab\u00a0.<\/p>\n","protected":false},"excerpt":{"rendered":"Publi\u00e9 le 10\/07\/2025 &#8211; 6:18 UTC+2\u2022Mis \u00e0 jour 14:02 PUBLICIT\u00c9 Le chancelier allemand Friedrich Merz s&rsquo;est dit \u00ab\u00a0prudemment&hellip;\n","protected":false},"author":2,"featured_media":241006,"comment_status":"","ping_status":"","sticky":false,"template":"","format":"standard","meta":{"footnotes":""},"categories":[1587],"tags":[11,672,1804,1805,1803,2388,1866,1777,674,4710,1801,12,1802,35266,364],"class_list":{"0":"post-241005","1":"post","2":"type-post","3":"status-publish","4":"format-standard","5":"has-post-thumbnail","7":"category-allemagne","8":"tag-actualites","9":"tag-allemagne","10":"tag-bundesrepublik-deutschland","11":"tag-de","12":"tag-deutschland","13":"tag-droits-de-douane","14":"tag-etats-unis-damerique","15":"tag-eu","16":"tag-europe","17":"tag-friedrich-merz","18":"tag-germany","19":"tag-news","20":"tag-republique-federale-dallemagne","21":"tag-trump-et-ses-taxes","22":"tag-union-europeenne"},"share_on_mastodon":{"url":"https:\/\/pubeurope.com\/@fr\/114831139998972010","error":""},"_links":{"self":[{"href":"https:\/\/www.europesays.com\/fr\/wp-json\/wp\/v2\/posts\/241005","targetHints":{"allow":["GET"]}}],"collection":[{"href":"https:\/\/www.europesays.com\/fr\/wp-json\/wp\/v2\/posts"}],"about":[{"href":"https:\/\/www.europesays.com\/fr\/wp-json\/wp\/v2\/types\/post"}],"author":[{"embeddable":true,"href":"https:\/\/www.europesays.com\/fr\/wp-json\/wp\/v2\/users\/2"}],"replies":[{"embeddable":true,"href":"https:\/\/www.europesays.com\/fr\/wp-json\/wp\/v2\/comments?post=241005"}],"version-history":[{"count":0,"href":"https:\/\/www.europesays.com\/fr\/wp-json\/wp\/v2\/posts\/241005\/revisions"}],"wp:featuredmedia":[{"embeddable":true,"href":"https:\/\/www.europesays.com\/fr\/wp-json\/wp\/v2\/media\/241006"}],"wp:attachment":[{"href":"https:\/\/www.europesays.com\/fr\/wp-json\/wp\/v2\/media?parent=241005"}],"wp:term":[{"taxonomy":"category","embeddable":true,"href":"https:\/\/www.europesays.com\/fr\/wp-json\/wp\/v2\/categories?post=241005"},{"taxonomy":"post_tag","embeddable":true,"href":"https:\/\/www.europesays.com\/fr\/wp-json\/wp\/v2\/tags?post=241005"}],"curies":[{"name":"wp","href":"https:\/\/api.w.org\/{rel}","templated":true}]}}