{"id":241009,"date":"2025-07-10T21:49:10","date_gmt":"2025-07-10T21:49:10","guid":{"rendered":"https:\/\/www.europesays.com\/fr\/241009\/"},"modified":"2025-07-10T21:49:10","modified_gmt":"2025-07-10T21:49:10","slug":"lue-debloque-23-milliards-deuros","status":"publish","type":"post","link":"https:\/\/www.europesays.com\/fr\/241009\/","title":{"rendered":"l&rsquo;UE d\u00e9bloque 2,3 milliards d&rsquo;euros"},"content":{"rendered":"<p>\u00c0 l&rsquo;occasion de la quatri\u00e8me conf\u00e9rence annuelle sur la construction de l&rsquo;Ukraine qui s&rsquo;est ouverte ce jeudi \u00e0 Rome, l&rsquo;UE a annonc\u00e9 d\u00e9bloquer une aide de 2,3 milliards d&rsquo;euros pour soutenir la relance du pays.<\/p>\n<p>L\u2019\u00e9v\u00e9nement de deux jours, organis\u00e9e conjointement par l&rsquo;Italie et l&rsquo;Ukraine vise \u00e0 mobiliser les investisseurs priv\u00e9s et institutionnels. La Premi\u00e8re ministre italienne, Giorgia Meloni et le pr\u00e9sident ukrainien Volodymyr Zelensky ont pr\u00e9sent\u00e9 la cr\u00e9ation d\u2019un nouveau fonds d\u2019investissement, reposant sur des partenariats public-priv\u00e9.<\/p>\n<p>Selon la dirigeante italienne, la conf\u00e9rence devrait permettre de finaliser des accords individuels de garanties et de subventions permettant de d\u00e9bloquer plus de 10 milliards d&rsquo;euros d&rsquo;investissements.<\/p>\n<p>Quatri\u00e8me conf\u00e9rence \u00e0 Rome<\/p>\n<p>La conf\u00e9rence comprend une s\u00e9rie de sessions politiques de haut niveau et de tables rondes ax\u00e9es sur la mani\u00e8re dont la politique, les entreprises et la coop\u00e9ration internationale peuvent contribuer \u00e0 une reprise durable. Un forum sur la reconstruction et une foire commerciale font \u00e9galement partie du programme.<\/p>\n<p>Selon la Banque mondiale, la reconstruction et le redressement co\u00fbteront 524 milliards de dollars au cours des dix prochaines ann\u00e9es.<\/p>\n<p>Quelque 3 500 personnes participent \u00e0 l&rsquo;\u00e9v\u00e9nement, parmi lesquels de nombreux dirigeants politiques, notamment la pr\u00e9sidente de la Commission europ\u00e9enne Ursula von der Leyen et le chancelier allemand Friedrich Merz.<\/p>\n<p>Les \u00c9tats-Unis seront repr\u00e9sent\u00e9s par leur envoy\u00e9 sp\u00e9cial pour l&rsquo;Ukraine et la Russie, Keith Kellogg.<\/p>\n<p>Plus de 2 000 entreprises devraient participer \u00e0 la conf\u00e9rence, ainsi que des repr\u00e9sentants de la soci\u00e9t\u00e9 civile.<\/p>\n<p>Sur le terrain en Ukraine, les combats se poursuivent. <a href=\"https:\/\/fr.news.yahoo.com\/nouvelle-attaque-russe-dampleur-%C3%A0-105711201.html\" data-ylk=\"slk:Au moins deux personnes ont \u00e9t\u00e9 tu\u00e9es et 16 autres bless\u00e9es;elm:context_link;itc:0;sec:content-canvas;outcm:mb_qualified_link;_E:mb_qualified_link;ct:story;\" class=\"link  yahoo-link\" target=\"_blank\" rel=\"noopener\"><strong>Au moins deux personnes ont \u00e9t\u00e9 tu\u00e9es et 16 autres bless\u00e9es<\/strong><\/a> dans la nuit de jeudi \u00e0 vendredi \u00e0 Kyiv dans une attaque massive de la Russie.<\/p>\n","protected":false},"excerpt":{"rendered":"\u00c0 l&rsquo;occasion de la quatri\u00e8me conf\u00e9rence annuelle sur la construction de l&rsquo;Ukraine qui s&rsquo;est ouverte ce jeudi \u00e0&hellip;\n","protected":false},"author":2,"featured_media":241010,"comment_status":"","ping_status":"","sticky":false,"template":"","format":"standard","meta":{"footnotes":""},"categories":[1586],"tags":[11,1777,674,1779,1011,27,3044,5493,34356,2489,12,25,1778,364,134],"class_list":{"0":"post-241009","1":"post","2":"type-post","3":"status-publish","4":"format-standard","5":"has-post-thumbnail","7":"category-europe","8":"tag-actualites","9":"tag-eu","10":"tag-europe","11":"tag-european-union","12":"tag-fr","13":"tag-france","14":"tag-giorgia-meloni","15":"tag-lukraine","16":"tag-la-construction","17":"tag-la-russie","18":"tag-news","19":"tag-republique-francaise","20":"tag-ue","21":"tag-union-europeenne","22":"tag-volodymyr-zelensky"},"share_on_mastodon":{"url":"https:\/\/pubeurope.com\/@fr\/114831147915887582","error":""},"_links":{"self":[{"href":"https:\/\/www.europesays.com\/fr\/wp-json\/wp\/v2\/posts\/241009","targetHints":{"allow":["GET"]}}],"collection":[{"href":"https:\/\/www.europesays.com\/fr\/wp-json\/wp\/v2\/posts"}],"about":[{"href":"https:\/\/www.europesays.com\/fr\/wp-json\/wp\/v2\/types\/post"}],"author":[{"embeddable":true,"href":"https:\/\/www.europesays.com\/fr\/wp-json\/wp\/v2\/users\/2"}],"replies":[{"embeddable":true,"href":"https:\/\/www.europesays.com\/fr\/wp-json\/wp\/v2\/comments?post=241009"}],"version-history":[{"count":0,"href":"https:\/\/www.europesays.com\/fr\/wp-json\/wp\/v2\/posts\/241009\/revisions"}],"wp:featuredmedia":[{"embeddable":true,"href":"https:\/\/www.europesays.com\/fr\/wp-json\/wp\/v2\/media\/241010"}],"wp:attachment":[{"href":"https:\/\/www.europesays.com\/fr\/wp-json\/wp\/v2\/media?parent=241009"}],"wp:term":[{"taxonomy":"category","embeddable":true,"href":"https:\/\/www.europesays.com\/fr\/wp-json\/wp\/v2\/categories?post=241009"},{"taxonomy":"post_tag","embeddable":true,"href":"https:\/\/www.europesays.com\/fr\/wp-json\/wp\/v2\/tags?post=241009"}],"curies":[{"name":"wp","href":"https:\/\/api.w.org\/{rel}","templated":true}]}}