{"id":241017,"date":"2025-07-10T21:55:12","date_gmt":"2025-07-10T21:55:12","guid":{"rendered":"https:\/\/www.europesays.com\/fr\/241017\/"},"modified":"2025-07-10T21:55:12","modified_gmt":"2025-07-10T21:55:12","slug":"une-recrue-du-club-entend-bien-faire-taire-les-gens-et-les-critiques","status":"publish","type":"post","link":"https:\/\/www.europesays.com\/fr\/241017\/","title":{"rendered":"une recrue du club entend bien faire \u00ab taire les gens \u00bb et les critiques !"},"content":{"rendered":"<p>Il a connu des mois d\u00e9licats. Cette saison, Georges-Henri Colombe est pass\u00e9 par toutes les \u00e9motions. Auteur d\u2019un d\u00e9but de saison correct, le pilier droit avait disput\u00e9 la tourn\u00e9e de novembre avec le XV de France, r\u00e9alisant notamment une belle performance face aux All Blacks. En fin de contrat avec le Stade Rochelais, il a d\u00e9cid\u00e9 assez t\u00f4t de quitter le club pour rejoindre le Stade Toulousain.<\/p>\n<p>De quoi provoquer la col\u00e8re de Ronan O\u2019Gara, d\u00e9\u00e7u par son choix et ses performances. D\u00e8s lors, l\u2019ancien du Racing n\u2019a fait que reculer dans la hi\u00e9rarchie \u00e0 son poste et a pass\u00e9 les derni\u00e8res semaines de la saison au placard. Retenu quand m\u00eame pour la tourn\u00e9e en Nouvelle-Z\u00e9lande, il sera titulaire ce samedi pour le deuxi\u00e8me test-match, avec la ferme intention de se relancer.<\/p>\n<p>Colombe veut faire \u00ab\u00a0taire les gens qui disent que je ne suis qu\u2019un potentiel\u00a0\u00bb<\/p>\n<p>Alors qu\u2019il a longtemps \u00e9t\u00e9 consid\u00e9r\u00e9 comme l\u2019un des plus grands potentiels en tant que pilier droit, un poste qui manque de r\u00e9servoir, Georges-Henri Colombe esp\u00e8re faire taire les critiques, comme il l\u2019a confi\u00e9 \u00e0 <a href=\"https:\/\/www.sudouest.fr\/sport\/rugby\/xv-de-france\/all-blacks-france-georges-henri-colombe-faire-taire-les-gens-qui-disent-que-je-ne-suis-qu-un-potentiel-25195557.php\" rel=\"nofollow noopener\" target=\"_blank\">Sud-Ouest.<\/a><\/p>\n<blockquote>\n<p>\u00ab\u00a0Je l\u2019entends depuis que j\u2019ai 12\u00a0ans. Je m\u2019y suis fait et je m\u2019efforce de travailler. J\u2019essaie de faire taire les gens qui disent que je ne suis qu\u2019un potentiel. Voil\u00e0 tout. Je fais mon petit bonhomme de chemin. Je ne me pose pas de question.\u00a0\u00bb<\/p>\n<\/blockquote>\n<p>Pour autant, la recrue toulousaine estime que les critiques peuvent lui servir pour sa progression\u00a0: \u00ab\u00a0 \u2019\u00e9coute, je prends tout ce que j\u2019ai \u00e0 prendre. Je travaille en silence. Je suis quelqu\u2019un qui prend la vie comme elle vient\u00a0: je vis au jour le jour. J\u2019entends forc\u00e9ment ce qu\u2019on me dit et je le prends en compte. Mais j\u2019ai ma mani\u00e8re de travailler.\u00a0\u00bb A la rentr\u00e9e, le pilier droit tentera de bousculer la hi\u00e9rarchie au Stade Toulousain et de s\u2019imposer devant Aldegheri ou Merkler.<\/p>\n<p>Partagez cette info avec vos amis et vos proches en cliquant ici<br \/>Pour r\u00e9sumer<\/p>\n<p>Une recrue du Stade Toulousain, actuellement en tourn\u00e9e avec le XV de France en Nouvelle-Z\u00e9lande, veut changer de dynamique et faire taire les critiques apr\u00e8s des mois d\u00e9licats. Georges-Henri Colombe aura l&rsquo;occasion de se montrer ce samedi.<\/p>\n<p> <img decoding=\"async\" width=\"76\" height=\"76\" loading=\"lazy\" src=\"https:\/\/www.europesays.com\/fr\/wp-content\/uploads\/2025\/04\/avatar-quinze.png\" alt=\"Arnaud D\u00e9chelotte\"\/><\/p>\n","protected":false},"excerpt":{"rendered":"Il a connu des mois d\u00e9licats. Cette saison, Georges-Henri Colombe est pass\u00e9 par toutes les \u00e9motions. Auteur d\u2019un&hellip;\n","protected":false},"author":2,"featured_media":241018,"comment_status":"","ping_status":"","sticky":false,"template":"","format":"standard","meta":{"footnotes":""},"categories":[1416],"tags":[1011,27,479,1468,60],"class_list":{"0":"post-241017","1":"post","2":"type-post","3":"status-publish","4":"format-standard","5":"has-post-thumbnail","7":"category-rugby","8":"tag-fr","9":"tag-france","10":"tag-rugby","11":"tag-rugby-football","12":"tag-sports"},"share_on_mastodon":{"url":"https:\/\/pubeurope.com\/@fr\/114831172078670274","error":""},"_links":{"self":[{"href":"https:\/\/www.europesays.com\/fr\/wp-json\/wp\/v2\/posts\/241017","targetHints":{"allow":["GET"]}}],"collection":[{"href":"https:\/\/www.europesays.com\/fr\/wp-json\/wp\/v2\/posts"}],"about":[{"href":"https:\/\/www.europesays.com\/fr\/wp-json\/wp\/v2\/types\/post"}],"author":[{"embeddable":true,"href":"https:\/\/www.europesays.com\/fr\/wp-json\/wp\/v2\/users\/2"}],"replies":[{"embeddable":true,"href":"https:\/\/www.europesays.com\/fr\/wp-json\/wp\/v2\/comments?post=241017"}],"version-history":[{"count":0,"href":"https:\/\/www.europesays.com\/fr\/wp-json\/wp\/v2\/posts\/241017\/revisions"}],"wp:featuredmedia":[{"embeddable":true,"href":"https:\/\/www.europesays.com\/fr\/wp-json\/wp\/v2\/media\/241018"}],"wp:attachment":[{"href":"https:\/\/www.europesays.com\/fr\/wp-json\/wp\/v2\/media?parent=241017"}],"wp:term":[{"taxonomy":"category","embeddable":true,"href":"https:\/\/www.europesays.com\/fr\/wp-json\/wp\/v2\/categories?post=241017"},{"taxonomy":"post_tag","embeddable":true,"href":"https:\/\/www.europesays.com\/fr\/wp-json\/wp\/v2\/tags?post=241017"}],"curies":[{"name":"wp","href":"https:\/\/api.w.org\/{rel}","templated":true}]}}