{"id":241021,"date":"2025-07-10T21:58:15","date_gmt":"2025-07-10T21:58:15","guid":{"rendered":"https:\/\/www.europesays.com\/fr\/241021\/"},"modified":"2025-07-10T21:58:15","modified_gmt":"2025-07-10T21:58:15","slug":"dans-une-autre-situation-jaurais-prefere-me-reposer","status":"publish","type":"post","link":"https:\/\/www.europesays.com\/fr\/241021\/","title":{"rendered":"Dans une autre situation, j&rsquo;aurais pr\u00e9f\u00e9r\u00e9 me reposer"},"content":{"rendered":"<p>Moins de deux semaines apr\u00e8s sa fracture de la main gauche, <a href=\"https:\/\/fr.motorsport.com\/driver\/alex-marquez\/96324\/\" target=\"_blank\" rel=\"noopener\">\u00c1lex M\u00e1rquez<\/a> sera de retour sur sa moto au Sachsenring. Apr\u00e8s un contact avec <a href=\"https:\/\/fr.motorsport.com\/driver\/pedro-acosta\/840236\/\" target=\"_blank\" rel=\"noopener\">Pedro Acosta<\/a> \u00e0 Assen, l&rsquo;Espagnol a chut\u00e9 et souffrait d&rsquo;une fracture sous-capitale du deuxi\u00e8me m\u00e9tacarpien de la main gauche, pour laquelle il a \u00e9t\u00e9 op\u00e9r\u00e9 d\u00e8s le dimanche soir.<\/p>\n<p>Ce jeudi, la visite m\u00e9dicale lass\u00e9e en Allemagne lui a donn\u00e9 le feu vert pour prendre la piste vendredi, mais il devra \u00eatre une nouvelle fois \u00eatre examin\u00e9 \u00e0 l&rsquo;issue des EL1. Le cadet des M\u00e1rquez ne semble pas tr\u00e8s inquiet, estimant qu&rsquo;il pourra rouler&#8230; tout en reconnaissant qu&rsquo;il serait probablement rest\u00e9 au repos s&rsquo;il n&rsquo;\u00e9tait pas actuellement deuxi\u00e8me du championnat.<\/p>\n<p>Lire aussi :<\/p>\n<p>Le pilote Gresini est \u00e9galement revenu sur les circonstances de la chute, confirmant que son frein gauche avait \u00e9t\u00e9 involontairement actionn\u00e9 par Acosta, et que c&rsquo;est en glissant dans l&rsquo;herbe qu&rsquo;il s&rsquo;est bless\u00e9 \u00e0 la main.<\/p>\n<p><strong>Comment te sens-tu ?<\/strong><\/p>\n<p>Pas mal, c&rsquo;est pour \u00e7a que je suis l\u00e0. Chez moi, c&rsquo;est difficile de simuler les forces que l&rsquo;on a sur une MotoGP mais je me sens plut\u00f4t bien, vu que c&rsquo;est la main gauche. Si c&rsquo;\u00e9tait la main droite, ce serait impossible de rouler \u2013 on l&rsquo;utilise beaucoup pour le frein avant \u2013 mais la gauche, je pense que c&rsquo;est possible. J&rsquo;ai pass\u00e9 l&rsquo;examen avec le Dr Charte. Pour le moment, le principal objectif est les EL1, pour voir comment mon corps r\u00e9agit. On d\u00e9cidera \u00e0 partir de l\u00e0 mais je me sens pr\u00eat \u00e0 faire tout le week-end, je suis l\u00e0 pour \u00e7a.<\/p>\n<p><strong>Est-ce que tu as roul\u00e9 sur une moto sportive\u00a0?<\/strong><\/p>\n<p>Non, je n&rsquo;ai pas \u00e9t\u00e9 autoris\u00e9 \u00e0 le faire jusqu&rsquo;\u00e0 maintenant parce qu&rsquo;on se sent mieux en ajoutant des jours [de repos].<\/p>\n<p>   <img decoding=\"async\" draggable=\"false\" src=\"https:\/\/www.europesays.com\/fr\/wp-content\/uploads\/2025\/07\/pedro-acosta-red-bull-ktm-fact.jpg\" alt=\"Pedro Acosta, Red Bull KTM Factory Racing, Alex Marquez, Gresini Racing\" width=\"1200\" height=\"800\" loading=\"lazy\"\/> <\/p>\n<p class=\"title\">Pedro Acosta et \u00c1lex M\u00e1rquez quelques instants avant la chute.<\/p>\n<p class=\"photographer\">Photo de: KTM Images<\/p>\n<p><strong>Es-tu de retour parce que tu es dans la lutte \u00e0 l&rsquo;avant\u00a0?<\/strong><\/p>\n<p>On dans une tr\u00e8s bonne situation au championnat. Ce n&rsquo;est pas une situation normale, je pense qu&rsquo;on est dans une situation incroyable par rapport \u00e0 ce que les gens attendaient, et nous aussi, avant le d\u00e9but de la saison. On est entre les deux Ducati officielles, on se bat avec un octuple champion du monde, Marc, et un triple champion du monde, Pecco. On est dans une tr\u00e8s bonne situation, mais ce n&rsquo;\u00e9tait pas r\u00e9aliste au d\u00e9but. Maintenant, nous sommes l\u00e0, nous voulons extraire le potentiel. Quand il y a de telles opportunit\u00e9s, il faut les saisir et avancer.<\/p>\n<p>C&rsquo;est comme \u00e7a, on se bat avec un octuple champion, Marc, c&rsquo;est super difficile. On est tr\u00e8s proches. On est devant Pecco donc c&rsquo;est super bien. C&rsquo;est pour \u00e7a que je suis l\u00e0. Dans une autre situation, comme l&rsquo;an dernier, j&rsquo;aurais pr\u00e9f\u00e9r\u00e9 me reposer, prendre le temps pour revenir. Mais quand on joue le championnat, on veut revenir.<\/p>\n<p><strong>Que s&rsquo;est-il pass\u00e9 dans la chute avec Acosta ?<\/strong><\/p>\n<p>Je pense que j&rsquo;ai juste \u00e9t\u00e9 un peu malchanceux. Je crois que son slider de genoux a touch\u00e9 mon frein avant, je ne sais pas quelle partie exactement. J&rsquo;\u00e9tais un peu en train de cabrer \u00e0 ce moment-l\u00e0 donc ma roue avant n&rsquo;avait plus de vitesse. En retombant, j&rsquo;ai totalement perdu l&rsquo;avant. Ce n&rsquo;est pas totalement \u00e0 cause du frein avant, aussi parce que la roue n&rsquo;avait pas de vitesse. En touchant le sol avec un peu d&rsquo;angle, on perd la moto.<\/p>\n<p>\u00a0<\/p>\n<p>Je pense que j&rsquo;ai manqu\u00e9 de chance. Je suis tomb\u00e9 sur le c\u00f4t\u00e9 droit mais je me suis fait mal \u00e0 gauche. Dans l&rsquo;herbe, il y avait un trou, quelque chose pour la pluie ou le vibreur, je ne sais pas, mais quelque chose m&rsquo;a percut\u00e9 de fa\u00e7on agressive sur la main. J&rsquo;ai imm\u00e9diatement senti que c&rsquo;\u00e9tait cass\u00e9 ou d\u00e9boit\u00e9, la sensation \u00e9tait un peu bizarre. J&rsquo;\u00e9tais d\u00e9j\u00e0 dans l&rsquo;herbe. J&rsquo;ai manqu\u00e9 de chance \u00e0 ce niveau.<\/p>\n<p>   <img decoding=\"async\" draggable=\"false\" src=\"https:\/\/www.europesays.com\/fr\/wp-content\/uploads\/2025\/07\/1752184694_160_alex-marquez-gresini-racing.jpg\" alt=\"Alex Marquez, Gresini Racing\" width=\"1200\" height=\"800\" loading=\"lazy\"\/> <\/p>\n<p class=\"title\">Le protection sur la main d&rsquo;\u00c1lex M\u00e1rquez ce jeudi.<\/p>\n<p class=\"photographer\">Photo de: Alexander Trienitz<\/p>\n<p><strong>Tu portes une protection&#8230; Vas-tu devoir rouler avec un bandage sp\u00e9cial sur la main ?<\/strong><\/p>\n<p>Ce que j&rsquo;ai actuellement, c&rsquo;est plus pour prot\u00e9ger, en cas de coup ou quelque chose comme \u00e7a, pour \u00e9viter un choc. Je me sens plut\u00f4t bien. Je vais essayer de mettre quelque chose dans le gant, Alpinestars m&rsquo;a d\u00e9j\u00e0 donn\u00e9 un gant plus grand, pour pouvoir mettre une protection \u00e0 l&rsquo;int\u00e9rieur. Je vais essayer sur la moto, diff\u00e9rents grips \u00e9galement, plus ou moins gros, et je verrai. Pour le moment, j&rsquo;ai d\u00e9j\u00e0 essay\u00e9 sur une moto standard chez moi. En m&rsquo;arr\u00eatant, les sensations \u00e9taient plut\u00f4t bonnes. Je ne pense pas que j&rsquo;aurai le moindre probl\u00e8me \u00e0 rouler.<\/p>\n<p><strong>As-tu une douleur ou un inconfort ?<\/strong><\/p>\n<p>La fracture ne provoque pas de douleur. Ils ont super bien fait \u00e7a. Le tendon est un peu rigide. C&rsquo;est ce qui me fait un peu mal, mais je n&rsquo;ai pas de douleur au niveau de la fracture, depuis le premier jour, et c&rsquo;est super bon.<\/p>\n<p>Lire aussi :<\/p>\n<\/p>\n<p>Dans cet article<\/p>\n<p>Soyez le premier inform\u00e9 et souscrivez aux alertes mails pour recevoir les infos en temps r\u00e9el<\/p>\n<p>    S&rsquo;abonner aux alertes de news<\/p>\n","protected":false},"excerpt":{"rendered":"Moins de deux semaines apr\u00e8s sa fracture de la main gauche, \u00c1lex M\u00e1rquez sera de retour sur sa&hellip;\n","protected":false},"author":2,"featured_media":241022,"comment_status":"","ping_status":"","sticky":false,"template":"","format":"standard","meta":{"footnotes":""},"categories":[1413],"tags":[1011,27,36254,3452,1457,1456,1458,36255,60,7896],"class_list":{"0":"post-241021","1":"post","2":"type-post","3":"status-publish","4":"format-standard","5":"has-post-thumbnail","7":"category-moto","8":"tag-fr","9":"tag-france","10":"tag-gp-dallemagne","11":"tag-gresini-racing","12":"tag-moto","13":"tag-motocycle","14":"tag-motogp","15":"tag-sachsenring","16":"tag-sports","17":"tag-u00c1lex-mu00e1rquez"},"share_on_mastodon":{"url":"https:\/\/pubeurope.com\/@fr\/114831183375630060","error":""},"_links":{"self":[{"href":"https:\/\/www.europesays.com\/fr\/wp-json\/wp\/v2\/posts\/241021","targetHints":{"allow":["GET"]}}],"collection":[{"href":"https:\/\/www.europesays.com\/fr\/wp-json\/wp\/v2\/posts"}],"about":[{"href":"https:\/\/www.europesays.com\/fr\/wp-json\/wp\/v2\/types\/post"}],"author":[{"embeddable":true,"href":"https:\/\/www.europesays.com\/fr\/wp-json\/wp\/v2\/users\/2"}],"replies":[{"embeddable":true,"href":"https:\/\/www.europesays.com\/fr\/wp-json\/wp\/v2\/comments?post=241021"}],"version-history":[{"count":0,"href":"https:\/\/www.europesays.com\/fr\/wp-json\/wp\/v2\/posts\/241021\/revisions"}],"wp:featuredmedia":[{"embeddable":true,"href":"https:\/\/www.europesays.com\/fr\/wp-json\/wp\/v2\/media\/241022"}],"wp:attachment":[{"href":"https:\/\/www.europesays.com\/fr\/wp-json\/wp\/v2\/media?parent=241021"}],"wp:term":[{"taxonomy":"category","embeddable":true,"href":"https:\/\/www.europesays.com\/fr\/wp-json\/wp\/v2\/categories?post=241021"},{"taxonomy":"post_tag","embeddable":true,"href":"https:\/\/www.europesays.com\/fr\/wp-json\/wp\/v2\/tags?post=241021"}],"curies":[{"name":"wp","href":"https:\/\/api.w.org\/{rel}","templated":true}]}}