{"id":241032,"date":"2025-07-10T22:05:12","date_gmt":"2025-07-10T22:05:12","guid":{"rendered":"https:\/\/www.europesays.com\/fr\/241032\/"},"modified":"2025-07-10T22:05:12","modified_gmt":"2025-07-10T22:05:12","slug":"tout-juste-elimine-emilien-deja-de-retour-dans-les-12-coups-de-midi-loccasion-de-revenir-pour","status":"publish","type":"post","link":"https:\/\/www.europesays.com\/fr\/241032\/","title":{"rendered":"Tout juste \u00e9limin\u00e9, \u00c9milien d\u00e9j\u00e0 de retour dans Les 12 coups de midi ? \u201cL\u2019occasion de revenir pour\u2026\u201d"},"content":{"rendered":"<p>Il ne vous aura pas \u00e9chapp\u00e9 qu\u2019<strong>\u00c9milien<\/strong>,<br \/>\nsympathique \u00e9tudiant en Histoire et grand champion des <strong>12<br \/>\ncoups de midi<\/strong>, a \u00e9t\u00e9 r\u00e9cemment \u00e9limin\u00e9. <strong>Apr\u00e8s plus<br \/>\nde 600 participations au jeu anim\u00e9 par Jean-Luc Reichmann<br \/>\n!<\/strong> Le jeune candidat a eu tout le temps de se familiariser<br \/>\navec les codes de la t\u00e9l\u00e9, de s\u00e9duire \u00e0 la fois auditoire et<br \/>\nt\u00e9l\u00e9spectateurs. <strong>Avec plus de 2 millions d\u2019euros de gain,<br \/>\n\u00c9milien est devenu le participant de jeu le plus identifi\u00e9 de<br \/>\nFrance.<\/strong> Depuis son \u00e9limination, en bonne et due forme, il<br \/>\nfait la tourn\u00e9e des grands ducs pour \u00e9voquer cette aventure dingue<br \/>\net les petits secrets des 12 coups de midi.<\/p>\n<p>\u00c9milien : un \u00e9tudiant en Histoire devenue<br \/>\nmultimillionnaire<\/p>\n<p>Septembre 2023, \u00c9milien fait sa premi\u00e8re apparition dans Les 12<br \/>\ncoups de midi sur TF1. L<strong>e public d\u00e9couvre cet \u00e9tudiant de<br \/>\n22 ans sans histoire, souvent accompagn\u00e9 de sa ch\u00e9rie, Jessica,<br \/>\ndans le public.<\/strong> \u00c9milien surprend par l\u2019\u00e9tendue<br \/>\ngargantuesque de ses connaissances. Plus tard, apr\u00e8s son<br \/>\n\u00e9limination, en interview, <a href=\"https:\/\/www.melty.fr\/tele\/emilien-les-12-coups-de-midi-devoile-sa-technique-secrete-quil-pratique-16-heures-par-jour-2237657.html\" rel=\"nofollow noopener\" target=\"_blank\"><br \/>\nil expliquera sa <strong>technique secr\u00e8te<\/strong> pour<br \/>\nemmagasiner autant de savoir<\/a> et muscler son cerveau en<br \/>\npermanence\u2026<\/p>\n<p>\u00c9milien encha\u00eene les victoires jusqu\u2019en juillet 2025.<br \/>\n<strong>Celui-ci a particip\u00e9 \u00e0 647 \u00e9missions des 12 coups de<br \/>\nmidi.<\/strong> Sa cagnotte, \u00e0 la fin de l\u00a0\u00bbaventure, s\u2019\u00e9l\u00e8ve \u00e0<br \/>\n<strong>2 566 931 \u20ac<\/strong> cumulant de l\u2019argent, des cadeaux et<br \/>\ndes voyages. \u00c9milien a fait p\u00e9ter le score dans le jeu mais<br \/>\n\u00e9galement pleuvoir les records. <strong>Le candidat a fait 193<br \/>\ncoups de ma\u00eetre, d\u00e9couvert pas moins de 23 \u00e9toiles<br \/>\nmyst\u00e9rieuses.<\/strong> Les spectateurs ont suivi avec passion son<br \/>\nitin\u00e9raire t\u00e9l\u00e9visuel.<\/p>\n<p>L\u2019improbable d\u00e9faite du candidat dans Les 12 coups de midi<\/p>\n<p>Depuis plusieurs semaines, voire mois, l\u2019ombre de l&rsquo;\u00e9limination<br \/>\ndu candidat-star des 12 coups de midi planait sur le jeu. Enfin,<br \/>\nsur les r\u00e9seaux sociaux surtout. <strong>Car l\u2019insider et<br \/>\njournaliste Cl\u00e9ment Garin alimentait \u00e9norm\u00e9ment les rumeurs autour<br \/>\nde la d\u00e9faite d\u2019\u00c9milien.<\/strong> Une fois, celui-ci a argu\u00e9 que<br \/>\nl\u2019\u00e9tudiant en Histoire allait perdre contre une \u00e9tudiante en<br \/>\nJournalisme. Sans succ\u00e8s. Puis une date fatidique a filtr\u00e9 :<br \/>\n<strong>le 6 juillet 2025<\/strong>. La fin d\u2019\u00c9milien ?<\/p>\n<p><strong>De fait, \u00c9milien <a href=\"https:\/\/www.melty.fr\/tele\/tout-juste-elimine-emilien-balance-sur-les-12-coups-de-midi-il-y-a-une-petite-deception-2247100.html\" rel=\"nofollow noopener\" target=\"_blank\"><br \/>\na bel et bien \u00e9t\u00e9 \u00e9vinc\u00e9 des 12 coups de midi ce dimanche 6 juillet<br \/>\n2025<\/a>.<\/strong> Le jeune homme a perdu face \u00e0 un nouveau<br \/>\ncandidat, <strong>Romain<\/strong>. Les deux adversaires se sont<br \/>\nretrouv\u00e9s face-\u00e0-face lors du fameux <strong>coup fatal<\/strong>.<br \/>\nUn duel de connaissance sur fond de chronom\u00e8tre \u00e9grenant une<br \/>\nminute. Chaque bonne r\u00e9ponse sauve du temps. Les mauvaises, par<br \/>\ncontre, laissent d\u00e9filer le chrono. <strong>\u00c9milien a perdu, il<br \/>\nrestait 20 secondes \u00e0 Romain.<\/strong><\/p>\n<p>Un retour d\u2019\u00c9milien dans le jeu anim\u00e9<br \/>\npar Jean-Luc Reichmann ?<\/p>\n<p>La d\u00e9faite d\u2019\u00c9milien, redout\u00e9e par ses fans, attendue du c\u00f4t\u00e9 de<br \/>\nses haters, est \u00e0 marquer d\u2019une pierre blanche.<br \/>\n<strong>L\u2019\u00e9tudiant en Histoire est devenu, en un an et demi,<br \/>\npresque deux ans, un visage familier de la t\u00e9l\u00e9vision<br \/>\nfran\u00e7aise.<\/strong> Comme l\u2019ind\u00e9boulonnable animateur Jean-Luc<br \/>\nReichmann, tous les midis, celui-ci s&rsquo;invite dans la cuisine ou le<br \/>\nsalon des t\u00e9l\u00e9spectateurs. Le but ? <strong>Divertir, voire<br \/>\nenrichir de ses connaissances un public toujours plus avide de<br \/>\ncomp\u00e9tition et de culture G.<\/strong> C\u2019est la fin d\u2019un r\u00e8gne de<br \/>\nmidi, une page t\u00e9l\u00e9visuelle se tourne.<\/p>\n<p>Peut-\u00eatre pas\u2026 L\u2019histoire est plus complexe. \u00c9milien, qui<br \/>\nencha\u00eene les interviews depuis son \u00e9limination, laisse<br \/>\nsous-entendre qu\u2019il pourrait revenir prochainement dans Les 12<br \/>\ncoups de midi. \u201cJe pense qu\u2019effectivement, \u00e7a va me<br \/>\nmanquer.\u201d, raconte le perdant dans un entretien accord\u00e9 \u00e0<br \/>\n<strong>Ouest-France<\/strong>. \u201cC\u2019est toujours particulier de<br \/>\nmettre un terme \u00e0 une aventure comme celle-l\u00e0.\u201d Avant<br \/>\nd\u2019ajouter : \u201c<strong>Je sais d\u00e9j\u00e0 que j\u2019aurai tr\u00e8s probablement<br \/>\nl\u2019occasion de revenir pour des primes ou des \u00e9missions<br \/>\nsp\u00e9ciales.<\/strong>\u201d Ah ! Effectivement, ce ne serait pas la<br \/>\npremi\u00e8re fois qu\u2019on ancien ma\u00eetre de midi vienne faire un petit<br \/>\ncoucou au public et \u00e0 Jean-Luc Reichmann. Vous reprendrez bien un<br \/>\npetit cours avec \u00c9milien ? Quand ? Bient\u00f4t\u2026?<\/p>\n","protected":false},"excerpt":{"rendered":"Il ne vous aura pas \u00e9chapp\u00e9 qu\u2019\u00c9milien, sympathique \u00e9tudiant en Histoire et grand champion des 12 coups de&hellip;\n","protected":false},"author":2,"featured_media":241033,"comment_status":"","ping_status":"","sticky":false,"template":"","format":"standard","meta":{"footnotes":""},"categories":[1356],"tags":[905,58,59,1011,27,466,252,1364],"class_list":{"0":"post-241032","1":"post","2":"type-post","3":"status-publish","4":"format-standard","5":"has-post-thumbnail","7":"category-television","8":"tag-a-la-une-melty","9":"tag-divertissement","10":"tag-entertainment","11":"tag-fr","12":"tag-france","13":"tag-les-12-coups-de-midi","14":"tag-television","15":"tag-tv"},"share_on_mastodon":{"url":"https:\/\/pubeurope.com\/@fr\/114831210854824285","error":""},"_links":{"self":[{"href":"https:\/\/www.europesays.com\/fr\/wp-json\/wp\/v2\/posts\/241032","targetHints":{"allow":["GET"]}}],"collection":[{"href":"https:\/\/www.europesays.com\/fr\/wp-json\/wp\/v2\/posts"}],"about":[{"href":"https:\/\/www.europesays.com\/fr\/wp-json\/wp\/v2\/types\/post"}],"author":[{"embeddable":true,"href":"https:\/\/www.europesays.com\/fr\/wp-json\/wp\/v2\/users\/2"}],"replies":[{"embeddable":true,"href":"https:\/\/www.europesays.com\/fr\/wp-json\/wp\/v2\/comments?post=241032"}],"version-history":[{"count":0,"href":"https:\/\/www.europesays.com\/fr\/wp-json\/wp\/v2\/posts\/241032\/revisions"}],"wp:featuredmedia":[{"embeddable":true,"href":"https:\/\/www.europesays.com\/fr\/wp-json\/wp\/v2\/media\/241033"}],"wp:attachment":[{"href":"https:\/\/www.europesays.com\/fr\/wp-json\/wp\/v2\/media?parent=241032"}],"wp:term":[{"taxonomy":"category","embeddable":true,"href":"https:\/\/www.europesays.com\/fr\/wp-json\/wp\/v2\/categories?post=241032"},{"taxonomy":"post_tag","embeddable":true,"href":"https:\/\/www.europesays.com\/fr\/wp-json\/wp\/v2\/tags?post=241032"}],"curies":[{"name":"wp","href":"https:\/\/api.w.org\/{rel}","templated":true}]}}