{"id":241034,"date":"2025-07-10T22:06:18","date_gmt":"2025-07-10T22:06:18","guid":{"rendered":"https:\/\/www.europesays.com\/fr\/241034\/"},"modified":"2025-07-10T22:06:18","modified_gmt":"2025-07-10T22:06:18","slug":"que-sont-devenus-adel-kachermi-et-frank-delay-des-2be3","status":"publish","type":"post","link":"https:\/\/www.europesays.com\/fr\/241034\/","title":{"rendered":"que sont devenus Adel Kachermi et Frank Delay des 2Be3 ?"},"content":{"rendered":"<p>Le succ\u00e8s avait d\u00e9j\u00e0 \u00e9t\u00e9 au rendez-vous l\u2019ann\u00e9e derni\u00e8re avec la sortie de la premi\u00e8re saison de \u00ab Culte \u00bb, d\u00e9di\u00e9e aux coulisses du lancement de \u00ab Loft Story \u00bb. D\u00e9sormais, <a href=\"https:\/\/fr.style.yahoo.com\/culte-saison-2-2be3-premi%C3%A8res-080600960.html\" data-ylk=\"slk:Prime Video s\u2019attaque \u00e0 un autre monument de la pop culture fran\u00e7aise pour sa deuxi\u00e8me saison : les 2Be3;elm:context_link;itc:0;sec:content-canvas;outcm:mb_qualified_link;_E:mb_qualified_link;ct:story;\" class=\"link  yahoo-link\" target=\"_blank\" rel=\"noopener\">Prime Video s\u2019attaque \u00e0 un autre monument de la pop culture fran\u00e7aise pour sa deuxi\u00e8me saison : les 2Be3<\/a>. Pr\u00e9vu en octobre prochain, le programme revient sur l\u2019ascension du groupe mythique des ann\u00e9es 90, port\u00e9 notamment par le titre \u00ab Partir un jour \u00bb. Et si les fans de la premi\u00e8re heure pourront revivre \u00e0 l\u2019\u00e9cran les aventures de Filip Nikolic (jou\u00e9 par Antoine Simony), Adel Kachermi (Namory Bakayoko) et Frank Delay (Marin Judas), ils pourront \u00e9galement retrouver Frank Delay, en chair et en os, au casting de la s\u00e9rie. Mais au fait, que deviennent les membres du groupe 2Be3 ?<\/p>\n<p>Lire aussi &gt; <a href=\"https:\/\/www.elle.fr\/Loisirs\/Series\/La-scene-de-la-piscine-votes-truques-Le-vrai-du-faux-dans-Culte-la-serie-sur-Loft-Story-4280232#\" rel=\"nofollow noopener\" target=\"_blank\" data-ylk=\"slk:La sc\u00e8ne de la piscine, votes truqu\u00e9s... Le vrai du faux dans \u00ab Culte \u00bb, la s\u00e9rie sur \u00ab Loft Story \u00bb;elm:context_link;itc:0;sec:content-canvas\" class=\"link \">La sc\u00e8ne de la piscine, votes truqu\u00e9s&#8230; Le vrai du faux dans \u00ab Culte \u00bb, la s\u00e9rie sur \u00ab Loft Story \u00bb<\/a><\/p>\n<p>Une carri\u00e8re dans la com\u00e9die pour Frank Delay<\/p>\n<p>Si Frank Delay a connu le succ\u00e8s gr\u00e2ce au c\u00e9l\u00e8bre boys band dans les ann\u00e9es 90, c\u2019est vers la com\u00e9die qu\u2019il va ensuite se tourner lors de la s\u00e9paration du groupe en 2001, apr\u00e8s cinq ans de success story. Il compte \u00e0 son actif plusieurs apparitions dans des s\u00e9ries t\u00e9l\u00e9vis\u00e9es telles que \u00ab Les Myst\u00e8res de l\u2019amour \u00bb, \u00ab Sous le soleil \u00bb ou encore \u00ab Camping Paradis \u00bb. En parall\u00e8le, il joue \u00e9galement au th\u00e9\u00e2tre et revient \u00e0 la chanson en cr\u00e9ant le groupe G\u00e9n\u00e9ration Boys Band avec Chris Keller, ex-membre de G-Squad. Il est aussi devenu p\u00e8re \u00e0 trois reprises. Une carri\u00e8re prometteuse et une vie de famille \u00e9panouie qui ne l\u2019emp\u00eachent pas de renouer avec ses premiers amours : les 2Be3. En plus de le retrouver prochainement au casting de \u00ab Culte \u00bb, il a \u00e9galement collabor\u00e9 dans l\u2019\u00e9criture de la s\u00e9rie aux c\u00f4t\u00e9s de son ancien acolyte : Adel Kachermi.<\/p>\n<p>Lire aussi &gt; <a href=\"https:\/\/www.elle.fr\/Loisirs\/Musique\/News\/Reprise-de-Partir-un-jour-series-et-biopic-Le-retour-de-la-2Be3-mania-en-2025-4346644#\" rel=\"nofollow noopener\" target=\"_blank\" data-ylk=\"slk:Reprise de \u00ab Partir un jour \u00bb, s\u00e9ries et biopic\u2026 Le retour de la 2Be3 mania en 2025 ?;elm:context_link;itc:0;sec:content-canvas\" class=\"link \">Reprise de \u00ab Partir un jour \u00bb, s\u00e9ries et biopic\u2026 Le retour de la 2Be3 mania en 2025 ?<\/a><\/p>\n<p>La discr\u00e9tion d\u2019Adel Kachermi<\/p>\n<p>\u00c0 la suite des 2Be3, Adel Kachermi s\u2019est aussi essay\u00e9 au septi\u00e8me art. Les fans ont pu l\u2019apercevoir dans le film \u00ab Jet Set \u00bb ou encore dans la sitcom \u00ab Pour \u00eatre libre \u00bb, qui mettait en sc\u00e8ne la vie du groupe. Mais en 2006, l\u2019artiste donne un nouveau cap \u00e0 sa carri\u00e8re et s\u2019oriente dans l&rsquo;\u00e9v\u00e9nementiel de luxe en cr\u00e9ant notamment sa soci\u00e9t\u00e9 d\u2019aviation. Une nouvelle vie loin de la sc\u00e8ne, qui s\u2019accompagne de la naissance de ses deux enfants, Idryss et Marie.<\/p>\n<p>D\u00e9sormais, Adel Kachermi retrouve Frank Delay pour le programme \u00ab Culte \u00bb. Une mani\u00e8re de rendre hommage \u00e0 leur co-star <a href=\"https:\/\/www.elle.fr\/People\/La-vie-des-people\/News\/Filip-des-2be3-est-mort-961863#\" rel=\"nofollow noopener\" target=\"_blank\" data-ylk=\"slk:Filip Nikolic, disparue le 16 septembre 2009 \u00e0 35 ans;elm:context_link;itc:0;sec:content-canvas\" class=\"link \">Filip Nikolic, disparue le 16 septembre 2009 \u00e0 35 ans<\/a>, des suites d\u2019une overdose de m\u00e9dicaments. Adul\u00e9 par toute une g\u00e9n\u00e9ration, il laisse derri\u00e8re lui sa compagne Val\u00e9rie Bourdin, ainsi que leur fille Sasha, et ces derni\u00e8res ont d\u2019ailleurs collabor\u00e9 dans l\u2019\u00e9criture de la s\u00e9rie Prime Video.<\/p>\n<p><a href=\"https:\/\/www.elle.fr\/People\/La-vie-des-people\/News\/Culte-saison-2-que-sont-devenus-Adel-Kachermi-et-Frank-Delay-des-2Be3-4364653\" rel=\"nofollow noopener\" target=\"_blank\" data-ylk=\"slk:Voir l&#039;article original sur ELLE;elm:context_link;itc:0;sec:content-canvas\" class=\"link \">Voir l&rsquo;article original sur ELLE<\/a><\/p>\n","protected":false},"excerpt":{"rendered":"Le succ\u00e8s avait d\u00e9j\u00e0 \u00e9t\u00e9 au rendez-vous l\u2019ann\u00e9e derni\u00e8re avec la sortie de la premi\u00e8re saison de \u00ab&hellip;\n","protected":false},"author":2,"featured_media":241035,"comment_status":"","ping_status":"","sticky":false,"template":"","format":"standard","meta":{"footnotes":""},"categories":[1355],"tags":[3038,37598,7016,58,59,37599,1011,27,3041,38060,588,1361,873],"class_list":{"0":"post-241034","1":"post","2":"type-post","3":"status-publish","4":"format-standard","5":"has-post-thumbnail","7":"category-musique","8":"tag-2be3","9":"tag-adel-kachermi","10":"tag-culte","11":"tag-divertissement","12":"tag-entertainment","13":"tag-filip-nikolic","14":"tag-fr","15":"tag-france","16":"tag-frank-delay","17":"tag-les-mysteres-de-lamour","18":"tag-loft-story","19":"tag-music","20":"tag-musique"},"share_on_mastodon":{"url":"https:\/\/pubeurope.com\/@fr\/114831214745271198","error":""},"_links":{"self":[{"href":"https:\/\/www.europesays.com\/fr\/wp-json\/wp\/v2\/posts\/241034","targetHints":{"allow":["GET"]}}],"collection":[{"href":"https:\/\/www.europesays.com\/fr\/wp-json\/wp\/v2\/posts"}],"about":[{"href":"https:\/\/www.europesays.com\/fr\/wp-json\/wp\/v2\/types\/post"}],"author":[{"embeddable":true,"href":"https:\/\/www.europesays.com\/fr\/wp-json\/wp\/v2\/users\/2"}],"replies":[{"embeddable":true,"href":"https:\/\/www.europesays.com\/fr\/wp-json\/wp\/v2\/comments?post=241034"}],"version-history":[{"count":0,"href":"https:\/\/www.europesays.com\/fr\/wp-json\/wp\/v2\/posts\/241034\/revisions"}],"wp:featuredmedia":[{"embeddable":true,"href":"https:\/\/www.europesays.com\/fr\/wp-json\/wp\/v2\/media\/241035"}],"wp:attachment":[{"href":"https:\/\/www.europesays.com\/fr\/wp-json\/wp\/v2\/media?parent=241034"}],"wp:term":[{"taxonomy":"category","embeddable":true,"href":"https:\/\/www.europesays.com\/fr\/wp-json\/wp\/v2\/categories?post=241034"},{"taxonomy":"post_tag","embeddable":true,"href":"https:\/\/www.europesays.com\/fr\/wp-json\/wp\/v2\/tags?post=241034"}],"curies":[{"name":"wp","href":"https:\/\/api.w.org\/{rel}","templated":true}]}}