{"id":241040,"date":"2025-07-10T22:10:09","date_gmt":"2025-07-10T22:10:09","guid":{"rendered":"https:\/\/www.europesays.com\/fr\/241040\/"},"modified":"2025-07-10T22:10:09","modified_gmt":"2025-07-10T22:10:09","slug":"il-est-torture-et-complique-isabelle-morini-bosc-cash-sur-matthieu-delormeau","status":"publish","type":"post","link":"https:\/\/www.europesays.com\/fr\/241040\/","title":{"rendered":"\u00ab\u00a0Il est tortur\u00e9 et compliqu\u00e9\u2026\u00a0\u00bb : Isabelle Morini-Bosc, cash sur Matthieu Delormeau"},"content":{"rendered":"<p>Matthieu Delormeau, ancien animateur embl\u00e9matique de Touche pas \u00e0 mon poste, s\u2019est retrouv\u00e9 une nouvelle fois au centre d\u2019une vive pol\u00e9mique. Cette fois, c\u2019est une vid\u00e9o intime diffus\u00e9e en story Instagram, o\u00f9 l\u2019on voit <a href=\"https:\/\/www.public.fr\/matthieu-delormeau-totalement-nu-sur-instagram-la-toile-choquee-et-inquiete\" target=\"_blank\" rel=\"noopener\">l\u2019animateur enti\u00e8rement nu<\/a>, qui a d\u00e9clench\u00e9 <strong>une onde de choc sur les r\u00e9seaux sociaux<\/strong>.<\/p>\n<p>Une publication jug\u00e9e provocante, d\u00e9plac\u00e9e, voire inqui\u00e9tante par certains de ses abonn\u00e9s, d\u2019autant plus qu\u2019elle survient \u00e0 un moment particuli\u00e8rement d\u00e9licat pour lui.<\/p>\n<p>Derri\u00e8re ce buzz, qui alimente les conversations m\u00e9diatiques et divise l\u2019opinion, se dessine surtout le portrait d\u2019un homme en pleine <strong>zone de turbulences<\/strong>, \u00e0 la fois professionnelle, personnelle et m\u00e9diatique. Son ancienne coll\u00e8gue Isabelle Morini-Bosc se souvient&#8230; <\/p>\n<p>Une story Instagram qui fait pol\u00e9mique<\/p>\n<p>La vid\u00e9o, br\u00e8ve mais explicite, a \u00e9t\u00e9 post\u00e9e sans filtre sur le compte Instagram de Matthieu Delormeau. L\u2019ancien chroniqueur s\u2019y montre totalement nu, dans une mise en sc\u00e8ne intime, film\u00e9e dans ce qui semble \u00eatre l\u2019intimit\u00e9 de son appartement. Tr\u00e8s vite, les r\u00e9actions affluent. Certains crient au scandale, d&rsquo;autres \u00e9voquent un geste d\u00e9sesp\u00e9r\u00e9 ou une mani\u00e8re maladroite de rester dans la lumi\u00e8re.<\/p>\n<p>Dans le climat actuel, o\u00f9 la visibilit\u00e9 est devenue un combat quotidien pour certaines figures t\u00e9l\u00e9visuelles en perte de vitesse, le geste interroge. \u00c9tait-ce un acte volontaire de provocation ? Une erreur ? Ou bien le signal d\u2019un mal-\u00eatre plus profond ? La r\u00e9ponse reste floue, mais ce qui est certain, c\u2019est que cette publication n\u2019est pas un simple accident de communication.<\/p>\n<p>Depuis <a href=\"https:\/\/www.public.fr\/arret-de-c8-et-tpmp-matthieu-delormeau-de-retour-cyril-hanouna-sexprime\" target=\"_blank\" rel=\"noopener\">son d\u00e9part pr\u00e9cipit\u00e9 de TPMP<\/a>, Matthieu Delormeau peine \u00e0 retrouver sa place dans le paysage audiovisuel fran\u00e7ais. Lui qui a longtemps \u00e9t\u00e9 l\u2019un des visages les plus comment\u00e9s \u2014 et souvent critiqu\u00e9s \u2014 de l\u2019\u00e9mission de Cyril Hanouna, est aujourd\u2019hui <strong>isol\u00e9 m\u00e9diatiquement<\/strong>. Son \u00e9viction, per\u00e7ue par certains comme brutale, l\u2019a laiss\u00e9 sans plateforme, sans vitrine, sans filet.<\/p>\n<p>Des rumeurs persistantes font \u00e9tat de <strong>difficult\u00e9s financi\u00e8res<\/strong> et d\u2019une <strong>instabilit\u00e9 professionnelle<\/strong>. Les projets qu\u2019il tentait de d\u00e9velopper se sont heurt\u00e9s \u00e0 des refus ou \u00e0 un manque de relais. Certains \u00e9voquent \u00e9galement des comportements jug\u00e9s instables, des relations conflictuelles dans le milieu, et une r\u00e9putation parfois entach\u00e9e de pol\u00e9miques pass\u00e9es.<\/p>\n<p>Comme si cela ne suffisait pas, l\u2019animateur a r\u00e9cemment fait la une pour une autre affaire d\u00e9licate : <strong><a href=\"https:\/\/www.public.fr\/matthieu-delormeau-a-envie-de-sortir-de-ce-truc-la-ses-confidences-honnetes-sur-la-cocaine\" target=\"_blank\" rel=\"noopener\">une interpellation pour achat de substances illicites<\/a><\/strong>, r\u00e9v\u00e9l\u00e9e il y a quelques semaines. Ce fait divers, peu relay\u00e9 mais bel et bien embarrassant, a aliment\u00e9 l\u2019id\u00e9e d\u2019une spirale n\u00e9gative qui ne semble pas vouloir se rompre.<\/p>\n<p>Isabelle Morini-Bosc prend la parole <\/p>\n<p>Dans cette p\u00e9riode trouble, certains visages du PAF ont tenu \u00e0 t\u00e9moigner leur soutien \u00e0 l\u2019animateur. C\u2019est notamment le cas d\u2019Isabelle Morini-Bosc, chroniqueuse historique de TPMP, qui s\u2019est exprim\u00e9e r\u00e9cemment \u00e0 son sujet lors d\u2019un entretien avec Jordan de Luxe.<\/p>\n<p>Ses mots sont \u00e0 la fois lucides et empreints de tendresse : \u00ab\u00a0Le gar\u00e7on \u00e9tant un hypersensible, il est tortur\u00e9 et compliqu\u00e9. Mais moi j&rsquo;ai pris des fous rires avec lui ! J&rsquo;ai ador\u00e9 faire l&rsquo;\u00e9mission avec Matthieu.\u00a0\u00bb<\/p>\n<p>Elle insiste sur le <strong>talent<\/strong> et la <strong>fragilit\u00e9<\/strong> de son ancien coll\u00e8gue, qu\u2019elle d\u00e9crit comme un homme <strong>courageux<\/strong>, mais profond\u00e9ment marqu\u00e9 par une sensibilit\u00e9 \u00e0 fleur de peau : \u00ab\u00a0Je trouve que Matthieu a un immense talent. Matthieu a un vrai courage. Je peux \u00eatre d&rsquo;accord ou pas d&rsquo;accord avec lui, mais je trouve que ce gar\u00e7on a un \u00e9norme courage. C&rsquo;est un bon producteur. C&rsquo;est un gar\u00e7on que j&rsquo;aime beaucoup et je suis d\u00e9sol\u00e9e de savoir qu&rsquo;il traverse une zone de turbulences.\u00a0\u00bb<\/p>\n<p>Des mots qui viennent contrebalancer l\u2019image d\u2019un homme perdu, et rappellent que derri\u00e8re les exc\u00e8s, les maladresses ou les provocations, se cache une personnalit\u00e9 complexe, en qu\u00eate d\u2019\u00e9quilibre et peut-\u00eatre d\u2019aide.<\/p>\n<p>      Mentionn\u00e9s dans cet article<\/p>\n<p>\u00c0 lire aussi<\/p>\n","protected":false},"excerpt":{"rendered":"Matthieu Delormeau, ancien animateur embl\u00e9matique de Touche pas \u00e0 mon poste, s\u2019est retrouv\u00e9 une nouvelle fois au centre&hellip;\n","protected":false},"author":2,"featured_media":241041,"comment_status":"","ping_status":"","sticky":false,"template":"","format":"standard","meta":{"footnotes":""},"categories":[8],"tags":[58,59,1011,27,16182,7830],"class_list":{"0":"post-241040","1":"post","2":"type-post","3":"status-publish","4":"format-standard","5":"has-post-thumbnail","7":"category-divertissement","8":"tag-divertissement","9":"tag-entertainment","10":"tag-fr","11":"tag-france","12":"tag-isabelle-morini-bosc","13":"tag-matthieu-delormeau"},"share_on_mastodon":{"url":"https:\/\/pubeurope.com\/@fr\/114831230485897008","error":""},"_links":{"self":[{"href":"https:\/\/www.europesays.com\/fr\/wp-json\/wp\/v2\/posts\/241040","targetHints":{"allow":["GET"]}}],"collection":[{"href":"https:\/\/www.europesays.com\/fr\/wp-json\/wp\/v2\/posts"}],"about":[{"href":"https:\/\/www.europesays.com\/fr\/wp-json\/wp\/v2\/types\/post"}],"author":[{"embeddable":true,"href":"https:\/\/www.europesays.com\/fr\/wp-json\/wp\/v2\/users\/2"}],"replies":[{"embeddable":true,"href":"https:\/\/www.europesays.com\/fr\/wp-json\/wp\/v2\/comments?post=241040"}],"version-history":[{"count":0,"href":"https:\/\/www.europesays.com\/fr\/wp-json\/wp\/v2\/posts\/241040\/revisions"}],"wp:featuredmedia":[{"embeddable":true,"href":"https:\/\/www.europesays.com\/fr\/wp-json\/wp\/v2\/media\/241041"}],"wp:attachment":[{"href":"https:\/\/www.europesays.com\/fr\/wp-json\/wp\/v2\/media?parent=241040"}],"wp:term":[{"taxonomy":"category","embeddable":true,"href":"https:\/\/www.europesays.com\/fr\/wp-json\/wp\/v2\/categories?post=241040"},{"taxonomy":"post_tag","embeddable":true,"href":"https:\/\/www.europesays.com\/fr\/wp-json\/wp\/v2\/tags?post=241040"}],"curies":[{"name":"wp","href":"https:\/\/api.w.org\/{rel}","templated":true}]}}