{"id":241042,"date":"2025-07-10T22:11:14","date_gmt":"2025-07-10T22:11:14","guid":{"rendered":"https:\/\/www.europesays.com\/fr\/241042\/"},"modified":"2025-07-10T22:11:14","modified_gmt":"2025-07-10T22:11:14","slug":"la-terre-tourne-de-plus-en-plus-vite-lheure-mondiale-pourrait-se-desynchroniser-actualites","status":"publish","type":"post","link":"https:\/\/www.europesays.com\/fr\/241042\/","title":{"rendered":"La Terre tourne de plus en plus vite, l&rsquo;heure mondiale pourrait se d\u00e9synchroniser : Actualit\u00e9s"},"content":{"rendered":"<p class=\"lead \"><strong>Chaque ann\u00e9e, depuis cinq ans, la Terre se met \u00e0 tourner de plus en plus vite, au point o\u00f9 certains jours sont plus courts que les autres, m\u00eame si c&rsquo;est imperceptible pour les humains. Cependant, d&rsquo;ici 2029, une mise \u00e0 jour des horloges mondiales pourrait \u00eatre n\u00e9cessaire pour que le temps astronomique reste synchronis\u00e9.<\/strong><\/p>\n<p class=\"lead \">En 2025, le 5 ao\u00fbt sera le jour le plus court de l&rsquo;ann\u00e9e, apr\u00e8s le 9 et le 22 juillet. Le calcul est effectu\u00e9 chaque ann\u00e9e par le Service international de la rotation terrestre et des syst\u00e8mes de r\u00e9f\u00e9rence (IERS), qui pr\u00e9cise, comme le relaie <a href=\"https:\/\/www.tf1info.fr\/sciences-et-innovation\/horloges-temps-atomique-rotation-de-la-terre-tourne-sur-elle-meme-de-plus-en-plus-vite-le-jour-le-plus-court-de-l-annee-prevu-ce-5-aout-2381939.html\" target=\"_blank\" rel=\"nofollow noopener\">TF1info<\/a>, que la Terre effectuera ce jour-l\u00e0 une rotation compl\u00e8te avec 1,51 milliseconde d&rsquo;avance, mais rassurez-vous, vous n&rsquo;y verrez que du feu. Cet infime \u00e9cart avec la dur\u00e9e de rotation classique \u2013 qui est en moyenne de 86 400 secondes sur une journ\u00e9e compl\u00e8te \u2013 est imperceptible pour le commun des mortels. <\/p>\n<p class=\"lead \"><strong>Les d\u00e9r\u00e8glements climatiques influencent la vitesse de rotation de la Terre<\/strong><\/p>\n<p class=\"lead \">Ce qui pourrait changer, en revanche, c&rsquo;est l&rsquo;\u00e9talonnage du temps international dans les ann\u00e9es \u00e0 venir. En effet, la vitesse de rotation de la Terre sert d&rsquo;\u00e9talon pour calculer le temps atomique et d\u00e9terminer l&rsquo;heure dans le monde entier, peu importe le fuseau horaire. Or, notre plan\u00e8te tourne de plus en plus vite sur elle-m\u00eame. L&rsquo;\u00e9loignement de la Lune influence sur sa vitesse de rotation. L&rsquo;activit\u00e9 volcanique et les d\u00e9r\u00e8glements climatiques aussi. <\/p>\n<p class=\"lead \">Depuis cinq ans, la Terre tourne plus vite d&rsquo;ann\u00e9e en ann\u00e9e. Aussi, les scientifiques de l&rsquo;IERS recommandent d&rsquo;ajouter une seconde intercalaire n\u00e9gative pour ajuster le temps universel coordonn\u00e9, plus connu sous l&rsquo;abr\u00e9viation UTC. L&rsquo;objectif est de maintenir synchronis\u00e9 le temps atomique, une \u00e9chelle de temps qui permet de fournir l&rsquo;heure avec une meilleure pr\u00e9cision qu&rsquo;avec les syst\u00e8mes astronomiques d&rsquo;il y a un demi-si\u00e8cle. Le temps atomique permet de calculer l&rsquo;heure avec une pr\u00e9cision inf\u00e9rieure \u00e0 10^-14 seconde.<\/p>\n<p class=\"lead \"><strong>La Terre pourrait finalement d\u00e9c\u00e9l\u00e9rer<\/strong><\/p>\n<p class=\"lead \">La communaut\u00e9 scientifique internationale ignore la raison exacte de l&rsquo;augmentation de la vitesse de rotation de la Terre. Cela pourrait \u00eatre un ph\u00e9nom\u00e8ne interne, propre \u00e0 elle-m\u00eame. Certains pensent que c&rsquo;est cyclique et que \u00ab\u00a0t\u00f4t ou tard, la Terre va d\u00e9c\u00e9l\u00e9rer\u00a0\u00bb, comme l&rsquo;a expliqu\u00e9 Leonid Zotov, expert en rotation terrestre \u00e0 l&rsquo;universit\u00e9 d&rsquo;\u00c9tat de Moscou, sur le site sp\u00e9cialis\u00e9 <a href=\"https:\/\/www.timeanddate.com\/news\/astronomy\/earth-fast-rotation-2025\" target=\"_blank\" rel=\"nofollow noopener\">timeanddate.com<\/a>. <\/p>\n<p class=\"small font-weight-bold text-gray3 \"> publi\u00e9 le 10 juillet \u00e0 14h29, Maeliss Innocenti, 6Medias<\/p>\n<p>                             Partager<\/p>\n","protected":false},"excerpt":{"rendered":"Chaque ann\u00e9e, depuis cinq ans, la Terre se met \u00e0 tourner de plus en plus vite, au point&hellip;\n","protected":false},"author":2,"featured_media":241043,"comment_status":"","ping_status":"","sticky":false,"template":"","format":"standard","meta":{"footnotes":""},"categories":[7],"tags":[1011,27,43,40,41,39,42,44],"class_list":{"0":"post-241042","1":"post","2":"type-post","3":"status-publish","4":"format-standard","5":"has-post-thumbnail","7":"category-sciences-et-technologies","8":"tag-fr","9":"tag-france","10":"tag-science","11":"tag-science-and-technology","12":"tag-sciences","13":"tag-sciences-et-technologies","14":"tag-technologies","15":"tag-technology"},"share_on_mastodon":{"url":"https:\/\/pubeurope.com\/@fr\/114831234394924324","error":""},"_links":{"self":[{"href":"https:\/\/www.europesays.com\/fr\/wp-json\/wp\/v2\/posts\/241042","targetHints":{"allow":["GET"]}}],"collection":[{"href":"https:\/\/www.europesays.com\/fr\/wp-json\/wp\/v2\/posts"}],"about":[{"href":"https:\/\/www.europesays.com\/fr\/wp-json\/wp\/v2\/types\/post"}],"author":[{"embeddable":true,"href":"https:\/\/www.europesays.com\/fr\/wp-json\/wp\/v2\/users\/2"}],"replies":[{"embeddable":true,"href":"https:\/\/www.europesays.com\/fr\/wp-json\/wp\/v2\/comments?post=241042"}],"version-history":[{"count":0,"href":"https:\/\/www.europesays.com\/fr\/wp-json\/wp\/v2\/posts\/241042\/revisions"}],"wp:featuredmedia":[{"embeddable":true,"href":"https:\/\/www.europesays.com\/fr\/wp-json\/wp\/v2\/media\/241043"}],"wp:attachment":[{"href":"https:\/\/www.europesays.com\/fr\/wp-json\/wp\/v2\/media?parent=241042"}],"wp:term":[{"taxonomy":"category","embeddable":true,"href":"https:\/\/www.europesays.com\/fr\/wp-json\/wp\/v2\/categories?post=241042"},{"taxonomy":"post_tag","embeddable":true,"href":"https:\/\/www.europesays.com\/fr\/wp-json\/wp\/v2\/tags?post=241042"}],"curies":[{"name":"wp","href":"https:\/\/api.w.org\/{rel}","templated":true}]}}