{"id":241046,"date":"2025-07-10T22:13:11","date_gmt":"2025-07-10T22:13:11","guid":{"rendered":"https:\/\/www.europesays.com\/fr\/241046\/"},"modified":"2025-07-10T22:13:11","modified_gmt":"2025-07-10T22:13:11","slug":"les-houthis-coulent-deux-navires-captures-en-mer-rouge-pour-leurs-liens-supposes-avec-israel-liberation","status":"publish","type":"post","link":"https:\/\/www.europesays.com\/fr\/241046\/","title":{"rendered":"Les Houthis coulent deux navires captur\u00e9s en mer Rouge pour leurs liens suppos\u00e9s avec Isra\u00ebl \u2013 Lib\u00e9ration"},"content":{"rendered":"<p class=\"sc-ksZaOG ehjQrN text-element\">Il s\u2019agit des premi\u00e8res attaques men\u00e9es depuis plusieurs mois par les Houthis contre <a href=\"https:\/\/www.liberation.fr\/international\/moyen-orient\/israel-lance-une-operation-contre-des-ports-controles-par-les-houthis-au-yemen-20250707_B7OKOOCMZ5EB7P7XC7O65NE2EM\/\" target=\"_blank\" rel=\"noreferrer noopener\" title=\"https:\/\/www.liberation.fr\/international\/moyen-orient\/israel-lance-une-operation-contre-des-ports-controles-par-les-houthis-au-yemen-20250707_B7OKOOCMZ5EB7P7XC7O65NE2EM\/\">des bateaux qu\u2019ils estiment li\u00e9s \u00e0 Isra\u00ebl<\/a>. Les rebelles y\u00e9m\u00e9nites, <a href=\"https:\/\/www.liberation.fr\/international\/moyen-orient\/represailles-a-lassassinat-de-haniyeh-de-liran-a-lirak-laxe-de-la-resistance-en-ordre-de-bataille-20240816_5LNS6QJ6CFG3HHUN4ZKRJEV73Q\/\" target=\"_blank\" rel=\"noreferrer noopener\" title=\"https:\/\/www.liberation.fr\/international\/moyen-orient\/represailles-a-lassassinat-de-haniyeh-de-liran-a-lirak-laxe-de-la-resistance-en-ordre-de-bataille-20240816_5LNS6QJ6CFG3HHUN4ZKRJEV73Q\/\">soutenus par l\u2019Iran<\/a>, ont revendiqu\u00e9 mercredi 9 juillet au soir une attaque contre un navire marchand en mer Rouge, la deuxi\u00e8me en 24 heures contre un bateau dans cette voie maritime essentielle pour le commerce mondial.<\/p>\n<p class=\"sc-ksZaOG ehjQrN text-element\">\u00abLa force navale a vis\u00e9 le navire Eternity C\u00bb, a d\u00e9clar\u00e9 le porte-parole militaire des rebelles, Yahya Saree, parlant d\u2019un acte de solidarit\u00e9 avec les Palestiniens de Gaza, en proie \u00e0 la guerre entre Isra\u00ebl et le Hamas. Selon lui, le navire se dirigeait vers le port d\u2019Eilat, dans le sud d\u2019Isra\u00ebl. L\u2019attaque a \u00e9t\u00e9 men\u00e9e par des missiles et des embarcations, selon lui. Les Houthis ont publi\u00e9 une vid\u00e9o de l\u2019attaque du bateau.<\/p>\n<p class=\"sc-ksZaOG ehjQrN text-element\"><a href=\"https:\/\/www.liberation.fr\/international\/moyen-orient\/mer-rouge-leurope-lance-sa-propre-mission-pour-proteger-les-navires-marchands-des-attaques-houthis-20240219_BIYIHZ5P7JCGXGDBK5CNOM63NA\/\" target=\"_blank\" rel=\"noreferrer noopener\" title=\"https:\/\/www.liberation.fr\/international\/moyen-orient\/mer-rouge-leurope-lance-sa-propre-mission-pour-proteger-les-navires-marchands-des-attaques-houthis-20240219_BIYIHZ5P7JCGXGDBK5CNOM63NA\/\">La mission europ\u00e9enne Aspides<\/a> d\u00e9ploy\u00e9e dans la zone a fait savoir que trois membres de l\u2019\u00e9quipage du vraquier avaient \u00e9t\u00e9 tu\u00e9s et au moins deux autres bless\u00e9s, alors que six ont \u00e9t\u00e9 secourus. Les recherches se poursuivent, selon elle, pour retrouver 19 autres personnes qui \u00e9taient \u00e0 bord de ce navire battant pavillon lib\u00e9rien qui a fini par couler, au large du port y\u00e9m\u00e9nite de Hodeida (ouest du Y\u00e9men), contr\u00f4l\u00e9 par les Houthis.<\/p>\n<p class=\"sc-ksZaOG ehjQrN text-element\">Avant cette attaque, les rebelles y\u00e9m\u00e9nites en avaient revendiqu\u00e9 une autre dimanche contre le Magic Seas, qui a coul\u00e9 et dont l\u2019\u00e9quipage a pu \u00eatre secouru. Les Houthis avaient diffus\u00e9 mardi des images vid\u00e9o montrant des hommes masqu\u00e9s et arm\u00e9s prendre d\u2019assaut le navire dimanche, sur fond de bruits d\u2019explosions puis ce qui semble \u00eatre le naufrage du navire.<\/p>\n<\/p>\n<p class=\"sc-ksZaOG ehjQrN text-element\">Le porte-parole militaire des rebelles a mis en garde \u00ables entreprises traitant avec les ports\u00bb d\u2019Isra\u00ebl, affirmant que \u00ableurs navires et \u00e9quipages seront pris pour cible\u00bb afin de \u00abcontraindre l\u2019ennemi sioniste \u00e0 lever le blocus contre nos fr\u00e8res \u00e0 Gaza et \u00e0 mettre fin \u00e0 son agression\u00bb.<\/p>\n<p class=\"sc-ksZaOG ehjQrN text-element\">\u00abNous assistons d\u00e9sormais, avec une profonde inqui\u00e9tude, \u00e0 <a href=\"https:\/\/www.liberation.fr\/international\/moyen-orient\/houthis-au-yemen-accalmie-en-mer-rouge-20250120_4S6GIWRRUZFWBKQZOJM2ED35PQ\/\" target=\"_blank\" rel=\"noreferrer noopener\" title=\"https:\/\/www.liberation.fr\/international\/moyen-orient\/houthis-au-yemen-accalmie-en-mer-rouge-20250120_4S6GIWRRUZFWBKQZOJM2ED35PQ\/\">une escalade en mer Rouge<\/a>\u00bb, a regrett\u00e9 dans un communiqu\u00e9 Hans Grundberg, l\u2019envoy\u00e9 sp\u00e9cial de l\u2019ONU pour le Y\u00e9men. Il a d\u00e9plor\u00e9 des \u00abpertes civiles, des bless\u00e9s, ainsi qu\u2019un risque potentiel de dommages environnementaux\u00bb.<\/p>\n<p class=\"sc-ksZaOG ehjQrN text-element\">Mardi, les Etats-Unis, alli\u00e9s d\u2019Isra\u00ebl, ont accus\u00e9 les Houthis de \u00abporter atteinte \u00e0 la libert\u00e9 de navigation en mer Rouge\u00bb, malgr\u00e9 <a href=\"https:\/\/www.liberation.fr\/international\/moyen-orient\/au-yemen-une-victoire-en-demi-teinte-pour-donald-trump-avant-sa-tournee-au-moyen-orient-20250507_GC6XQ4SRXJGHDPUJ2UM56SANVY\/\" target=\"_blank\" rel=\"noreferrer noopener\" title=\"https:\/\/www.liberation.fr\/international\/moyen-orient\/au-yemen-une-victoire-en-demi-teinte-pour-donald-trump-avant-sa-tournee-au-moyen-orient-20250507_GC6XQ4SRXJGHDPUJ2UM56SANVY\/\">un accord de cessez-le-feu en mai avec Washington<\/a> qui a mis fin des semaines de bombardements am\u00e9ricains des cibles rebelles au Y\u00e9men.<\/p>\n<p class=\"sc-ksZaOG ehjQrN text-element\">Depuis fin 2023, les Houthis ont principalement attaqu\u00e9 des navires consid\u00e9r\u00e9s comme li\u00e9s \u00e0 Isra\u00ebl, affirmant agir par solidarit\u00e9 avec les Palestiniens de Gaza. Les deux bateaux ont probablement \u00e9t\u00e9 attaqu\u00e9s \u00aben raison de pr\u00e9c\u00e9dents passages dans des ports isra\u00e9liens ou de liens entre leurs propri\u00e9taires ou gestionnaires et d\u2019autres navires ayant fr\u00e9quent\u00e9 Isra\u00ebl\u00bb, selon le Centre conjoint d\u2019information maritime, g\u00e9r\u00e9 par une coalition navale occidentale.<\/p>\n<p class=\"sc-ksZaOG ehjQrN text-element\">Les attaques des rebelles ont contraint de nombreux armateurs \u00e0 \u00e9viter la mer Rouge o\u00f9 transite 12 % du commerce mondial, d\u2019apr\u00e8s la Chambre internationale de la marine marchande (ICS).<\/p>\n<p class=\"sc-ksZaOG ehjQrN text-element\">En mai, les rebelles, qui contr\u00f4lent la capitale Sanaa et de larges pans du Y\u00e9men en guerre depuis 2014, avaient averti qu\u2019ils continueraient \u00e0 cibler les navires isra\u00e9liens ou li\u00e9s \u00e0 Isra\u00ebl, malgr\u00e9 la tr\u00eave avec les Etats-Unis. L\u2019arm\u00e9e isra\u00e9lienne a dit lundi avoir bombard\u00e9 des infrastructures des Houthis au Y\u00e9men qui ont ripost\u00e9 par des tirs de missiles.<\/p>\n","protected":false},"excerpt":{"rendered":"Il s\u2019agit des premi\u00e8res attaques men\u00e9es depuis plusieurs mois par les Houthis contre des bateaux qu\u2019ils estiment li\u00e9s&hellip;\n","protected":false},"author":2,"featured_media":241047,"comment_status":"","ping_status":"","sticky":false,"template":"","format":"standard","meta":{"footnotes":""},"categories":[5],"tags":[11,1011,27,1070,14,12,28,3885],"class_list":{"0":"post-241046","1":"post","2":"type-post","3":"status-publish","4":"format-standard","5":"has-post-thumbnail","7":"category-international","8":"tag-actualites","9":"tag-fr","10":"tag-france","11":"tag-houthis","12":"tag-international","13":"tag-news","14":"tag-world","15":"tag-yemen"},"share_on_mastodon":{"url":"https:\/\/pubeurope.com\/@fr\/114831242298492987","error":""},"_links":{"self":[{"href":"https:\/\/www.europesays.com\/fr\/wp-json\/wp\/v2\/posts\/241046","targetHints":{"allow":["GET"]}}],"collection":[{"href":"https:\/\/www.europesays.com\/fr\/wp-json\/wp\/v2\/posts"}],"about":[{"href":"https:\/\/www.europesays.com\/fr\/wp-json\/wp\/v2\/types\/post"}],"author":[{"embeddable":true,"href":"https:\/\/www.europesays.com\/fr\/wp-json\/wp\/v2\/users\/2"}],"replies":[{"embeddable":true,"href":"https:\/\/www.europesays.com\/fr\/wp-json\/wp\/v2\/comments?post=241046"}],"version-history":[{"count":0,"href":"https:\/\/www.europesays.com\/fr\/wp-json\/wp\/v2\/posts\/241046\/revisions"}],"wp:featuredmedia":[{"embeddable":true,"href":"https:\/\/www.europesays.com\/fr\/wp-json\/wp\/v2\/media\/241047"}],"wp:attachment":[{"href":"https:\/\/www.europesays.com\/fr\/wp-json\/wp\/v2\/media?parent=241046"}],"wp:term":[{"taxonomy":"category","embeddable":true,"href":"https:\/\/www.europesays.com\/fr\/wp-json\/wp\/v2\/categories?post=241046"},{"taxonomy":"post_tag","embeddable":true,"href":"https:\/\/www.europesays.com\/fr\/wp-json\/wp\/v2\/tags?post=241046"}],"curies":[{"name":"wp","href":"https:\/\/api.w.org\/{rel}","templated":true}]}}