{"id":241048,"date":"2025-07-10T22:14:13","date_gmt":"2025-07-10T22:14:13","guid":{"rendered":"https:\/\/www.europesays.com\/fr\/241048\/"},"modified":"2025-07-10T22:14:13","modified_gmt":"2025-07-10T22:14:13","slug":"masturbation-et-fellation-forcees-sur-des-mineurs-on-fait-le-point-sur-les-nouvelles-accusations","status":"publish","type":"post","link":"https:\/\/www.europesays.com\/fr\/241048\/","title":{"rendered":"Masturbation et fellation forc\u00e9es sur des mineurs\u2026 On fait le point sur les nouvelles accusations"},"content":{"rendered":"<p>Un an apr\u00e8s les <a href=\"https:\/\/www.20minutes.fr\/justice\/4134667-20250121-emmaus-peut-passer-plan-judiciaire-revelations-abbe-pierre\" class=\"color-ultramarine c-link\" rel=\"nofollow noopener\" target=\"_blank\">premi\u00e8res r\u00e9v\u00e9lations concernant l\u2019abb\u00e9 Pierre<\/a>, <a href=\"https:\/\/www.20minutes.fr\/justice\/4162856-20250709-affaire-abbe-pierre-douze-nouvelles-accusations-violences-sexuelles-dont-sept-mineurs\" class=\"color-ultramarine c-link\" rel=\"nofollow noopener\" target=\"_blank\">douze nouvelles victimes<\/a> de <a href=\"https:\/\/www.20minutes.fr\/justice\/4162856-20250709-affaire-abbe-pierre-douze-nouvelles-accusations-violences-sexuelles-dont-sept-mineurs\" class=\"color-ultramarine c-link\" rel=\"nofollow noopener\" target=\"_blank\">violences sexuelles<\/a> dont sept mineures ont \u00e9t\u00e9 identifi\u00e9es. 20 Minutes fait le point.<\/p>\n<p>Que s\u2019est-il pass\u00e9\u00a0?<\/p>\n<p>\u00ab\u00a0Depuis janvier\u00a02025, le groupe \u00c9ga\u00e9 a re\u00e7u des informations concernant douze personnes ayant \u00e9t\u00e9 victimes de l\u2019abb\u00e9 Pierre. Sept de ces t\u00e9moignages concernent des personnes mineures\u00a0\u00bb au moment des faits, explique mercredi le cabinet sp\u00e9cialis\u00e9 mandat\u00e9 par Emma\u00fcs pour faire toute la lumi\u00e8re sur cette affaire.<\/p>\n<\/p>\n<p>Longtemps figure iconique de la d\u00e9fense des d\u00e9munis, Henri Grou\u00e8s, d\u00e9c\u00e9d\u00e9 en\u00a02007, est d\u00e9sormais vis\u00e9 par 45 accusations de violences sexuelles.<\/p>\n<p>Quelles sont les nouvelles accusations\u00a0?<\/p>\n<p>Parmi les t\u00e9moignages anonymis\u00e9s, le rapport, mis en ligne sur le site d\u2019Emma\u00fcs France, cite ceux de deux s\u0153urs dont l\u2019une a \u00ab\u00a0fait \u00e9tat d\u2019une masturbation de l\u2019abb\u00e9 Pierre sur son sexe alors qu\u2019elle venait d\u2019avoir 11 ans\u00a0\u00bb, au milieu des ann\u00e9es\u00a01970. Sa s\u0153ur \u00ab\u00a0lui a confi\u00e9 avoir subi une fellation forc\u00e9e \u00e0 ses 15 ans\u00a0\u00bb, ce qui rel\u00e8ve du viol.<\/p>\n<p>Une autre victime a d\u00e9crit dans un mail \u00ab\u00a0au moins trois faits de violences sexuelles lorsqu\u2019elle avait 10 ans\u00a0\u00bb dans les ann\u00e9es\u00a01990, selon le compte rendu d\u2019activit\u00e9 de la ligne d\u2019\u00e9coute d\u2019\u00c9ga\u00e9 d\u00e9di\u00e9e aux victimes de l\u2019abb\u00e9 Pierre.<\/p>\n<p>Une autre encore, \u00e2g\u00e9e de 17 ans \u00e0 l\u2019\u00e9poque, \u00ab\u00a0a subi un contact entre ses cuisses, sous sa jupe\u00a0\u00bb alors qu\u2019elle voyageait en train dans le wagon de l\u2019abb\u00e9 Pierre en\u00a01953. A son arriv\u00e9e, les s\u0153urs qui l\u2019ont accueillie \u00ab\u00a0lui ont dit qu\u2019elle avait tout imagin\u00e9\u00a0\u00bb, rapporte le cabinet.<\/p>\n<p>Que va-t-il se passer d\u00e9sormais\u00a0?<\/p>\n<p>Pour ces victimes, Emma\u00fcs et la Conf\u00e9rence des \u00e9v\u00eaques de France (CEF) ont \u00ab\u00a0d\u00e9cid\u00e9 conjointement la mise en place d\u2019un dispositif de r\u00e9paration financi\u00e8re\u00a0\u00bb, explique Emma\u00fcs dans un communiqu\u00e9 distinct.<\/p>\n<p>Ce dispositif, qui veut \u00ab\u00a0marquer une reconnaissance mat\u00e9rielle des violences et des cons\u00e9quences subies\u00a0\u00bb, sera port\u00e9 par la commission reconnaissance et r\u00e9paration (CRR), une instance mise en place par la CEF apr\u00e8s les r\u00e9v\u00e9lations, en\u00a02021, sur la p\u00e9docriminalit\u00e9 dans l\u2019Eglise depuis les ann\u00e9es\u00a01950. Op\u00e9rationnel \u00e0 compter de septembre\u00a02025, le dispositif sera \u00ab\u00a0enti\u00e8rement financ\u00e9 par les fonds propres du mouvement Emma\u00fcs et ceux de la CEF\u00a0\u00bb.<\/p>\n<p>Le principe est celui de la \u00ab\u00a0responsabilit\u00e9 partag\u00e9e\u00a0\u00bb, du moins \u00e0 partir de\u00a01954, date \u00e0 laquelle l\u2019abb\u00e9 Pierre est associ\u00e9 tant \u00e0 Emma\u00fcs qu\u2019\u00e0 l\u2019\u00c9glise. \u00ab\u00a0Avant cette date, la CEF assumera seule cette charge\u00a0\u00bb, affirme l\u2019hebdomadaire La Vie.<\/p>\n<p>Quelles prises en charge pour les victimes\u00a0?<\/p>\n<p>L\u2019autre instance de r\u00e9paration mise en place par l\u2019Eglise, l\u2019Inirr, s\u2019est elle engag\u00e9e \u00e0 \u00ab\u00a0prendre en charge la r\u00e9paration pour les trois victimes de l\u2019abb\u00e9 Pierre qui l\u2019ont d\u00e9j\u00e0 contact\u00e9e\u00a0\u00bb, assure Emma\u00fcs. La CRR et l\u2019Inirr recueillent les t\u00e9moignages de victimes et proposent une r\u00e9paration financi\u00e8re pouvant aller jusqu\u2019\u00e0 60.000 euros.<\/p>\n<p>Dans ce \u00ab\u00a0travail de transparence\u00a0\u00bb, Emma\u00fcs rappelle avoir cr\u00e9\u00e9 une commission de recherche dont le rapport est attendu \u00ab\u00a0d\u00e9but\u00a02027\u00a0\u00bb. \u00ab\u00a0D\u00e9sormais, une nouvelle phase s\u2019ouvre, avec un dispositif complet au service des victimes\u00a0\u00bb, assure le communiqu\u00e9.<\/p>\n<p>Quelles cons\u00e9quences sur la Fondation abb\u00e9 Pierre\u00a0?<\/p>\n<p>Ce scandale, qui a grossi au fil des trois rapports publi\u00e9s en juillet\u00a02024, septembre\u00a02024 et janvier\u00a02025, a eu des r\u00e9percussions profondes pour Emma\u00fcs comme pour l\u2019Eglise de France. La Fondation abb\u00e9 Pierre, que le pr\u00eatre avait cr\u00e9\u00e9e avec des proches en\u00a01987, a ainsi chang\u00e9 de nom le 25\u00a0janvier, pour devenir la \u00ab\u00a0Fondation pour le logement des d\u00e9favoris\u00e9s\u00a0\u00bb, puis de logo en mars.<\/p>\n<p>Emma\u00fcs France a ferm\u00e9 d\u00e9finitivement le lieu de m\u00e9moire d\u00e9di\u00e9 au pr\u00eatre, \u00e0 Esteville (Seine-Maritime). Et des centaines de rues, places et b\u00e2timents ont \u00e9t\u00e9 d\u00e9baptis\u00e9s.<\/p>\n<p>C\u00f4t\u00e9 Eglise de France, les archives ouvertes mi-septembre ont montr\u00e9 comment, d\u00e8s les ann\u00e9es\u00a01950, la hi\u00e9rarchie \u00e9piscopale avait gard\u00e9 le silence sur un comportement jug\u00e9 \u00ab\u00a0probl\u00e9matique\u00a0\u00bb mais jamais nomm\u00e9. Selon un livre-enqu\u00eate paru en avril, le Vatican \u00e9tait au courant \u00ab\u00a0d\u00e8s l\u2019automne\u00a01955\u00a0\u00bb des agissements d\u2019Henri Grou\u00e8s.<\/p>\n<p><a href=\"https:\/\/www.20minutes.fr\/societe\/abbe-pierre\/\" class=\"c-link c-btn c-btn--primary\" rel=\"nofollow noopener\" target=\"_blank\">Notre dossier sur l&rsquo;abb\u00e9 Pierre<\/a><\/p>\n<p>Mais malgr\u00e9 les demandes de la CEF, aucune enqu\u00eate p\u00e9nale ne sera ouverte pour \u00e9tablir des responsabilit\u00e9s dans ces multiples accusations, car le pr\u00eatre est d\u00e9c\u00e9d\u00e9 en\u00a02007, et la non-d\u00e9nonciation des faits est couverte par la prescription.<\/p>\n","protected":false},"excerpt":{"rendered":"Un an apr\u00e8s les premi\u00e8res r\u00e9v\u00e9lations concernant l\u2019abb\u00e9 Pierre, douze nouvelles victimes de violences sexuelles dont sept mineures&hellip;\n","protected":false},"author":2,"featured_media":241049,"comment_status":"","ping_status":"","sticky":false,"template":"","format":"standard","meta":{"footnotes":""},"categories":[4],"tags":[10784,47,11,1267,11863,12336,37652,1067,11587,1011,27,12,25,104,4193,1265,7434,797,799],"class_list":{"0":"post-241048","1":"post","2":"type-post","3":"status-publish","4":"format-standard","5":"has-post-thumbnail","7":"category-france","8":"tag-abbe-pierre","9":"tag-actualite","10":"tag-actualites","11":"tag-agression-sexuelle","12":"tag-catholicisme","13":"tag-eglise","14":"tag-emmaus","15":"tag-enquete","16":"tag-fondation-abbe-pierre","17":"tag-fr","18":"tag-france","19":"tag-news","20":"tag-republique-francaise","21":"tag-societe","22":"tag-vatican","23":"tag-viol","24":"tag-violences-sexuelles-et-sexistes","25":"tag-violences-faites-aux-femmes","26":"tag-violences-sexuelles"},"share_on_mastodon":{"url":"https:\/\/pubeurope.com\/@fr\/114831246169899465","error":""},"_links":{"self":[{"href":"https:\/\/www.europesays.com\/fr\/wp-json\/wp\/v2\/posts\/241048","targetHints":{"allow":["GET"]}}],"collection":[{"href":"https:\/\/www.europesays.com\/fr\/wp-json\/wp\/v2\/posts"}],"about":[{"href":"https:\/\/www.europesays.com\/fr\/wp-json\/wp\/v2\/types\/post"}],"author":[{"embeddable":true,"href":"https:\/\/www.europesays.com\/fr\/wp-json\/wp\/v2\/users\/2"}],"replies":[{"embeddable":true,"href":"https:\/\/www.europesays.com\/fr\/wp-json\/wp\/v2\/comments?post=241048"}],"version-history":[{"count":0,"href":"https:\/\/www.europesays.com\/fr\/wp-json\/wp\/v2\/posts\/241048\/revisions"}],"wp:featuredmedia":[{"embeddable":true,"href":"https:\/\/www.europesays.com\/fr\/wp-json\/wp\/v2\/media\/241049"}],"wp:attachment":[{"href":"https:\/\/www.europesays.com\/fr\/wp-json\/wp\/v2\/media?parent=241048"}],"wp:term":[{"taxonomy":"category","embeddable":true,"href":"https:\/\/www.europesays.com\/fr\/wp-json\/wp\/v2\/categories?post=241048"},{"taxonomy":"post_tag","embeddable":true,"href":"https:\/\/www.europesays.com\/fr\/wp-json\/wp\/v2\/tags?post=241048"}],"curies":[{"name":"wp","href":"https:\/\/api.w.org\/{rel}","templated":true}]}}