{"id":24105,"date":"2025-04-14T11:14:11","date_gmt":"2025-04-14T11:14:11","guid":{"rendered":"https:\/\/www.europesays.com\/fr\/24105\/"},"modified":"2025-04-14T11:14:11","modified_gmt":"2025-04-14T11:14:11","slug":"vesoul-le-photographe-benoit-py-distingue-portraitiste-de-france","status":"publish","type":"post","link":"https:\/\/www.europesays.com\/fr\/24105\/","title":{"rendered":"Vesoul. Le photographe Beno\u00eet Py distingu\u00e9 Portraitiste de France"},"content":{"rendered":"<p>Beno\u00eet Py ne compte plus les familles, couples, enfants, qui sont pass\u00e9s devant son objectif. Depuis sept ans, le V\u00e9sulien, plus connu sous le nom de <a href=\"https:\/\/www.estrepublicain.fr\/edition-de-vesoul-haute-saone\/2018\/05\/15\/grand-angle-sur-un-nouveau-studio-photo\" target=\"_blank\" rel=\"noopener\">Beno\u00eet Grand Angle, a install\u00e9 son studio photo<\/a> rue d\u2019Alsace-Lorraine \u00e0 Vesoul. Sp\u00e9cialis\u00e9 dans le portrait, il fait aussi de la photo de mariage, grossesse, et de la photo d\u2019entreprise. \u00ab\u00a0Je propose des tirages photos, je fais aussi des photos d\u2019identit\u00e9 et de la r\u00e9novation de photos anciennes et de diapositives\u00a0\u00bb, explique celui qui fait de la photo depuis 2011.<\/p>\n<p>Rest\u00e9 longtemps \u00e9loign\u00e9 des concours, Beno\u00eet&#8230;<\/p>\n","protected":false},"excerpt":{"rendered":"Beno\u00eet Py ne compte plus les familles, couples, enfants, qui sont pass\u00e9s devant son objectif. Depuis sept ans,&hellip;\n","protected":false},"author":2,"featured_media":24106,"comment_status":"","ping_status":"","sticky":false,"template":"","format":"standard","meta":{"footnotes":""},"categories":[1358],"tags":[1348,1384,1385,1687,1386,58,8698,59,1011,27,104,3673,8697],"class_list":{"0":"post-24105","1":"post","2":"type-post","3":"status-publish","4":"format-standard","5":"has-post-thumbnail","7":"category-arts-et-design","8":"tag-arts","9":"tag-arts-and-design","10":"tag-arts-et-design","11":"tag-culture-loisirs","12":"tag-design","13":"tag-divertissement","14":"tag-edition-vesoul-haute-saone","15":"tag-entertainment","16":"tag-fr","17":"tag-france","18":"tag-societe","19":"tag-vesoul","20":"tag-vesoul-ville-70a"},"share_on_mastodon":{"url":"https:\/\/pubeurope.com\/@fr\/114336030019474937","error":""},"_links":{"self":[{"href":"https:\/\/www.europesays.com\/fr\/wp-json\/wp\/v2\/posts\/24105","targetHints":{"allow":["GET"]}}],"collection":[{"href":"https:\/\/www.europesays.com\/fr\/wp-json\/wp\/v2\/posts"}],"about":[{"href":"https:\/\/www.europesays.com\/fr\/wp-json\/wp\/v2\/types\/post"}],"author":[{"embeddable":true,"href":"https:\/\/www.europesays.com\/fr\/wp-json\/wp\/v2\/users\/2"}],"replies":[{"embeddable":true,"href":"https:\/\/www.europesays.com\/fr\/wp-json\/wp\/v2\/comments?post=24105"}],"version-history":[{"count":0,"href":"https:\/\/www.europesays.com\/fr\/wp-json\/wp\/v2\/posts\/24105\/revisions"}],"wp:featuredmedia":[{"embeddable":true,"href":"https:\/\/www.europesays.com\/fr\/wp-json\/wp\/v2\/media\/24106"}],"wp:attachment":[{"href":"https:\/\/www.europesays.com\/fr\/wp-json\/wp\/v2\/media?parent=24105"}],"wp:term":[{"taxonomy":"category","embeddable":true,"href":"https:\/\/www.europesays.com\/fr\/wp-json\/wp\/v2\/categories?post=24105"},{"taxonomy":"post_tag","embeddable":true,"href":"https:\/\/www.europesays.com\/fr\/wp-json\/wp\/v2\/tags?post=24105"}],"curies":[{"name":"wp","href":"https:\/\/api.w.org\/{rel}","templated":true}]}}