{"id":241056,"date":"2025-07-10T22:18:43","date_gmt":"2025-07-10T22:18:43","guid":{"rendered":"https:\/\/www.europesays.com\/fr\/241056\/"},"modified":"2025-07-10T22:18:43","modified_gmt":"2025-07-10T22:18:43","slug":"malzeville-saint-max-cetait-la-fete-au-centre-social-saint-michel-jericho","status":"publish","type":"post","link":"https:\/\/www.europesays.com\/fr\/241056\/","title":{"rendered":"Malz\u00e9ville-Saint-Max. C\u2019\u00e9tait la f\u00eate au centre social Saint-Michel J\u00e9richo"},"content":{"rendered":"<p>Traditionnelle f\u00eate de quartier pour le centre social Saint Michel J\u00e9richo samedi dernier. Avec la chaleur\u00a0! Mais une buvette aux petits soins et de nombreuses animations avec un max de jeux, les Graf disques, un ch\u00e2teau gonflable pour les petits port\u00e9es par les b\u00e9n\u00e9voles, l\u2019ont fait oublier. La journ\u00e9e s\u2019est finie par une\u00a0\u00e9chapp\u00e9e sonore et visuelle des ados avec l\u2019Autre Canal Nancy.<\/p>\n","protected":false},"excerpt":{"rendered":"Traditionnelle f\u00eate de quartier pour le centre social Saint Michel J\u00e9richo samedi dernier. Avec la chaleur\u00a0! Mais une&hellip;\n","protected":false},"author":2,"featured_media":241057,"comment_status":"","ping_status":"","sticky":false,"template":"","format":"standard","meta":{"footnotes":""},"categories":[9635],"tags":[1111,11,1687,1704,1777,674,3326,1011,27,775,11259,11260,1702,12,25],"class_list":{"0":"post-241056","1":"post","2":"type-post","3":"status-publish","4":"format-standard","5":"has-post-thumbnail","7":"category-nancy","8":"tag-actu","9":"tag-actualites","10":"tag-culture-loisirs","11":"tag-edition-nancy-et-agglomeration","12":"tag-eu","13":"tag-europe","14":"tag-fete-locale","15":"tag-fr","16":"tag-france","17":"tag-grand-est","18":"tag-malzeville","19":"tag-metropole-du-grand-nancy-54b4","20":"tag-nancy","21":"tag-news","22":"tag-republique-francaise"},"share_on_mastodon":{"url":"https:\/\/pubeurope.com\/@fr\/114831262075361613","error":""},"_links":{"self":[{"href":"https:\/\/www.europesays.com\/fr\/wp-json\/wp\/v2\/posts\/241056","targetHints":{"allow":["GET"]}}],"collection":[{"href":"https:\/\/www.europesays.com\/fr\/wp-json\/wp\/v2\/posts"}],"about":[{"href":"https:\/\/www.europesays.com\/fr\/wp-json\/wp\/v2\/types\/post"}],"author":[{"embeddable":true,"href":"https:\/\/www.europesays.com\/fr\/wp-json\/wp\/v2\/users\/2"}],"replies":[{"embeddable":true,"href":"https:\/\/www.europesays.com\/fr\/wp-json\/wp\/v2\/comments?post=241056"}],"version-history":[{"count":0,"href":"https:\/\/www.europesays.com\/fr\/wp-json\/wp\/v2\/posts\/241056\/revisions"}],"wp:featuredmedia":[{"embeddable":true,"href":"https:\/\/www.europesays.com\/fr\/wp-json\/wp\/v2\/media\/241057"}],"wp:attachment":[{"href":"https:\/\/www.europesays.com\/fr\/wp-json\/wp\/v2\/media?parent=241056"}],"wp:term":[{"taxonomy":"category","embeddable":true,"href":"https:\/\/www.europesays.com\/fr\/wp-json\/wp\/v2\/categories?post=241056"},{"taxonomy":"post_tag","embeddable":true,"href":"https:\/\/www.europesays.com\/fr\/wp-json\/wp\/v2\/tags?post=241056"}],"curies":[{"name":"wp","href":"https:\/\/api.w.org\/{rel}","templated":true}]}}