{"id":241073,"date":"2025-07-10T22:27:15","date_gmt":"2025-07-10T22:27:15","guid":{"rendered":"https:\/\/www.europesays.com\/fr\/241073\/"},"modified":"2025-07-10T22:27:15","modified_gmt":"2025-07-10T22:27:15","slug":"un-accord-sur-la-table-entre-la-metro-le-gf38-et-le-fcg","status":"publish","type":"post","link":"https:\/\/www.europesays.com\/fr\/241073\/","title":{"rendered":"un \u00ab\u00a0accord sur la table\u00a0\u00bb entre la M\u00e9tro, le GF38 et le FCG"},"content":{"rendered":"<p>Apr\u00e8s des semaines de tension, c\u2019est \u00ab\u00a0une grande nouvelle dans la suite du passionnant feuilleton du stade des Alpes qui nous occupe depuis maintenant quelques mois et de mani\u00e8re plus intense quelques semaines\u00a0\u00bb qu\u2019a annonc\u00e9e ce jeudi, Corine Lemariey, vice-pr\u00e9sidente en charge des sports de Grenoble Alpes m\u00e9tropole.\u00a0L\u2019\u00e9lue a indiqu\u00e9 qu\u2019\u00ab\u00a0un accord est sur la table entre la M\u00e9tropole et les clubs pour que les \u00e9quipes du GF38 et du FCG puissent, lors de la prochaine saison, jouer au stade des Alpes\u00a0\u00bb.\ufeff Le fruit de longues semaines de n\u00e9gociations apr\u00e8s des mois mouvement\u00e9s.<\/p>\n<p>La fin du \u00ab\u00a0bras de fer\u00a0\u00bb\u00a0?<\/p>\n<p>Le premier \u00e9pisode du feuilleton remonte \u00e0 d\u00e9cembre dernier. Les deux clubs&#8230;<\/p>\n","protected":false},"excerpt":{"rendered":"Apr\u00e8s des semaines de tension, c\u2019est \u00ab\u00a0une grande nouvelle dans la suite du passionnant feuilleton du stade des&hellip;\n","protected":false},"author":2,"featured_media":241074,"comment_status":"","ping_status":"","sticky":false,"template":"","format":"standard","meta":{"footnotes":""},"categories":[9566],"tags":[1111,11,2430,33,112,1777,674,2727,1701,63,1011,27,12637,2731,2732,108,12636,1985,12,316,2308,25,479,106,517,1947],"class_list":{"0":"post-241073","1":"post","2":"type-post","3":"status-publish","4":"format-standard","5":"has-post-thumbnail","7":"category-grenoble","8":"tag-actu","9":"tag-actualites","10":"tag-auvergne-rhone-alpes","11":"tag-economie","12":"tag-edition-grenoble-agglomeration","13":"tag-eu","14":"tag-europe","15":"tag-fcg-fc-grenoble-rugby","16":"tag-fil-info-sport","17":"tag-football","18":"tag-fr","19":"tag-france","20":"tag-gf38-grenoble-foot-38","21":"tag-grenoble","22":"tag-grenoble-bassin","23":"tag-isere","24":"tag-ligue-2-football","25":"tag-metropole-de-grenoble","26":"tag-news","27":"tag-politique","28":"tag-pro-d2","29":"tag-republique-francaise","30":"tag-rugby","31":"tag-selection-de-la-redaction-38","32":"tag-sport","33":"tag-sport-national"},"share_on_mastodon":{"url":"https:\/\/pubeurope.com\/@fr\/114831297362350480","error":""},"_links":{"self":[{"href":"https:\/\/www.europesays.com\/fr\/wp-json\/wp\/v2\/posts\/241073","targetHints":{"allow":["GET"]}}],"collection":[{"href":"https:\/\/www.europesays.com\/fr\/wp-json\/wp\/v2\/posts"}],"about":[{"href":"https:\/\/www.europesays.com\/fr\/wp-json\/wp\/v2\/types\/post"}],"author":[{"embeddable":true,"href":"https:\/\/www.europesays.com\/fr\/wp-json\/wp\/v2\/users\/2"}],"replies":[{"embeddable":true,"href":"https:\/\/www.europesays.com\/fr\/wp-json\/wp\/v2\/comments?post=241073"}],"version-history":[{"count":0,"href":"https:\/\/www.europesays.com\/fr\/wp-json\/wp\/v2\/posts\/241073\/revisions"}],"wp:featuredmedia":[{"embeddable":true,"href":"https:\/\/www.europesays.com\/fr\/wp-json\/wp\/v2\/media\/241074"}],"wp:attachment":[{"href":"https:\/\/www.europesays.com\/fr\/wp-json\/wp\/v2\/media?parent=241073"}],"wp:term":[{"taxonomy":"category","embeddable":true,"href":"https:\/\/www.europesays.com\/fr\/wp-json\/wp\/v2\/categories?post=241073"},{"taxonomy":"post_tag","embeddable":true,"href":"https:\/\/www.europesays.com\/fr\/wp-json\/wp\/v2\/tags?post=241073"}],"curies":[{"name":"wp","href":"https:\/\/api.w.org\/{rel}","templated":true}]}}