{"id":241075,"date":"2025-07-10T22:28:38","date_gmt":"2025-07-10T22:28:38","guid":{"rendered":"https:\/\/www.europesays.com\/fr\/241075\/"},"modified":"2025-07-10T22:28:38","modified_gmt":"2025-07-10T22:28:38","slug":"une-vague-de-chaleur-arrive-sur-la-bretagne-a-partir-de-jeudi-10-juillet-voici-a-quoi","status":"publish","type":"post","link":"https:\/\/www.europesays.com\/fr\/241075\/","title":{"rendered":"Une vague de chaleur arrive sur la Bretagne \u00e0 partir de jeudi 10\u00a0juillet, voici \u00e0 quoi"},"content":{"rendered":"<tr wp_automatic_readability=\"6.875\">\n<td valign=\"middle\" align=\"center\" class=\"col-logo\" wp_automatic_readability=\"5\">\n    <img decoding=\"async\" src=\"https:\/\/maville.com\/design\/images\/logo-of-monetise.svg?version=20130627\" alt=\"logo Ouest-France\" height=\"66\"\/><\/p>\n<p>Contenu r\u00e9serv\u00e9 aux abonn\u00e9s<\/p>\n<\/td>\n<td class=\"col-titre\">\n\t\t\tMercredi 09 juillet 2025 19:45<br \/>\n\t\t\t<a class=\"icon-bulle sizeL count\" href=\"#ancreAvis\"><br \/>\n\t&#8230;<br \/>\n<\/a><\/td>\n<\/tr>\n<p>\t\t<a class=\"mavillebox2 elmt-photo\" href=\"https:\/\/maville.com\/photosmvi\/2025\/07\/09\/P35346606D6893435G.jpg\" title=\" Une nouvelle vague de chaleur est pr\u00e9vue en Bretagne, \u00e0 partir de jeudi 10\u00a0juillet 2025 et au moins jusqu\u2019\u00e0 33\u00a0\u00b0C \u00e0 Rennes. (Photo d\u2019illustration).  \u00a9  Archives Marc Ollivier\/Ouest-France  &lt;!--TAG-BLC credit--&gt;\" rel=\"galerie_actu nofollow noopener\" target=\"_blank\"><br \/>\n\t<img decoding=\"async\" src=\"https:\/\/www.europesays.com\/fr\/wp-content\/uploads\/2025\/07\/P35346606D6893435G_crop_640-330_.jpg\" alt=\"photo  une nouvelle vague de chaleur est pr\u00e9vue en bretagne, \u00e0 partir de jeudi 10\u00a0juillet 2025 et au moins jusqu\u2019\u00e0 33\u00a0\u00b0c \u00e0 rennes. (photo d\u2019illustration).  \u00a9  archives marc ollivier\/ouest-france \"\/><br \/>\n\t1<br \/>\n<\/a><\/p>\n<p class=\"elmt-legende\"> Une nouvelle vague de chaleur est pr\u00e9vue en Bretagne, \u00e0 partir de jeudi 10\u00a0juillet 2025 et au moins jusqu\u2019\u00e0 33\u00a0\u00b0C \u00e0 Rennes. (Photo d\u2019illustration).  \u00a9  Archives Marc Ollivier\/Ouest-France  <\/p>\n<p>\t\tUne nouvelle vague de chaleur est pr\u00e9vue en Bretagne, \u00e0 partir de jeudi 10\u00a0juillet 2025 et au moins jusqu\u2019\u00e0 33\u00a0\u00b0C \u00e0 Rennes (Ille-et-Vilaine). Le thermom\u00e8tre devrait grimper \u00e0 35\u00a0\u00b0C localement ce week-end. Avec un contexte de s\u00e9cheresse, le risque d\u2019incendie est \u00ab\u00a0s\u00e9v\u00e8re\u00a0\u00bb en Bretagne selon Temps breton. On fait le point.<\/p>\n<p><b>Cet article est r\u00e9serv\u00e9 aux abonn\u00e9s<\/b><\/p>\n<p>Pour un acc\u00e8s imm\u00e9diat, abonnez-vous<\/p>\n<p><b>1\u00e8re semaine offerte<\/b><\/p>\n<p>\t\t Edouard LAMORT. \u00a0\u00a0<br \/>\n\t\tOuest-France<\/p>\n<p>Retrouvez d&rsquo;autres actus sur les communes de :<\/p>\n<p>\t\t&#13;<\/p>\n","protected":false},"excerpt":{"rendered":"Contenu r\u00e9serv\u00e9 aux abonn\u00e9s Mercredi 09 juillet 2025 19:45 &#8230; 1 Une nouvelle vague de chaleur est pr\u00e9vue&hellip;\n","protected":false},"author":2,"featured_media":241076,"comment_status":"","ping_status":"","sticky":false,"template":"","format":"standard","meta":{"footnotes":""},"categories":[2821],"tags":[5481,1111,11,15200,11351,829,13208,1777,674,1011,27,9272,2868,12,5537,584,25,27319],"class_list":{"0":"post-241075","1":"post","2":"type-post","3":"status-publish","4":"format-standard","5":"has-post-thumbnail","7":"category-rennes","8":"tag-5481","9":"tag-actu","10":"tag-actualites","11":"tag-arrive","12":"tag-attendre","13":"tag-bretagne","14":"tag-chaleur","15":"tag-eu","16":"tag-europe","17":"tag-fr","18":"tag-france","19":"tag-jeudi","20":"tag-juillet","21":"tag-news","22":"tag-partir","23":"tag-rennes","24":"tag-republique-francaise","25":"tag-vague"},"share_on_mastodon":{"url":"https:\/\/pubeurope.com\/@fr\/114831301375823453","error":""},"_links":{"self":[{"href":"https:\/\/www.europesays.com\/fr\/wp-json\/wp\/v2\/posts\/241075","targetHints":{"allow":["GET"]}}],"collection":[{"href":"https:\/\/www.europesays.com\/fr\/wp-json\/wp\/v2\/posts"}],"about":[{"href":"https:\/\/www.europesays.com\/fr\/wp-json\/wp\/v2\/types\/post"}],"author":[{"embeddable":true,"href":"https:\/\/www.europesays.com\/fr\/wp-json\/wp\/v2\/users\/2"}],"replies":[{"embeddable":true,"href":"https:\/\/www.europesays.com\/fr\/wp-json\/wp\/v2\/comments?post=241075"}],"version-history":[{"count":0,"href":"https:\/\/www.europesays.com\/fr\/wp-json\/wp\/v2\/posts\/241075\/revisions"}],"wp:featuredmedia":[{"embeddable":true,"href":"https:\/\/www.europesays.com\/fr\/wp-json\/wp\/v2\/media\/241076"}],"wp:attachment":[{"href":"https:\/\/www.europesays.com\/fr\/wp-json\/wp\/v2\/media?parent=241075"}],"wp:term":[{"taxonomy":"category","embeddable":true,"href":"https:\/\/www.europesays.com\/fr\/wp-json\/wp\/v2\/categories?post=241075"},{"taxonomy":"post_tag","embeddable":true,"href":"https:\/\/www.europesays.com\/fr\/wp-json\/wp\/v2\/tags?post=241075"}],"curies":[{"name":"wp","href":"https:\/\/api.w.org\/{rel}","templated":true}]}}