{"id":241078,"date":"2025-07-10T22:30:23","date_gmt":"2025-07-10T22:30:23","guid":{"rendered":"https:\/\/www.europesays.com\/fr\/241078\/"},"modified":"2025-07-10T22:30:23","modified_gmt":"2025-07-10T22:30:23","slug":"contraint-de-rester-en-cage-le-chat-ptibeur-10-ans-a-urgemment-besoin-dune-famille","status":"publish","type":"post","link":"https:\/\/www.europesays.com\/fr\/241078\/","title":{"rendered":"contraint de rester en cage, le chat Ptibeur, 10 ans, a urgemment besoin d&rsquo;une famille"},"content":{"rendered":"<p>Aujourd\u2019hui, nous lan\u00e7ons une bouteille \u00e0 la mer pour Ptibeur qui a besoin d\u2019une famille d\u2019accueil au plus vite\u00a0!<\/p>\n<p>Ce chat de capture est arriv\u00e9 au refuge le 30\u00a0avril dernier mal en point. Bien que son \u00e9tat se soit am\u00e9lior\u00e9, sa sant\u00e9 est fragile et malheureusement, ses jours sont compt\u00e9s\u2026<\/p>\n<p><a href=\"https:\/\/www.dna.fr\/societe\/2025\/07\/04\/spa-qui-adoptera-la-lapine-pita-agee-de-6-ans\" target=\"_blank\" rel=\"nofollow noopener\">Le refuge<\/a> est \u00e0 la recherche d\u2019une famille sans autres animaux, sans acc\u00e8s ext\u00e9rieur et souhaitant l\u2019accueillir pour lui \u00e9viter de finir sa vie en cage.<\/p>\n<p>Ce matou tr\u00e8s discret et calme n\u2019a pas l\u2019habitude du contact humain, ne se laisse pas toucher, n\u2019est pas du tout agressif et pr\u00e9f\u00e9rera la fuite \u00e0 la confrontation. Pitbeur deviendra peut-\u00eatre c\u00e2lin avec sa future famille. C\u2019est un chat qui souffre de plusieurs pathologies, l\u2019emp\u00eachant de vivre avec ses cong\u00e9n\u00e8res. Il est contraint \u00e0 rester en cage, ce qui n\u2019est pas notre souhait\u2026<\/p>\n<p>  Sauver un chat peu g\u00e2t\u00e9 par la vie<\/p>\n<p>Ses jours sont compt\u00e9s car Ptibeur est positif FIV et au FeLV (leucose). Apr\u00e8s des examens plus pouss\u00e9s, nous avons appris que la charge virale de la leucose est extr\u00eamement \u00e9lev\u00e9e et selon le v\u00e9t\u00e9rinaire, son \u00e9tat peut basculer du jour au lendemain. Ces deux pathologies ne sont transmissibles qu\u2019entre chats et il n\u2019y a aucun risque pour les humains.<\/p>\n<p>Bien que gourmand, Ptibeur souffre \u00e9galement de probl\u00e8mes digestifs. Tous les frais v\u00e9t\u00e9rinaires sont pris en charge par la SPA.<\/p>\n<p>Ce contenu est bloqu\u00e9 car vous n&rsquo;avez pas accept\u00e9 les cookies et autres traceurs.<\/p>\n<p>En cliquant sur \u00ab J\u2019accepte \u00bb, les cookies et autres traceurs seront d\u00e9pos\u00e9s et vous pourrez visualiser les contenus  (<a href=\"\" class=\"consentModule_policy\" target=\"_blank\" title=\"Consulter la politique de protection des donn\u00e9es du fournisseur\">plus d&rsquo;informations<\/a>).<\/p>\n<p>En cliquant sur \u00ab J\u2019accepte tous les cookies \u00bb, vous autorisez des d\u00e9p\u00f4ts de cookies et autres traceurs pour le stockage de vos donn\u00e9es sur nos sites et applications \u00e0 des fins de personnalisation et de ciblage publicitaire.<\/p>\n<p class=\"consentModule_secondaryText\">Vous gardez la possibilit\u00e9 de retirer votre consentement \u00e0 tout moment en consultant notre <a href=\"https:\/\/www.dna.fr\/protection-des-donnees\" target=\"_blank\" title=\"Consulter notre politique de protection des donn\u00e9es\" rel=\"nofollow noopener\">politique de protection des donn\u00e9es<\/a>. <br \/>&#13;<br \/>\n            <a href=\"https:\/\/www.dna.fr\/societe\/2025\/07\/10\/javascript:Didomi.notice.show()\" class=\"consentModule_cmp\" rel=\"nofollow noopener\" target=\"_blank\">G\u00e9rer mes choix<\/a>&#13;\n        <\/p>\n<p>&#13;<br \/>\n                        J&rsquo;accepte&#13;<br \/>\n            J&rsquo;accepte tous les cookies&#13;\n        <\/p>\n<p>Si vous vivez \u00e0 moins de 25\u00a0km de Strasbourg et si vous \u00eates v\u00e9hicul\u00e9 pour pouvoir vous rendre dans nos cliniques partenaires et si vous n\u2019avez pas d\u2019autres animaux, Ptibeur sera heureux de vivre aupr\u00e8s de vous. Son adoption serait un v\u00e9ritable sauvetage, car cet acte si bienveillant permettrait \u00e0 un chat peu g\u00e2t\u00e9 par la vie d\u2019avoir une minime chance de vivre heureux quelque temps.\u00a0\u00a0\u00a0\u00a0\u00a0\u00a0<\/p>\n<p class=\"note\">SPA de Strasbourg\u00a0: 7, rue de l\u2019Entenloch \u00e0 Cronenbourg, 03 88 34 67 67, accueil@spa-strasbourg.org\u00a0; chatterie@spa-strasbourg.org<\/p>\n<p class=\"note\">www.spa-strasbourg.org<\/p>\n","protected":false},"excerpt":{"rendered":"Aujourd\u2019hui, nous lan\u00e7ons une bouteille \u00e0 la mer pour Ptibeur qui a besoin d\u2019une famille d\u2019accueil au plus&hellip;\n","protected":false},"author":2,"featured_media":241079,"comment_status":"","ping_status":"","sticky":false,"template":"","format":"standard","meta":{"footnotes":""},"categories":[2820],"tags":[1111,11,1867,2880,1777,674,107,1011,27,775,12,25,104,640,2879],"class_list":{"0":"post-241078","1":"post","2":"type-post","3":"status-publish","4":"format-standard","5":"has-post-thumbnail","7":"category-strasbourg","8":"tag-actu","9":"tag-actualites","10":"tag-animaux","11":"tag-edition-strasbourg","12":"tag-eu","13":"tag-europe","14":"tag-fil-info","15":"tag-fr","16":"tag-france","17":"tag-grand-est","18":"tag-news","19":"tag-republique-francaise","20":"tag-societe","21":"tag-strasbourg","22":"tag-strasbourg-ville"},"share_on_mastodon":{"url":"https:\/\/pubeurope.com\/@fr\/114831309224753249","error":""},"_links":{"self":[{"href":"https:\/\/www.europesays.com\/fr\/wp-json\/wp\/v2\/posts\/241078","targetHints":{"allow":["GET"]}}],"collection":[{"href":"https:\/\/www.europesays.com\/fr\/wp-json\/wp\/v2\/posts"}],"about":[{"href":"https:\/\/www.europesays.com\/fr\/wp-json\/wp\/v2\/types\/post"}],"author":[{"embeddable":true,"href":"https:\/\/www.europesays.com\/fr\/wp-json\/wp\/v2\/users\/2"}],"replies":[{"embeddable":true,"href":"https:\/\/www.europesays.com\/fr\/wp-json\/wp\/v2\/comments?post=241078"}],"version-history":[{"count":0,"href":"https:\/\/www.europesays.com\/fr\/wp-json\/wp\/v2\/posts\/241078\/revisions"}],"wp:featuredmedia":[{"embeddable":true,"href":"https:\/\/www.europesays.com\/fr\/wp-json\/wp\/v2\/media\/241079"}],"wp:attachment":[{"href":"https:\/\/www.europesays.com\/fr\/wp-json\/wp\/v2\/media?parent=241078"}],"wp:term":[{"taxonomy":"category","embeddable":true,"href":"https:\/\/www.europesays.com\/fr\/wp-json\/wp\/v2\/categories?post=241078"},{"taxonomy":"post_tag","embeddable":true,"href":"https:\/\/www.europesays.com\/fr\/wp-json\/wp\/v2\/tags?post=241078"}],"curies":[{"name":"wp","href":"https:\/\/api.w.org\/{rel}","templated":true}]}}