{"id":241080,"date":"2025-07-10T22:31:28","date_gmt":"2025-07-10T22:31:28","guid":{"rendered":"https:\/\/www.europesays.com\/fr\/241080\/"},"modified":"2025-07-10T22:31:28","modified_gmt":"2025-07-10T22:31:28","slug":"bal-dansant-feux-dartifice-et-drones-vont-ambiancer-strasbourg","status":"publish","type":"post","link":"https:\/\/www.europesays.com\/fr\/241080\/","title":{"rendered":"bal dansant, feux d\u2019artifice et drones vont ambiancer Strasbourg !"},"content":{"rendered":"<p>    <img loading=\"lazy\" width=\"1800\" height=\"900\" src=\"https:\/\/www.europesays.com\/fr\/wp-content\/uploads\/2025\/04\/jeanne-callthepolice.jpg\" class=\"attachment-full size-full\" alt=\"\" id=\"imageLove\" decoding=\"async\"  \/><\/p>\n<p id=\"breadcrumbs\"><a href=\"https:\/\/pokaa.fr\/\" target=\"_blank\" rel=\"noopener\">Accueil<\/a> \/ <a href=\"https:\/\/pokaa.fr\/categories\/ses-sorties\/\" target=\"_blank\" rel=\"noopener\">Sorties<\/a> \/ F\u00eate du 14 juillet : bal dansant, feux d\u2019artifice et drones vont ambiancer Strasbourg !<\/p>\n<p>                    Sorties<\/p>\n<p class=\"p1\"><b>Pour le 14 juillet, Strasbourg pr\u00e9voit son habituel bal dansant et son feu d\u2019artifice, tir\u00e9 depuis le parc de l\u2019\u00c9toile. Cette ann\u00e9e encore, des s\u00e9quences de plusieurs centaines de drones accompagneront les festivit\u00e9s. Et pour l\u2019occasion, le stationnement et la circulation seront quelque peu perturb\u00e9s.<\/b><\/p>\n<p class=\"p1\">Pour ce 14 juillet, Strasbourg s\u2019illuminera une nouvelle fois avec des feux d\u2019artifice. <b>Alors que l\u2019an dernier, la Ville avait \u00e9chapp\u00e9 \u00e0 un beau casse-t\u00eate organisationnel avec l\u2019\u00e9limination de la France en demi-finale de l\u2019Euro<\/b> [la finale ayant eu lieu le 14 juillet, ndlr], cette ann\u00e9e, ce sera plus tranquille puisqu\u2019aucun match de l\u2019Euro f\u00e9minin n\u2019aura lieu le jour de la f\u00eate nationale.<\/p>\n<p>Si les temp\u00e9ratures sont amen\u00e9es \u00e0 grimper dans les prochains jours pour f\u00eater le 14 juillet, le programme des festivit\u00e9s reste classique. <strong>Il invite les Strasbourgeois(es) \u00e0 se r\u00e9unir une nouvelle fois place de l\u2019\u00c9toile !<\/strong><\/p>\n<p>    <img width=\"800\" height=\"532\" src=\"https:\/\/www.europesays.com\/fr\/wp-content\/uploads\/2025\/07\/220719_pka_strasbourg_ete-12.jpg\" class=\"attachment-image-size-L size-image-size-L\" alt=\"Strasbourg \u00e9t\u00e9 bal du 14 juillet f\u00eate danse\" decoding=\"async\" loading=\"lazy\"  \/>         \u00a9 Adrien Labit \/ Pokaa <\/p>\n<p>Un bal dansant et un spectacle de feux d\u2019artifice\u2026 avec des drones<\/p>\n<p class=\"p1\">Si le beau temps est de la partie, ce qu\u2019on esp\u00e8re, les festivit\u00e9s d\u00e9marreront \u00e0 20h sur la place du Mar\u00e9chal-de-Lattre-de-Tassigny. <b>C\u2019est le groupe Foes &amp; June Quintet qui animera le bal populaire, dans une ambiance qui se voudra chaleureuse et bon enfant<\/b>. De quoi, peut-\u00eatre, r\u00e9cup\u00e9rer d\u2019un autre bal, celui des pompiers, qui aura lieu la veille.<\/p>\n<p>                <a href=\"https:\/\/pokaa.fr\/2025\/07\/07\/chaleur-extreme-dimanche-le-bal-des-pompiers-revient-enflammer-strasbourg\/\" target=\"_blank\" rel=\"noopener\"><br \/>\n                    <img width=\"450\" height=\"270\" src=\"https:\/\/www.europesays.com\/fr\/wp-content\/uploads\/2025\/07\/b1-450x270.png\" class=\"attachment-card-horizontal--same-subject size-card-horizontal--same-subject wp-post-image\" alt=\"\" decoding=\"async\" loading=\"lazy\"\/>                <\/a><\/p>\n<p>                <img width=\"752\" height=\"500\" src=\"https:\/\/www.europesays.com\/fr\/wp-content\/uploads\/2025\/06\/220719_pka_strasbourg_ete-15.jpg\" class=\"attachment-gallery size-gallery\" alt=\"Strasbourg \u00e9t\u00e9 feu d\u2019artifices du 14 juillet\" data-full-url=\"https:\/\/www.europesays.com\/fr\/wp-content\/uploads\/2025\/06\/220719_pka_strasbourg_ete-15.jpg\" decoding=\"async\" loading=\"lazy\"  \/>            <\/p>\n<p>                <img width=\"750\" height=\"500\" src=\"https:\/\/www.europesays.com\/fr\/wp-content\/uploads\/2025\/07\/fireworks-ga02b5f63e_1280.jpg\" class=\"attachment-gallery size-gallery\" alt=\"Feux d\u2019artifice, image illustrative\" data-full-url=\"https:\/\/www.europesays.com\/fr\/wp-content\/uploads\/2025\/07\/fireworks-ga02b5f63e_1280.jpg\" decoding=\"async\" loading=\"lazy\"  \/>            <\/p>\n<p>                    1. \u00a9 Adrien Labit \/ Pokaa ; 2. \u00a9 Pixabay \/ Photo d&rsquo;illustration<\/p>\n<p>Mais surtout, l\u2019\u00e9v\u00e9nement qui fait lever les yeux des Strasbourgeois(es) au ciel revient une nouvelle fois en force. Toujours en hommage \u00e0 la R\u00e9publique fran\u00e7aise, le grand feu d\u2019artifice encha\u00eenera les belles bleues et les belles rouges <b>avec, cette ann\u00e9e encore, plusieurs centaines de drones qui danseront par s\u00e9quence dans le ciel<\/b>.<\/p>\n<p><strong>Une initiative de l\u2019an dernier, qui avait \u00e9t\u00e9 couronn\u00e9e de succ\u00e8s.<\/strong><\/p>\n<p>    <img width=\"800\" height=\"532\" src=\"https:\/\/www.europesays.com\/fr\/wp-content\/uploads\/2025\/07\/220719_pka_strasbourg_ete-14.jpg\" class=\"attachment-image-size-L size-image-size-L\" alt=\"Strasbourg \u00e9t\u00e9 feu d\u2019artifices du 14 juillet\" decoding=\"async\" loading=\"lazy\"  \/>         \u00a9 Adrien Labit \/ Pokaa <\/p>\n<p>Des perturbations tout au long de la soir\u00e9e<\/p>\n<p class=\"p1\">Forc\u00e9ment, qui dit jour f\u00e9ri\u00e9 et f\u00eate nationale dit perturbations au niveau des transports et de la circulation. En premier lieu, c\u00f4t\u00e9 voitures, <b>le\u00a0stationnement sera interdit et qualifi\u00e9 de g\u00eanant<\/b><b>\u00a0d<\/b><b>u 14 juillet \u00e0 1h du matin au 15 juillet \u00e0 12h sur la place du Mar\u00e9chal-de-Lattre-de-Tassigny, et du 14 juillet \u00e0 1h au 15 juillet \u00e0 14h au niveau de la route de Vienne<\/b>.<\/p>\n<p class=\"p1\">L\u2019acc\u00e8s au p\u00e9rim\u00e8tre du parc de l\u2019\u00c9toile sera interdit. Plus de d\u00e9tails sur le plan ci-dessous, pour les pi\u00e9ton(ne)s et les cyclistes.<\/p>\n<p>    <img width=\"600\" height=\"596\" src=\"https:\/\/www.europesays.com\/fr\/wp-content\/uploads\/2025\/07\/capture-decran-2025-07-08-a-155308-600x596.png\" class=\"attachment-image-size-M size-image-size-M\" alt=\"14 juillet plan circulation\" decoding=\"async\" loading=\"lazy\"  \/>         \u00a9 Ville de Strasbourg \/ Document remis <\/p>\n<p>Le plus gros des perturbations se situera au niveau des trams. En effet, le 14 juillet, <strong>du d\u00e9but d\u2019exploitation le matin jusqu\u2019\u00e0 20h<\/strong><b>, les stations Homme de Fer, Langstross Grand\u2019Rue, Porte de l\u2019H\u00f4pital et \u00c9toile Bourse ne seront pas desservies par les trams des lignes A et D<\/b>. Soit quatre stations de plus non desservies, en plus de celles d\u00e9j\u00e0 ferm\u00e9es en raison des travaux d\u2019\u00e9t\u00e9.<\/p>\n<p>                <a href=\"https:\/\/pokaa.fr\/2025\/06\/15\/strasbourg-des-aujourdhui-plusieurs-lignes-de-trams-seront-en-travaux-pour-lete\/\" target=\"_blank\" rel=\"noopener\"><br \/>\n                    <img width=\"450\" height=\"270\" src=\"https:\/\/www.europesays.com\/fr\/wp-content\/uploads\/2025\/07\/448244327-1038871170928989-3227320462450846508-n-450x270.jpg\" class=\"attachment-card-horizontal--same-subject size-card-horizontal--same-subject wp-post-image\" alt=\"\" decoding=\"async\" loading=\"lazy\"\/>                <\/a><\/p>\n<p class=\"p1\"><b>\u00c0 partir de 20h et jusqu\u2019\u00e0 23h30 environ, la circulation des lignes A et D sera interrompue entre Homme de Fer et Lyc\u00e9e Couffignal \/ Landsberg<\/b>, tandis que celle de la ligne E le sera entre Landsberg et Lyc\u00e9e Couffignal.<\/p>\n<p class=\"p1\">Dans le d\u00e9tail, la ligne A circulera toutes les 12 \u00e0 15 minutes environ entre Lyc\u00e9e Couffignal et Graffenstaden, la ligne D toutes les 12 \u00e0 15 minutes environ entre Landsberg et Kehl Rathaus, et la E toutes les 12 \u00e0 15 minutes environ entre Robertsau L\u2019Escale et Landsberg et entre Lyc\u00e9e Couffignal et Campus d\u2019Illkirch.<b> Il faudra donc prendre ses dispositions, et se pr\u00e9parer \u00e0 marcher un peu<\/b>. <a href=\"https:\/\/www.cts-strasbourg.eu\/fr\/Article\/Feu-dArtifice-du-14-juillet-2025\/\" target=\"_blank\" rel=\"noopener\">Plus d\u2019infos ici<\/a>.<\/p>\n<p>            Le 14 juillet \u00e0 Strasbourg<\/p>\n<p>            Quoi ? <\/p>\n<p>F\u00eate nationale<\/p>\n<p>                Quand ?<\/p>\n<p>Le 14 juillet, \u00e0 partir de 20h<\/p>\n<p>            o\u00f9 ?<\/p>\n<p>Place du Mar\u00e9chal-de-Lattre-de-Tassigny, \u00e0 Strasbourg<\/p>\n<p>                Plus d&rsquo;infos ?<\/p>\n<p>Feux d\u2019artifice \u00e0 partir de 22h30, si les conditions m\u00e9t\u00e9o le permettent<\/p>\n<p><a href=\"https:\/\/www.strasbourg.eu\/-\/14-juillet-en-pratique\" target=\"_blank\" rel=\"noopener\">Infos de la Ville<\/a><\/p>\n","protected":false},"excerpt":{"rendered":"Accueil \/ Sorties \/ F\u00eate du 14 juillet : bal dansant, feux d\u2019artifice et drones vont ambiancer Strasbourg&hellip;\n","protected":false},"author":2,"featured_media":241081,"comment_status":"","ping_status":"","sticky":false,"template":"","format":"standard","meta":{"footnotes":""},"categories":[2820],"tags":[10915,1111,11,2024,1777,674,10917,16701,1011,27,775,12,25,640],"class_list":{"0":"post-241080","1":"post","2":"type-post","3":"status-publish","4":"format-standard","5":"has-post-thumbnail","7":"category-strasbourg","8":"tag-14-juillet","9":"tag-actu","10":"tag-actualites","11":"tag-drones","12":"tag-eu","13":"tag-europe","14":"tag-fete-nationale","15":"tag-feu-dartifice","16":"tag-fr","17":"tag-france","18":"tag-grand-est","19":"tag-news","20":"tag-republique-francaise","21":"tag-strasbourg"},"share_on_mastodon":{"url":"https:\/\/pubeurope.com\/@fr\/114831313431406391","error":""},"_links":{"self":[{"href":"https:\/\/www.europesays.com\/fr\/wp-json\/wp\/v2\/posts\/241080","targetHints":{"allow":["GET"]}}],"collection":[{"href":"https:\/\/www.europesays.com\/fr\/wp-json\/wp\/v2\/posts"}],"about":[{"href":"https:\/\/www.europesays.com\/fr\/wp-json\/wp\/v2\/types\/post"}],"author":[{"embeddable":true,"href":"https:\/\/www.europesays.com\/fr\/wp-json\/wp\/v2\/users\/2"}],"replies":[{"embeddable":true,"href":"https:\/\/www.europesays.com\/fr\/wp-json\/wp\/v2\/comments?post=241080"}],"version-history":[{"count":0,"href":"https:\/\/www.europesays.com\/fr\/wp-json\/wp\/v2\/posts\/241080\/revisions"}],"wp:featuredmedia":[{"embeddable":true,"href":"https:\/\/www.europesays.com\/fr\/wp-json\/wp\/v2\/media\/241081"}],"wp:attachment":[{"href":"https:\/\/www.europesays.com\/fr\/wp-json\/wp\/v2\/media?parent=241080"}],"wp:term":[{"taxonomy":"category","embeddable":true,"href":"https:\/\/www.europesays.com\/fr\/wp-json\/wp\/v2\/categories?post=241080"},{"taxonomy":"post_tag","embeddable":true,"href":"https:\/\/www.europesays.com\/fr\/wp-json\/wp\/v2\/tags?post=241080"}],"curies":[{"name":"wp","href":"https:\/\/api.w.org\/{rel}","templated":true}]}}