{"id":241085,"date":"2025-07-10T22:36:21","date_gmt":"2025-07-10T22:36:21","guid":{"rendered":"https:\/\/www.europesays.com\/fr\/241085\/"},"modified":"2025-07-10T22:36:21","modified_gmt":"2025-07-10T22:36:21","slug":"anthony-lopes-combien-gagne-le-gardien-du-fc-nantes","status":"publish","type":"post","link":"https:\/\/www.europesays.com\/fr\/241085\/","title":{"rendered":"Anthony Lopes. Combien gagne le gardien du FC Nantes ?"},"content":{"rendered":"<p><img fetchpriority=\"high\" decoding=\"async\" width=\"620\" height=\"413\" src=\"https:\/\/www.europesays.com\/fr\/wp-content\/uploads\/2025\/07\/Anthony-Lopes-620x413.jpg\" alt=\"Salaire. Combien gagne Anthony Lopes avec le FC Nantes ?\" class=\"wp-image-328890\"  \/>Anthony Lopes a jusqu\u2019ici bien rebondi avec le FC Nantes.<\/p>\n<p>Anthony Lopes a tourn\u00e9 une page importante de sa carri\u00e8re en quittant l\u2019<a href=\"https:\/\/sportune.20minutes.fr\/olympique-lyonnais-ol\" rel=\"nofollow noopener\" target=\"_blank\">Olympique Lyonnais<\/a> pour le <a href=\"https:\/\/sportune.20minutes.fr\/fc-nantes\" rel=\"nofollow noopener\" target=\"_blank\">FC Nantes<\/a> lors du mercato hivernal. Le portier international portugais, form\u00e9 entre les murs de l\u2019<a href=\"https:\/\/sportune.20minutes.fr\/olympique-lyonnais-ol\" rel=\"nofollow noopener\" target=\"_blank\">OL<\/a>, avait vu son temps de jeu consid\u00e9rablement r\u00e9duit lors de la premi\u00e8re partie de saison, accumulant six mois sans jouer.<\/p>\n<p>Cette situation contractuelle d\u00e9licate avait pouss\u00e9 le gardien \u00e0 accepter une proposition nantaise fin d\u00e9cembre 2024. L\u2019ancien num\u00e9ro un lyonnais s\u2019est engag\u00e9 pour six mois avec les Canaris, assortis d\u2019une option pour une saison suppl\u00e9mentaire jusqu\u2019en 2026 lev\u00e9e une fois le maintien acquis. Le m\u00eame type d\u2019option existe pour 2027.<\/p>\n<p>Un salaire significativement r\u00e9duit sur ses ann\u00e9es lyonnaises<\/p>\n<p>\u00c0 Nantes, Lopes a imm\u00e9diatement pris la place de titulaire, rel\u00e9guant Alban Lafont sur le banc. L\u2019international portugais retrouve ainsi un statut de num\u00e9ro un qu\u2019il avait perdu dans le Rh\u00f4ne apr\u00e8s plus d\u2019une d\u00e9cennie de bons et loyaux services. Anthony Lopes avait disput\u00e9 plus de 450 matchs sous le maillot de l\u2019<a href=\"https:\/\/sportune.20minutes.fr\/olympique-lyonnais-ol\" rel=\"nofollow noopener\" target=\"_blank\">OL<\/a>. Il compte \u00e9galement 9 s\u00e9lections avec l\u2019\u00e9quipe du Portugal, ayant notamment particip\u00e9 \u00e0 l\u2019Euro 2016 et \u00e0 la Coupe du monde 2018.<\/p>\n<p>Ce transfert illustre les r\u00e9alit\u00e9s \u00e9conomiques du football moderne. Alors qu\u2019il figurait parmi les joueurs les mieux r\u00e9mun\u00e9r\u00e9s de l\u2019effectif lyonnais, Lopes a accept\u00e9 une baisse significative de salaire pour retrouver du temps de jeu. Cette d\u00e9cision t\u00e9moigne de sa volont\u00e9 de privil\u00e9gier l\u2019aspect sportif \u00e0 l\u2019approche de la fin de sa carri\u00e8re.<\/p>\n<p>Le salaire d\u2019Anthony Lopes avec le FC Nantes<\/p>\n<p><strong>Annuel :<\/strong> 1 200 000 \u20ac<br \/><strong>Mensuel :<\/strong> 100 000 \u20ac<br \/><strong>Hebdomadaire :<\/strong> 23 077 \u20ac<br \/><strong>Quotidien :<\/strong> 3 288 \u20ac<br \/><strong>Fin de contrat :<\/strong> 2026 (+1)<\/p>\n","protected":false},"excerpt":{"rendered":"Anthony Lopes a jusqu\u2019ici bien rebondi avec le FC Nantes. Anthony Lopes a tourn\u00e9 une page importante de&hellip;\n","protected":false},"author":2,"featured_media":241086,"comment_status":"","ping_status":"","sticky":false,"template":"","format":"standard","meta":{"footnotes":""},"categories":[2818],"tags":[1111,11,11618,1777,674,462,1011,27,766,12,241,2636,25],"class_list":{"0":"post-241085","1":"post","2":"type-post","3":"status-publish","4":"format-standard","5":"has-post-thumbnail","7":"category-nantes","8":"tag-actu","9":"tag-actualites","10":"tag-anthony-lopes","11":"tag-eu","12":"tag-europe","13":"tag-fc-nantes","14":"tag-fr","15":"tag-france","16":"tag-nantes","17":"tag-news","18":"tag-ol","19":"tag-pays-de-la-loire","20":"tag-republique-francaise"},"share_on_mastodon":{"url":"https:\/\/pubeurope.com\/@fr\/114831332794076790","error":""},"_links":{"self":[{"href":"https:\/\/www.europesays.com\/fr\/wp-json\/wp\/v2\/posts\/241085","targetHints":{"allow":["GET"]}}],"collection":[{"href":"https:\/\/www.europesays.com\/fr\/wp-json\/wp\/v2\/posts"}],"about":[{"href":"https:\/\/www.europesays.com\/fr\/wp-json\/wp\/v2\/types\/post"}],"author":[{"embeddable":true,"href":"https:\/\/www.europesays.com\/fr\/wp-json\/wp\/v2\/users\/2"}],"replies":[{"embeddable":true,"href":"https:\/\/www.europesays.com\/fr\/wp-json\/wp\/v2\/comments?post=241085"}],"version-history":[{"count":0,"href":"https:\/\/www.europesays.com\/fr\/wp-json\/wp\/v2\/posts\/241085\/revisions"}],"wp:featuredmedia":[{"embeddable":true,"href":"https:\/\/www.europesays.com\/fr\/wp-json\/wp\/v2\/media\/241086"}],"wp:attachment":[{"href":"https:\/\/www.europesays.com\/fr\/wp-json\/wp\/v2\/media?parent=241085"}],"wp:term":[{"taxonomy":"category","embeddable":true,"href":"https:\/\/www.europesays.com\/fr\/wp-json\/wp\/v2\/categories?post=241085"},{"taxonomy":"post_tag","embeddable":true,"href":"https:\/\/www.europesays.com\/fr\/wp-json\/wp\/v2\/tags?post=241085"}],"curies":[{"name":"wp","href":"https:\/\/api.w.org\/{rel}","templated":true}]}}