{"id":241094,"date":"2025-07-10T22:42:15","date_gmt":"2025-07-10T22:42:15","guid":{"rendered":"https:\/\/www.europesays.com\/fr\/241094\/"},"modified":"2025-07-10T22:42:15","modified_gmt":"2025-07-10T22:42:15","slug":"operation-tranquillite-vacances-actualites","status":"publish","type":"post","link":"https:\/\/www.europesays.com\/fr\/241094\/","title":{"rendered":"Op\u00e9ration tranquillit\u00e9 vacances \/ Actualit\u00e9s"},"content":{"rendered":"<p>Partez en vacances l\u2019esprit tranquille avec le nouveau service\u00a0en ligne de la Police.<\/p>\n<p>            <img loading=\"lazy\" decoding=\"async\" src=\"\/var\/www\/storage\/images\/mediatheque\/mairie-de-lille\/actualites\/images\/2025\/juillet-2025\/operation-tranquillite-vacances-illu\/3818585-1-fre-FR\/Operation-tranquillite-vacances-illu_news_image_top.jpg\" width=\"779\" height=\"519\" alt=\"\"\/><br \/>\n    \tVous partez en vacances ? Pr\u00e9venez la Police ! (Photo d&rsquo;illustration)<\/p>\n<p>Vous quittez votre logement \u00e0 Lille pour profiter d&rsquo;une p\u00e9riode de vacances ? Inscrivez votre logement en quelques clics pour b\u00e9n\u00e9ficier de patrouilles de surveillance pendant votre absence.<\/p>\n<p>Dans le cadre de la modernisation des services du minist\u00e8re de l\u2019Int\u00e9rieur, l\u2019inscription \u00e0 l\u2019<strong>Op\u00e9ration Tranquillit\u00e9 Vacances<\/strong> est d\u00e9sormais accessible via une plateforme unique, commune \u00e0 la Police nationale, \u00e0 la Gendarmerie nationale et \u00e0 la Pr\u00e9fecture de police.<\/p>\n<p>Ce service gratuit permet aux forces de l\u2019ordre de surveiller votre domicile pendant votre absence. Des patrouilles sont r\u00e9guli\u00e8rement organis\u00e9es aux abords de votre logement, et vous \u00eates inform\u00e9 en cas d\u2019anomalie : d\u00e9gradations, tentatives d\u2019effraction ou cambriolage.<\/p>\n<p>Comment s\u2019inscrire ?<\/p>\n<p>Il vous suffit de vous connecter avec un compte FranceConnect sur la <a href=\"https:\/\/psl.service-public.fr\/mademarche\/OperationTranquilliteVacances\/demarche\" target=\"_self\" class=\"lien_interne\" rel=\"noopener\">plateforme d\u00e9di\u00e9e<\/a>.<\/p>\n","protected":false},"excerpt":{"rendered":"Partez en vacances l\u2019esprit tranquille avec le nouveau service\u00a0en ligne de la Police. Vous partez en vacances ?&hellip;\n","protected":false},"author":2,"featured_media":241095,"comment_status":"","ping_status":"","sticky":false,"template":"","format":"standard","meta":{"footnotes":""},"categories":[2815],"tags":[1111,11,4763,1777,674,1011,27,811,1307,5415,12,25],"class_list":{"0":"post-241094","1":"post","2":"type-post","3":"status-publish","4":"format-standard","5":"has-post-thumbnail","7":"category-lille","8":"tag-actu","9":"tag-actualites","10":"tag-agenda","11":"tag-eu","12":"tag-europe","13":"tag-fr","14":"tag-france","15":"tag-hauts-de-france","16":"tag-lille","17":"tag-mairie","18":"tag-news","19":"tag-republique-francaise"},"share_on_mastodon":{"url":"https:\/\/pubeurope.com\/@fr\/114831356497743592","error":""},"_links":{"self":[{"href":"https:\/\/www.europesays.com\/fr\/wp-json\/wp\/v2\/posts\/241094","targetHints":{"allow":["GET"]}}],"collection":[{"href":"https:\/\/www.europesays.com\/fr\/wp-json\/wp\/v2\/posts"}],"about":[{"href":"https:\/\/www.europesays.com\/fr\/wp-json\/wp\/v2\/types\/post"}],"author":[{"embeddable":true,"href":"https:\/\/www.europesays.com\/fr\/wp-json\/wp\/v2\/users\/2"}],"replies":[{"embeddable":true,"href":"https:\/\/www.europesays.com\/fr\/wp-json\/wp\/v2\/comments?post=241094"}],"version-history":[{"count":0,"href":"https:\/\/www.europesays.com\/fr\/wp-json\/wp\/v2\/posts\/241094\/revisions"}],"wp:featuredmedia":[{"embeddable":true,"href":"https:\/\/www.europesays.com\/fr\/wp-json\/wp\/v2\/media\/241095"}],"wp:attachment":[{"href":"https:\/\/www.europesays.com\/fr\/wp-json\/wp\/v2\/media?parent=241094"}],"wp:term":[{"taxonomy":"category","embeddable":true,"href":"https:\/\/www.europesays.com\/fr\/wp-json\/wp\/v2\/categories?post=241094"},{"taxonomy":"post_tag","embeddable":true,"href":"https:\/\/www.europesays.com\/fr\/wp-json\/wp\/v2\/tags?post=241094"}],"curies":[{"name":"wp","href":"https:\/\/api.w.org\/{rel}","templated":true}]}}