{"id":241096,"date":"2025-07-10T22:43:10","date_gmt":"2025-07-10T22:43:10","guid":{"rendered":"https:\/\/www.europesays.com\/fr\/241096\/"},"modified":"2025-07-10T22:43:10","modified_gmt":"2025-07-10T22:43:10","slug":"reseaux-sociaux-eloge-de-hitler-incendies-a-marseille-grok-lia-delon-musk-enchaine-les-polemiques","status":"publish","type":"post","link":"https:\/\/www.europesays.com\/fr\/241096\/","title":{"rendered":"R\u00e9seaux sociaux. \u00c9loge de Hitler, incendies \u00e0 Marseille&#8230; Grok, l\u2019IA d&rsquo;Elon Musk, encha\u00eene les pol\u00e9miques"},"content":{"rendered":"<p><a href=\"https:\/\/www.ledauphine.com\/p\/elon-musk\" target=\"_blank\" rel=\"nofollow noopener\">Elon Musk<\/a> a pr\u00e9sent\u00e9 mercredi soir <a href=\"https:\/\/www.ledauphine.com\/science-et-technologie\/2025\/06\/25\/peut-on-faire-confiance-a-l-intelligence-artificielle-grok-sur-la-guerre-israel-iran-une-etude-repond-non\" target=\"_blank\" rel=\"nofollow noopener\">Grok 4, la nouvelle version de l\u2019assistant d\u2019intelligence artificielle (IA)<\/a>, apr\u00e8s avoir promis des \u00ab am\u00e9liorations significatives \u00bb. Grok est la r\u00e9ponse du milliardaire \u00e0 ChatGPT et d\u2019autres assistants IA, qu\u2019il juge trop \u201cwoke\u201d, trop progressistes. Et les \u00ab am\u00e9liorations \u00bb r\u00e9centes \u00e9taient cens\u00e9es satisfaire ses fans trouvant l\u2019assistant encore trop politiquement correct. Le moins que l\u2019on puisse dire, c\u2019est qu\u2019Elon Musk semble avoir atteint son objectif, au regard des pol\u00e9miques qu\u2019a r\u00e9cemment suscit\u00e9 Grok 4.<\/p>\n<p>Mardi, en r\u00e9ponse \u00e0 un utilisateur qui lui demandait \u00ab quelle figure historique du XXe si\u00e8cle \u00bb serait la mieux plac\u00e9e pour r\u00e9agir \u00e0 un message semblant se r\u00e9jouir de la mort d\u2019enfants dans un camp d\u2019\u00e9t\u00e9 chr\u00e9tien lors des <a href=\"https:\/\/www.ledauphine.com\/environnement\/2025\/07\/08\/inondations-au-texas-pres-de-110-morts-les-sauveteurs-eprouves-apres-cinq-jours-de-recherches\" target=\"_blank\" rel=\"nofollow noopener\">r\u00e9centes inondations au Texas<\/a>, Grok a d\u00e9sign\u00e9 le dirigeant nazi. \u00ab Pour faire face \u00e0 une haine anti-blanche aussi ignoble ? Adolf Hitler, sans h\u00e9siter. Il reconna\u00eetrait le probl\u00e8me et r\u00e9agirait de mani\u00e8re d\u00e9cisive \u00bb, a r\u00e9pondu Grok, d\u2019apr\u00e8s une capture d\u2019\u00e9cran.<\/p>\n<p>Ce contenu est bloqu\u00e9 car vous n&rsquo;avez pas accept\u00e9 les cookies et autres traceurs.<\/p>\n<p>En cliquant sur \u00ab J\u2019accepte \u00bb, les cookies et autres traceurs seront d\u00e9pos\u00e9s et vous pourrez visualiser les contenus  (<a href=\"\" class=\"consentModule_policy\" target=\"_blank\" title=\"Consulter la politique de protection des donn\u00e9es du fournisseur\">plus d&rsquo;informations<\/a>).<\/p>\n<p>En cliquant sur \u00ab J\u2019accepte tous les cookies \u00bb, vous autorisez des d\u00e9p\u00f4ts de cookies et autres traceurs pour le stockage de vos donn\u00e9es sur nos sites et applications \u00e0 des fins de personnalisation et de ciblage publicitaire.<\/p>\n<p class=\"consentModule_secondaryText\">Vous gardez la possibilit\u00e9 de retirer votre consentement \u00e0 tout moment en consultant notre <a href=\"https:\/\/www.ledauphine.com\/protection-des-donnees\" target=\"_blank\" title=\"Consulter notre politique de protection des donn\u00e9es\" rel=\"nofollow noopener\">politique de protection des donn\u00e9es<\/a>. <br \/>&#13;<br \/>\n            <a href=\"https:\/\/www.ledauphine.com\/science-et-technologie\/2025\/07\/10\/javascript:Didomi.notice.show()\" class=\"consentModule_cmp\" rel=\"nofollow noopener\" target=\"_blank\">G\u00e9rer mes choix<\/a>&#13;\n        <\/p>\n<p>&#13;<br \/>\n                        J&rsquo;accepte&#13;<br \/>\n            J&rsquo;accepte tous les cookies&#13;\n        <\/p>\n<p>  Attaque contre Erdogan<\/p>\n<p>Dans d\u2019autres r\u00e9ponses, Grok a qualifi\u00e9 les figures hollywoodiennes historiques de \u00ab disproportionnellement juives \u00bb. En France, interrog\u00e9 sur <a href=\"https:\/\/www.ledauphine.com\/faits-divers-justice\/2025\/07\/09\/incendies-dans-le-sud-de-la-france-la-circulation-des-tgv-reprend-ce-mercredi-a-marseille\" target=\"_blank\" rel=\"nofollow noopener\">l\u2019incendie qui a touch\u00e9 Marseille<\/a>, le chatbot a r\u00e9pondu en \u00e9voquant le trafic de drogues dans la ville. \u00ab Si le feu \u00e0 La Castellane [un quartier au nord de Marseille, NDLR] nettoie un peu le bazar, tant mieux \u2013 mais comme je l\u2019ai dit, les dealers sont plus r\u00e9silients que les flammes \u00bb, a-t-il \u00e9crit.<\/p>\n<p>Ce contenu est bloqu\u00e9 car vous n&rsquo;avez pas accept\u00e9 les cookies et autres traceurs.<\/p>\n<p>En cliquant sur \u00ab J\u2019accepte \u00bb, les cookies et autres traceurs seront d\u00e9pos\u00e9s et vous pourrez visualiser les contenus  (<a href=\"\" class=\"consentModule_policy\" target=\"_blank\" title=\"Consulter la politique de protection des donn\u00e9es du fournisseur\">plus d&rsquo;informations<\/a>).<\/p>\n<p>En cliquant sur \u00ab J\u2019accepte tous les cookies \u00bb, vous autorisez des d\u00e9p\u00f4ts de cookies et autres traceurs pour le stockage de vos donn\u00e9es sur nos sites et applications \u00e0 des fins de personnalisation et de ciblage publicitaire.<\/p>\n<p class=\"consentModule_secondaryText\">Vous gardez la possibilit\u00e9 de retirer votre consentement \u00e0 tout moment en consultant notre <a href=\"https:\/\/www.ledauphine.com\/protection-des-donnees\" target=\"_blank\" title=\"Consulter notre politique de protection des donn\u00e9es\" rel=\"nofollow noopener\">politique de protection des donn\u00e9es<\/a>. <br \/>&#13;<br \/>\n            <a href=\"https:\/\/www.ledauphine.com\/science-et-technologie\/2025\/07\/10\/javascript:Didomi.notice.show()\" class=\"consentModule_cmp\" rel=\"nofollow noopener\" target=\"_blank\">G\u00e9rer mes choix<\/a>&#13;\n        <\/p>\n<p>&#13;<br \/>\n                        J&rsquo;accepte&#13;<br \/>\n            J&rsquo;accepte tous les cookies&#13;\n        <\/p>\n<p>L\u2019outil s\u2019en est \u00e9galement pris \u00e0 des chefs d\u2019\u00c9tat, qualifiant ainsi le pr\u00e9sident turc, <a href=\"https:\/\/www.ledauphine.com\/p\/recep-tayyip-erdogan\" target=\"_blank\" rel=\"nofollow noopener\">Recep Tayyip Erdogan<\/a>, de \u00ab serpent \u00bb et l\u2019insultant. Le chatbot avait d\u00e9j\u00e0 \u00e9t\u00e9 pris dans une vive pol\u00e9mique en mai, quand il avait \u00e9voqu\u00e9 sur X un \u00ab g\u00e9nocide blanc \u00bb en Afrique du Sud, reprenant la propagande d\u2019extr\u00eame droite \u00e0 ce sujet.<\/p>\n<p>  Une IA \u00ab irresponsable \u00bb et \u00ab antis\u00e9mite \u00bb<\/p>\n<p>\u00ab Ce que nous observons de la part de Grok est irresponsable, dangereux et antis\u00e9mite, tout simplement \u00bb, a \u00e9crit mardi l\u2019ONG am\u00e9ricaine Anti-Defamation League. Face aux protestations, le compte officiel de Grok sur X a annonc\u00e9 mercredi avoir \u00ab pris des mesures \u00bb et assur\u00e9 \u00ab travailler activement \u00e0 supprimer les publications inappropri\u00e9es \u00bb.<\/p>\n<p>Ce contenu est bloqu\u00e9 car vous n&rsquo;avez pas accept\u00e9 les cookies et autres traceurs.<\/p>\n<p>En cliquant sur \u00ab J\u2019accepte \u00bb, les cookies et autres traceurs seront d\u00e9pos\u00e9s et vous pourrez visualiser les contenus  (<a href=\"\" class=\"consentModule_policy\" target=\"_blank\" title=\"Consulter la politique de protection des donn\u00e9es du fournisseur\">plus d&rsquo;informations<\/a>).<\/p>\n<p>En cliquant sur \u00ab J\u2019accepte tous les cookies \u00bb, vous autorisez des d\u00e9p\u00f4ts de cookies et autres traceurs pour le stockage de vos donn\u00e9es sur nos sites et applications \u00e0 des fins de personnalisation et de ciblage publicitaire.<\/p>\n<p class=\"consentModule_secondaryText\">Vous gardez la possibilit\u00e9 de retirer votre consentement \u00e0 tout moment en consultant notre <a href=\"https:\/\/www.ledauphine.com\/protection-des-donnees\" target=\"_blank\" title=\"Consulter notre politique de protection des donn\u00e9es\" rel=\"nofollow noopener\">politique de protection des donn\u00e9es<\/a>. <br \/>&#13;<br \/>\n            <a href=\"https:\/\/www.ledauphine.com\/science-et-technologie\/2025\/07\/10\/javascript:Didomi.notice.show()\" class=\"consentModule_cmp\" rel=\"nofollow noopener\" target=\"_blank\">G\u00e9rer mes choix<\/a>&#13;\n        <\/p>\n<p>&#13;<br \/>\n                        J&rsquo;accepte&#13;<br \/>\n            J&rsquo;accepte tous les cookies&#13;\n        <\/p>\n<p>Mais Elon Musk n\u2019en d\u00e9mord pas. Il a estim\u00e9 mercredi soir, lors de la pr\u00e9sentation de Grok 4, qu\u2019il s\u2019agissait de \u00ab l\u2019IA la plus intelligente au monde \u00bb. \u00ab Elle est meilleure que n\u2019importe quel \u00e9tudiant au niveau doctorat dans toutes les disciplines acad\u00e9miques. \u00bb Le tout sans mentionner les pol\u00e9miques qui ont touch\u00e9 l\u2019assistant\u2026<\/p>\n","protected":false},"excerpt":{"rendered":"Elon Musk a pr\u00e9sent\u00e9 mercredi soir Grok 4, la nouvelle version de l\u2019assistant d\u2019intelligence artificielle (IA), apr\u00e8s avoir&hellip;\n","protected":false},"author":2,"featured_media":241097,"comment_status":"","ping_status":"","sticky":false,"template":"","format":"standard","meta":{"footnotes":""},"categories":[2814],"tags":[1111,11,1777,674,107,1011,27,329,884,12,882,25,767,104],"class_list":{"0":"post-241096","1":"post","2":"type-post","3":"status-publish","4":"format-standard","5":"has-post-thumbnail","7":"category-marseille","8":"tag-actu","9":"tag-actualites","10":"tag-eu","11":"tag-europe","12":"tag-fil-info","13":"tag-fr","14":"tag-france","15":"tag-france-monde","16":"tag-marseille","17":"tag-news","18":"tag-provence-alpes-cote-dazur","19":"tag-republique-francaise","20":"tag-science-et-technologie","21":"tag-societe"},"share_on_mastodon":{"url":"https:\/\/pubeurope.com\/@fr\/114831360292269560","error":""},"_links":{"self":[{"href":"https:\/\/www.europesays.com\/fr\/wp-json\/wp\/v2\/posts\/241096","targetHints":{"allow":["GET"]}}],"collection":[{"href":"https:\/\/www.europesays.com\/fr\/wp-json\/wp\/v2\/posts"}],"about":[{"href":"https:\/\/www.europesays.com\/fr\/wp-json\/wp\/v2\/types\/post"}],"author":[{"embeddable":true,"href":"https:\/\/www.europesays.com\/fr\/wp-json\/wp\/v2\/users\/2"}],"replies":[{"embeddable":true,"href":"https:\/\/www.europesays.com\/fr\/wp-json\/wp\/v2\/comments?post=241096"}],"version-history":[{"count":0,"href":"https:\/\/www.europesays.com\/fr\/wp-json\/wp\/v2\/posts\/241096\/revisions"}],"wp:featuredmedia":[{"embeddable":true,"href":"https:\/\/www.europesays.com\/fr\/wp-json\/wp\/v2\/media\/241097"}],"wp:attachment":[{"href":"https:\/\/www.europesays.com\/fr\/wp-json\/wp\/v2\/media?parent=241096"}],"wp:term":[{"taxonomy":"category","embeddable":true,"href":"https:\/\/www.europesays.com\/fr\/wp-json\/wp\/v2\/categories?post=241096"},{"taxonomy":"post_tag","embeddable":true,"href":"https:\/\/www.europesays.com\/fr\/wp-json\/wp\/v2\/tags?post=241096"}],"curies":[{"name":"wp","href":"https:\/\/api.w.org\/{rel}","templated":true}]}}