{"id":241098,"date":"2025-07-10T22:44:14","date_gmt":"2025-07-10T22:44:14","guid":{"rendered":"https:\/\/www.europesays.com\/fr\/241098\/"},"modified":"2025-07-10T22:44:14","modified_gmt":"2025-07-10T22:44:14","slug":"la-voiture-a-lorigine-de-lembrasement-netait-pas-a-jour-de-son-controle-technique-2","status":"publish","type":"post","link":"https:\/\/www.europesays.com\/fr\/241098\/","title":{"rendered":"La voiture \u00e0 l\u2019origine de l\u2019embrasement n\u2019\u00e9tait pas \u00e0 jour de son contr\u00f4le technique"},"content":{"rendered":"<p>Une simple et courante erreur qui pourrait co\u00fbter cher \u00e0 la propri\u00e9taire de cette 107 Peugeot. L\u2019<a href=\"https:\/\/www.20minutes.fr\/dossier\/incendie\" target=\"_blank\" class=\"color-ultramarine c-link\" rel=\"noopener\">incendie<\/a> destructeur qui s\u2019est d\u00e9clar\u00e9 entre Pennes-Mirabeau et <a href=\"https:\/\/www.20minutes.fr\/marseille\/\" target=\"_blank\" class=\"color-ultramarine c-link\" rel=\"noopener\">Marseille<\/a> mercredi matin est d\u2019origine accidentelle, selon l\u2019enqu\u00eate confi\u00e9e \u00e0 la CRS autorouti\u00e8re Provence par le parquet d\u2019<a href=\"https:\/\/www.20minutes.fr\/dossier\/aix-provence\" target=\"_blank\" class=\"color-ultramarine c-link\" rel=\"noopener\">Aix-en-Provence<\/a>.<\/p>\n<p>Des images ont permis d\u2019\u00e9tablir que tout est parti d\u2019un v\u00e9hicule qui a pris feu sur l&rsquo;A55, pr\u00e9cise <a href=\"https:\/\/www.laprovence.com\/article\/faits-divers-justice\/1177891111563614\/incendie-a-marseille-la-voiture-a-lorigine-du-feu-navait-pas-de-controle-technique-a-jour\" rel=\"nofollow noopener\" target=\"_blank\" class=\"color-ultramarine c-link\">La Provence<\/a>.<\/p>\n<blockquote class=\"twitter-tweet\" align=\"center\" data-lang=\"fr_FR\">\n<p lang=\"fr\" dir=\"ltr\">La voiture qui a d\u00e9clench\u00e9 le feu entre Les Pennes-Mirabeau et Marseille film\u00e9e par un automobiliste sur la bande d&rsquo;arr\u00eat d&rsquo;urgence de l&rsquo;A55 alors qu&rsquo;elle s&#8217;embrasait. Il s&rsquo;agit d&rsquo;une Peugeot 107 <a href=\"https:\/\/t.co\/vafi2HFVxC\">pic.twitter.com\/vafi2HFVxC<\/a><\/p>\n<p>\u2014 Guilhem RICAVY (@guilhemricavy) <a href=\"https:\/\/twitter.com\/guilhemricavy\/status\/1943362372422242671?ref_src=twsrc%5Etfw\" target=\"_blank\" rel=\"noopener\">July 10, 2025<\/a><\/p><\/blockquote>\n<p class=\"mb-xxl@xs color-ultramarine font-weight-semi-bold@xs font-source-serif-pro heading-s@xs\">L\u2019acc\u00e8s \u00e0 ce contenu a \u00e9t\u00e9 bloqu\u00e9 afin de respecter votre choix de consentement<\/p>\n<p class=\"mb-m@xs text-l@xs\">En cliquant sur\u00ab J\u2019accepte \u00bb, vous acceptez le d\u00e9p\u00f4t de cookies par des services externes et aurez ainsi acc\u00e8s aux contenus de nos partenaires.<\/p>\n<p class=\"mb-xl@xs text-s@xs\">Plus d\u2019informations sur la page<a href=\"https:\/\/www.20minutes.fr\/gestion-cookies\" class=\"mx-xxs@xs color-ultramarine\" target=\"_blank\" rel=\"noopener\">Politique de gestion des cookies<\/a><\/p>\n<p>J\u2019accepte<\/p>\n<p>Selon les informations du journal local, cette voiture aurait d\u00fb rester au garage puisque son contr\u00f4le technique n\u2019\u00e9tait pas \u00e0 jour. La propri\u00e9taire, 20 ans, r\u00e9sidant dans le 15e\u00a0arrondissement de Marseille, doit s\u2019en mordre les doigts.<\/p>\n<p>Un v\u00e9hicule en feu<\/p>\n<p>Le conducteur, qui n\u2019est pas le propri\u00e9taire de la voiture, s\u2019est arr\u00eat\u00e9 sur la bande d\u2019arr\u00eat d\u2019urgence quand une fum\u00e9e blanche a commenc\u00e9 \u00e0 se d\u00e9gager du capot.<\/p>\n<p><a href=\"https:\/\/www.20minutes.fr\/marseille\/\" target=\"_blank\" class=\"c-link c-btn c-btn--primary\" rel=\"noopener\">Nos derniers articles sur Marseille<\/a><\/p>\n<p>Lorsqu\u2019il l\u2019a ouvert, des flammes en sont sorties et ont rapidement gagn\u00e9 le rester du v\u00e9hicule, stationn\u00e9 \u00e0 c\u00f4t\u00e9 du \u00ab\u00a0seul pin \u00e0 la ronde sur cette portion d\u2019autoroute\u00a0\u00bb, souligne La Provence. Le vent et la nature ont fait le reste.<\/p>\n<p><script async src=\"https:\/\/platform.twitter.com\/widgets.js\" charset=\"utf-8\"><\/script><\/p>\n","protected":false},"excerpt":{"rendered":"Une simple et courante erreur qui pourrait co\u00fbter cher \u00e0 la propri\u00e9taire de cette 107 Peugeot. L\u2019incendie destructeur&hellip;\n","protected":false},"author":2,"featured_media":241099,"comment_status":"","ping_status":"","sticky":false,"template":"","format":"standard","meta":{"footnotes":""},"categories":[2814],"tags":[1111,47,11,885,1777,674,1011,27,1310,884,12,883,1311,1186,882,25,104],"class_list":{"0":"post-241098","1":"post","2":"type-post","3":"status-publish","4":"format-standard","5":"has-post-thumbnail","7":"category-marseille","8":"tag-actu","9":"tag-actualite","10":"tag-actualites","11":"tag-bouches-du-rhone","12":"tag-eu","13":"tag-europe","14":"tag-fr","15":"tag-france","16":"tag-incendie","17":"tag-marseille","18":"tag-news","19":"tag-paca","20":"tag-pompiers","21":"tag-provence","22":"tag-provence-alpes-cote-dazur","23":"tag-republique-francaise","24":"tag-societe"},"share_on_mastodon":{"url":"https:\/\/pubeurope.com\/@fr\/114831364141699063","error":""},"_links":{"self":[{"href":"https:\/\/www.europesays.com\/fr\/wp-json\/wp\/v2\/posts\/241098","targetHints":{"allow":["GET"]}}],"collection":[{"href":"https:\/\/www.europesays.com\/fr\/wp-json\/wp\/v2\/posts"}],"about":[{"href":"https:\/\/www.europesays.com\/fr\/wp-json\/wp\/v2\/types\/post"}],"author":[{"embeddable":true,"href":"https:\/\/www.europesays.com\/fr\/wp-json\/wp\/v2\/users\/2"}],"replies":[{"embeddable":true,"href":"https:\/\/www.europesays.com\/fr\/wp-json\/wp\/v2\/comments?post=241098"}],"version-history":[{"count":0,"href":"https:\/\/www.europesays.com\/fr\/wp-json\/wp\/v2\/posts\/241098\/revisions"}],"wp:featuredmedia":[{"embeddable":true,"href":"https:\/\/www.europesays.com\/fr\/wp-json\/wp\/v2\/media\/241099"}],"wp:attachment":[{"href":"https:\/\/www.europesays.com\/fr\/wp-json\/wp\/v2\/media?parent=241098"}],"wp:term":[{"taxonomy":"category","embeddable":true,"href":"https:\/\/www.europesays.com\/fr\/wp-json\/wp\/v2\/categories?post=241098"},{"taxonomy":"post_tag","embeddable":true,"href":"https:\/\/www.europesays.com\/fr\/wp-json\/wp\/v2\/tags?post=241098"}],"curies":[{"name":"wp","href":"https:\/\/api.w.org\/{rel}","templated":true}]}}