{"id":241120,"date":"2025-07-10T23:00:16","date_gmt":"2025-07-10T23:00:16","guid":{"rendered":"https:\/\/www.europesays.com\/fr\/241120\/"},"modified":"2025-07-10T23:00:16","modified_gmt":"2025-07-10T23:00:16","slug":"le-retour-du-nucleaire-en-allemagne","status":"publish","type":"post","link":"https:\/\/www.europesays.com\/fr\/241120\/","title":{"rendered":"Le retour du nucl\u00e9aire en Allemagne"},"content":{"rendered":"<p>Le retour du nucl\u00e9aire en Allemagne<\/p>\n<p>Nous utilisons des cookies pour garantir que nous vous offrons la meilleure exp\u00e9rience sur notre site Web. Si vous continuez \u00e0 utiliser ce site, nous supposerons que vous en \u00eates satisfait.Ok<\/p>\n","protected":false},"excerpt":{"rendered":"Le retour du nucl\u00e9aire en Allemagne Nous utilisons des cookies pour garantir que nous vous offrons la meilleure&hellip;\n","protected":false},"author":2,"featured_media":3196,"comment_status":"","ping_status":"","sticky":false,"template":"","format":"standard","meta":{"footnotes":""},"categories":[1587],"tags":[11,672,1804,1805,1803,1777,674,1801,12,1802],"class_list":{"0":"post-241120","1":"post","2":"type-post","3":"status-publish","4":"format-standard","5":"has-post-thumbnail","7":"category-allemagne","8":"tag-actualites","9":"tag-allemagne","10":"tag-bundesrepublik-deutschland","11":"tag-de","12":"tag-deutschland","13":"tag-eu","14":"tag-europe","15":"tag-germany","16":"tag-news","17":"tag-republique-federale-dallemagne"},"share_on_mastodon":{"url":"https:\/\/pubeurope.com\/@fr\/114831427010422838","error":""},"_links":{"self":[{"href":"https:\/\/www.europesays.com\/fr\/wp-json\/wp\/v2\/posts\/241120","targetHints":{"allow":["GET"]}}],"collection":[{"href":"https:\/\/www.europesays.com\/fr\/wp-json\/wp\/v2\/posts"}],"about":[{"href":"https:\/\/www.europesays.com\/fr\/wp-json\/wp\/v2\/types\/post"}],"author":[{"embeddable":true,"href":"https:\/\/www.europesays.com\/fr\/wp-json\/wp\/v2\/users\/2"}],"replies":[{"embeddable":true,"href":"https:\/\/www.europesays.com\/fr\/wp-json\/wp\/v2\/comments?post=241120"}],"version-history":[{"count":0,"href":"https:\/\/www.europesays.com\/fr\/wp-json\/wp\/v2\/posts\/241120\/revisions"}],"wp:featuredmedia":[{"embeddable":true,"href":"https:\/\/www.europesays.com\/fr\/wp-json\/wp\/v2\/media\/3196"}],"wp:attachment":[{"href":"https:\/\/www.europesays.com\/fr\/wp-json\/wp\/v2\/media?parent=241120"}],"wp:term":[{"taxonomy":"category","embeddable":true,"href":"https:\/\/www.europesays.com\/fr\/wp-json\/wp\/v2\/categories?post=241120"},{"taxonomy":"post_tag","embeddable":true,"href":"https:\/\/www.europesays.com\/fr\/wp-json\/wp\/v2\/tags?post=241120"}],"curies":[{"name":"wp","href":"https:\/\/api.w.org\/{rel}","templated":true}]}}