{"id":241123,"date":"2025-07-10T23:02:10","date_gmt":"2025-07-10T23:02:10","guid":{"rendered":"https:\/\/www.europesays.com\/fr\/241123\/"},"modified":"2025-07-10T23:02:10","modified_gmt":"2025-07-10T23:02:10","slug":"les-ministres-de-lue-invites-a-tester-la-presence-de-polluants-eternels-dans-leur-sang","status":"publish","type":"post","link":"https:\/\/www.europesays.com\/fr\/241123\/","title":{"rendered":"Les ministres de l&rsquo;UE invit\u00e9s \u00e0 tester la pr\u00e9sence de \u00ab\u00a0polluants \u00e9ternels\u00a0\u00bb dans leur sang"},"content":{"rendered":"<p>Les ministres de l&rsquo;Environnement et du climat de l&rsquo;UE ont \u00e9t\u00e9 invit\u00e9s \u00e0 faire tester leur sang pour d\u00e9tecter la pr\u00e9sence de PFAS, aussi appel\u00e9s \u00ab\u00a0polluants \u00e9ternels\u00a0\u00bb. Il s&rsquo;agit de substances chimiques nocives, qui peuvent causer des cancers et d&rsquo;autres maladies graves.<\/p>\n<p>Cette initiative, men\u00e9e par le minist\u00e8re danois de l&rsquo;Environnement et de l&rsquo;\u00c9galit\u00e9 des genres en partenariat avec le Bureau europ\u00e9en de l&rsquo;environnement (BEE) et l&rsquo;organisation \u00e0 but non lucratif ChemSec, vise \u00e0 sensibiliser \u00e0 la crise croissante de la pollution par les PFAS qui affecte les citoyens et l&rsquo;environnement dans toute l&rsquo;Europe.<\/p>\n<p>Les ministres qui ont accept\u00e9 de participer \u00e0 l&rsquo;op\u00e9ration verront leurs \u00e9chantillons de sang analys\u00e9s pour d\u00e9tecter la pr\u00e9sence de 13 substances PFAS, connues pour leur persistance dans l&rsquo;environnement et leur accumulation dans le corps humain.<\/p>\n<p><b class=\"c-widget-related__title__text\">Related<\/b><\/p>\n<p>Des mesures impactantes contre la pollution par les PFAS<\/p>\n<p>Magnus Heunicke, ministre danois de l&rsquo;Environnement, a lanc\u00e9 l&rsquo;initiative et invit\u00e9 les 32 ministres de l&rsquo;Environnement et du climat de l&rsquo;UE, ainsi que les ministres des pays de l&rsquo;<strong>Association europ\u00e9enne de libre-\u00e9change<\/strong> (<strong>AELE<\/strong>) et de l&rsquo;Ukraine, \u00e0 se soumettre \u00e0 l&rsquo;analyse sanguine des PFAS.<\/p>\n<p>Magnus Heunicke s&rsquo;est d\u00e9j\u00e0 soumis au test aux c\u00f4t\u00e9s de Jessika Roswall, commissaire europ\u00e9enne charg\u00e9e de l&rsquo;Environnement, de la r\u00e9silience de l&rsquo;eau et d&rsquo;une \u00e9conomie circulaire comp\u00e9titive.<\/p>\n<p>\u00ab\u00a0Les PFAS s&rsquo;accumulent \u00e0 la fois dans l&rsquo;environnement et chez l&rsquo;homme, et une fois qu&rsquo;ils sont pr\u00e9sents, il est tr\u00e8s difficile de s&rsquo;en d\u00e9barrasser\u00a0\u00bb, explique Magnus Heunicke.<\/p>\n<p>\u00ab\u00a0Chez l&rsquo;homme, nous savons que <a href=\"https:\/\/fr.news.yahoo.com\/certains-pesticides-utilis%C3%A9s-europe-contiendraient-122225487.html\" data-ylk=\"slk:les PFAS;elm:context_link;itc:0;sec:content-canvas;outcm:mb_qualified_link;_E:mb_qualified_link;ct:story;\" class=\"link  yahoo-link\" target=\"_blank\" rel=\"noopener\"><strong>les PFAS<\/strong> <\/a>peuvent, entre autres, provoquer des cancers et qu&rsquo;ils peuvent \u00e9galement affecter les environnements aquatiques et les animaux.\u00a0\u00bb<\/p>\n<p>\u00ab\u00a0C&rsquo;est pourquoi des mesures doivent \u00eatre prises dans l&rsquo;ensemble de l&rsquo;UE pour pr\u00e9venir, contenir et nettoyer les PFAS.\u00a0\u00bb<\/p>\n<p>Comment l&rsquo;UE compte-t-elle s&rsquo;attaquer \u00e0 la pollution par les PFAS ?<\/p>\n<p>Le Danemark, ainsi que l&rsquo;Allemagne, les Pays-Bas, la Norv\u00e8ge et la Su\u00e8de, ont soumis \u00e0 la Commission europ\u00e9enne une proposition commune visant \u00e0 interdire la production, la vente et l&rsquo;utilisation de la quasi-totalit\u00e9 des PFAS dans le cadre du r\u00e8glement REACH de l&rsquo;UE. Cette l\u00e9gislation porte sur la production et l&rsquo;utilisation de substances chimiques et sur leurs effets potentiels sur la sant\u00e9 et l&rsquo;environnement.<\/p>\n<p>Les comit\u00e9s scientifiques de l&rsquo;Agence europ\u00e9enne des produits chimiques (ECHA) \u00e9valuent actuellement les incidences sanitaires, environnementales et socio-\u00e9conomiques de la proposition, ainsi que la disponibilit\u00e9 d&rsquo;alternatives plus s\u00fbres.<\/p>\n<p>\u00ab\u00a0Personne n&rsquo;est \u00e0 l&rsquo;abri de la <strong>pollution chimique<\/strong>, ni les personnes, ni l&rsquo;environnement. Les producteurs de PFAS connaissent depuis longtemps les risques pour la sant\u00e9 &#8211; cancer, probl\u00e8mes de fertilit\u00e9, maladies thyro\u00efdiennes et affaiblissement du syst\u00e8me immunitaire &#8211; et ils continuent de privil\u00e9gier le profit au d\u00e9triment des personnes\u00a0\u00bb, d\u00e9clare Patrick ten Brink, secr\u00e9taire g\u00e9n\u00e9ral du <strong>Bureau europ\u00e9en de l&rsquo;environnement<\/strong> (BEE).<\/p>\n<p>Que sont exactement les PFAS ?<\/p>\n<p>Les <strong>PFAS<\/strong> sont un groupe de plus de 10 000 substances chimiques artificielles largement utilis\u00e9es dans un grand nombre de processus industriels et de produits de tous les jours, tels que les ustensiles de cuisine antiadh\u00e9sifs, les tissus hydrofuges, les emballages alimentaires et les mousses anti-incendie.<\/p>\n<p>Connus pour leur extr\u00eame persistance dans l&rsquo;environnement et le corps humain, ils sont souvent qualifi\u00e9s de \u00ab\u00a0produits chimiques \u00e9ternels\u00a0\u00bb.<\/p>\n<p>Li\u00e9es au cancer, \u00e0 l&rsquo;infertilit\u00e9, aux maladies thyro\u00efdiennes et \u00e0 la suppression du syst\u00e8me immunitaire, les PFAS sont pr\u00e9sents aujourd&rsquo;hui dans le sang de presque tous les Europ\u00e9ens, y compris les enfants, les femmes enceintes et les adolescents.<\/p>\n<p>Les experts estiment que la pollution par les PFAS constitue l&rsquo;une des plus graves menaces pour la sant\u00e9 publique aujourd&rsquo;hui.<\/p>\n<p>Le co\u00fbt cach\u00e9 de l&rsquo;inaction face \u00e0 la pollution par les PFAS<\/p>\n<p>Selon le BEE, la d\u00e9pollution des PFAS pourrait co\u00fbter \u00e0 l&rsquo;Union europ\u00e9enne jusqu&rsquo;\u00e0 2 000 milliards d&rsquo;euros au cours des 20 prochaines ann\u00e9es. La seule d\u00e9pollution de l&rsquo;environnement est estim\u00e9e \u00e0 100 milliards d&rsquo;euros par an, sans compter les 52 \u00e0 84 milliards d&rsquo;euros de co\u00fbts annuels suppl\u00e9mentaires li\u00e9s \u00e0 la sant\u00e9.<\/p>\n<p>\u00c0 l&rsquo;instar des industries du tabac et des combustibles fossiles, les principaux producteurs de PFAS connaissent depuis longtemps les graves <a href=\"https:\/\/fr.news.yahoo.com\/17-000-sites-europ%C3%A9ens-contamin%C3%A9s-143137935.html\" data-ylk=\"slk:risques sanitaires;elm:context_link;itc:0;sec:content-canvas;outcm:mb_qualified_link;_E:mb_qualified_link;ct:story;\" class=\"link  yahoo-link\" target=\"_blank\" rel=\"noopener\"><strong>risques sanitaires<\/strong><\/a> et environnementaux associ\u00e9s \u00e0 leurs produits chimiques, mais ils ont choisi de dissimuler les preuves, affirme le BEE.<\/p>\n<p><b class=\"c-widget-related__title__text\">Related<\/b><\/p>\n<p>Bien qu&rsquo;ils contribuent \u00e0 des co\u00fbts soci\u00e9taux estim\u00e9s \u00e0 16 000 milliards d&rsquo;euros par an pour l&rsquo;assainissement de l&rsquo;environnement et les soins de sant\u00e9, les producteurs continuent \u00e0 faire des b\u00e9n\u00e9fices en ne rendant que tr\u00e8s peu de comptes.<\/p>\n<p>\u00ab\u00a0Ces entreprises continuent de faire pression contre la<a href=\"https:\/\/fr.euronews.com\/my-europe\/2024\/10\/16\/les-pfas-polluants-eternels-et-veritable-fleau-en-europe\" rel=\"nofollow noopener\" target=\"_blank\" data-ylk=\"slk:r\u00e9glementation;elm:context_link;itc:0;sec:content-canvas\" class=\"link \"> <strong>r\u00e9glementation<\/strong><\/a>, d&rsquo;obscurcir les donn\u00e9es scientifiques et d&rsquo;induire les d\u00e9cideurs en erreur, alors que les communaut\u00e9s europ\u00e9ennes sont expos\u00e9es \u00e0 des produits chimiques toxiques\u00a0\u00bb, explique Patrick ten Brink.<\/p>\n<p>\u00ab\u00a0Le co\u00fbt de l&rsquo;inaction est d\u00e9j\u00e0 stup\u00e9fiant, et il augmente de jour en jour. Nous devons de toute urgence tenir les pollueurs pour responsables et mettre fin \u00e0 ce cercle vicieux.\u00a0\u00bb<\/p>\n<p>Un porte-parole du BEE a confirm\u00e9 que les ministres \u00e9taient en train d&rsquo;\u00eatre test\u00e9s aujourd&rsquo;hui.<\/p>\n","protected":false},"excerpt":{"rendered":"Les ministres de l&rsquo;Environnement et du climat de l&rsquo;UE ont \u00e9t\u00e9 invit\u00e9s \u00e0 faire tester leur sang pour&hellip;\n","protected":false},"author":2,"featured_media":241124,"comment_status":"","ping_status":"","sticky":false,"template":"","format":"standard","meta":{"footnotes":""},"categories":[1586],"tags":[11,1777,674,1779,1011,27,1861,38065,12,13885,25,38064,1778,364],"class_list":{"0":"post-241123","1":"post","2":"type-post","3":"status-publish","4":"format-standard","5":"has-post-thumbnail","7":"category-europe","8":"tag-actualites","9":"tag-eu","10":"tag-europe","11":"tag-european-union","12":"tag-fr","13":"tag-france","14":"tag-lue","15":"tag-ministres-de-lenvironnement","16":"tag-news","17":"tag-pfas","18":"tag-republique-francaise","19":"tag-substances-chimiques","20":"tag-ue","21":"tag-union-europeenne"},"share_on_mastodon":{"url":"https:\/\/pubeurope.com\/@fr\/114831434945139645","error":""},"_links":{"self":[{"href":"https:\/\/www.europesays.com\/fr\/wp-json\/wp\/v2\/posts\/241123","targetHints":{"allow":["GET"]}}],"collection":[{"href":"https:\/\/www.europesays.com\/fr\/wp-json\/wp\/v2\/posts"}],"about":[{"href":"https:\/\/www.europesays.com\/fr\/wp-json\/wp\/v2\/types\/post"}],"author":[{"embeddable":true,"href":"https:\/\/www.europesays.com\/fr\/wp-json\/wp\/v2\/users\/2"}],"replies":[{"embeddable":true,"href":"https:\/\/www.europesays.com\/fr\/wp-json\/wp\/v2\/comments?post=241123"}],"version-history":[{"count":0,"href":"https:\/\/www.europesays.com\/fr\/wp-json\/wp\/v2\/posts\/241123\/revisions"}],"wp:featuredmedia":[{"embeddable":true,"href":"https:\/\/www.europesays.com\/fr\/wp-json\/wp\/v2\/media\/241124"}],"wp:attachment":[{"href":"https:\/\/www.europesays.com\/fr\/wp-json\/wp\/v2\/media?parent=241123"}],"wp:term":[{"taxonomy":"category","embeddable":true,"href":"https:\/\/www.europesays.com\/fr\/wp-json\/wp\/v2\/categories?post=241123"},{"taxonomy":"post_tag","embeddable":true,"href":"https:\/\/www.europesays.com\/fr\/wp-json\/wp\/v2\/tags?post=241123"}],"curies":[{"name":"wp","href":"https:\/\/api.w.org\/{rel}","templated":true}]}}