{"id":241131,"date":"2025-07-10T23:08:11","date_gmt":"2025-07-10T23:08:11","guid":{"rendered":"https:\/\/www.europesays.com\/fr\/241131\/"},"modified":"2025-07-10T23:08:11","modified_gmt":"2025-07-10T23:08:11","slug":"cest-fou-il-se-souvient-de-tout-fabien-galthie-retrouve-wayne-shelford-legende-des-all-blacks-qui-a-travaille-dans-son-college-a-toulouse-lequipe","status":"publish","type":"post","link":"https:\/\/www.europesays.com\/fr\/241131\/","title":{"rendered":"\u00ab C&#039;est fou, il se souvient de tout \u00bb : Fabien Galthi\u00e9 retrouve Wayne Shelford, l\u00e9gende des All Blacks qui a travaill\u00e9 dans son coll\u00e8ge \u00e0 Toulouse &#8211; L&#039;\u00c9quipe"},"content":{"rendered":"<ol>\n<li><a href=\"https:\/\/news.google.com\/rss\/articles\/CBMilgJBVV95cUxQRWN5ckhNZ0w4czZtSVc1VG9KRDNhYjd0TE4zaFNwR3hPWjFsbEhHRGp0UFI4U0V3T1JLQ1MyV1BQZ2lwZVBoNHBTSE1mbzdBMzRUWVAxZGc5OU1wYnkyc2NCLTNHRU1sSWI1MUlTNmxzRTY0cTdObjVWZmxncDF4WlVGMlB3YVRHZFMyWDFDa2VlVkxLMVVhdGNJUHNMWXNsNTlyeHRNN1VCX294RWctQ3l3T3lGWkJIVDU4N09pbm9UZzViZjF1TXY1aDg4V0FER1FfVnVOU252bmVBdm84YjFNS1JlZFg4TnRvd0xlWE85d2pHQWlCbUJQckRETWRnbTZKYjRkdzlhMHhzYk5ObUw5Y1VpZw?oc=5\" target=\"_blank\" rel=\"nofollow noopener\">\u00ab C&rsquo;est fou, il se souvient de tout \u00bb : Fabien Galthi\u00e9 retrouve Wayne Shelford, l\u00e9gende des All Blacks qui a travaill\u00e9 dans son coll\u00e8ge \u00e0 Toulouse<\/a>&nbsp;&nbsp;L&rsquo;\u00c9quipe<\/li>\n<li><a href=\"https:\/\/news.google.com\/rss\/articles\/CBMimAJBVV95cUxQWWNKWXRHLV9SZDMyYVJSMkdmY1pldk9WaE9sdDEzVUVmamNsa3JOOGRfYVYyTUlTSjhDMk90TEtmWlp2dll1TEZWMjVkYVNDX0lUNmRpeHY1b3Zkbk1qcjVqQXR5WDF1am5vbUc2SkFUM1FfNGZoejU3SEQyOFltMEs0M0JFaW1Hc2J6R1p6MEhuSF92ZUhDTVVMUkxQdzVtdDZla21Ba1lKYjN3U3l3Y0FqNVg2SnNLZGN3RmFYdXlXejByNHBRMUJFczNKQ2hxMUJ0bEFOSFhuLV92LUlpNlhSd0k5N0RaNGFCOTBLakZ1RGJDTXNBaldXWlNQZGt6bVV2NkxwSjNhZWdtaGN5eGxTSTZtaHRy?oc=5\" target=\"_blank\" rel=\"nofollow noopener\">\u00ab\u00a0Il se souvient de tout\u00a0\u00bb : Quand Fabien Galthi\u00e9 retrouve en Nouvelle-Z\u00e9lande son ancien entra\u00eeneur au coll\u00e8ge<\/a>&nbsp;&nbsp;France 3 R\u00e9gions<\/li>\n<li><a href=\"https:\/\/news.google.com\/rss\/articles\/CBMiqAFBVV95cUxORjB3QWRfQl93aEZBdVMzcjNHdm50c1hVZTFJYi1JWi1mM2JMM2VqU1lsdzVGNENGTkZITFlyY3lGbDNXZkxFRVZ5Q2V3UG85Nnl0M1Q4aTZMT2lkcFAzcVltU2FoTjZLZWkweXhnZUMwZU44bTdaZ3kzdUl0VVh3LXlmaEY0YVdWblBkcThibHZxUURrMy1sRUtVa01scFNycHBnbjRVU3g?oc=5\" target=\"_blank\" rel=\"nofollow noopener\">Deux anciens joueurs des All-Blacks ont assist\u00e9 \u00e0 l\u2019entrainement du XV de France !<\/a>&nbsp;&nbsp;Blog RCT<\/li>\n<li><a href=\"https:\/\/news.google.com\/rss\/articles\/CBMixgFBVV95cUxPYWU2U1RTWEh3aS1oVWNUOUlTSjdKdEVzcTFLUEd6VDRMdWh1cG1kdU4zRGp2X09TbVpBNGliS0s1RXNXdU9HYm43dV9ZdW94N2ZUMzBEMFl3OFpDVlhjclhpazk4M3B1VXkzV1lNRnA5TmNuVi0tZjFINFpNVXgzbDB2WTl5aE9EVkcwMGE2OFpycVZnX2JIcy1OQm5aYWt3SUU4RlJWd0RQZ3NuUnpaY29MSGZyUlV6WVIyU1IxdWJ5ZHV4clE?oc=5\" target=\"_blank\" rel=\"nofollow noopener\">XV de France : Les retrouvailles \u00e9mouvantes de Galthi\u00e9 avec un mythique All Black<\/a>&nbsp;&nbsp;Quinze Mondial<\/li>\n<\/ol>\n","protected":false},"excerpt":{"rendered":"\u00ab C&rsquo;est fou, il se souvient de tout \u00bb : Fabien Galthi\u00e9 retrouve Wayne Shelford, l\u00e9gende des All&hellip;\n","protected":false},"author":2,"featured_media":241132,"comment_status":"","ping_status":"","sticky":false,"template":"","format":"standard","meta":{"footnotes":""},"categories":[1416],"tags":[1011,27,479,1468,60],"class_list":{"0":"post-241131","1":"post","2":"type-post","3":"status-publish","4":"format-standard","5":"has-post-thumbnail","7":"category-rugby","8":"tag-fr","9":"tag-france","10":"tag-rugby","11":"tag-rugby-football","12":"tag-sports"},"share_on_mastodon":{"url":"https:\/\/pubeurope.com\/@fr\/114831458522513162","error":""},"_links":{"self":[{"href":"https:\/\/www.europesays.com\/fr\/wp-json\/wp\/v2\/posts\/241131","targetHints":{"allow":["GET"]}}],"collection":[{"href":"https:\/\/www.europesays.com\/fr\/wp-json\/wp\/v2\/posts"}],"about":[{"href":"https:\/\/www.europesays.com\/fr\/wp-json\/wp\/v2\/types\/post"}],"author":[{"embeddable":true,"href":"https:\/\/www.europesays.com\/fr\/wp-json\/wp\/v2\/users\/2"}],"replies":[{"embeddable":true,"href":"https:\/\/www.europesays.com\/fr\/wp-json\/wp\/v2\/comments?post=241131"}],"version-history":[{"count":0,"href":"https:\/\/www.europesays.com\/fr\/wp-json\/wp\/v2\/posts\/241131\/revisions"}],"wp:featuredmedia":[{"embeddable":true,"href":"https:\/\/www.europesays.com\/fr\/wp-json\/wp\/v2\/media\/241132"}],"wp:attachment":[{"href":"https:\/\/www.europesays.com\/fr\/wp-json\/wp\/v2\/media?parent=241131"}],"wp:term":[{"taxonomy":"category","embeddable":true,"href":"https:\/\/www.europesays.com\/fr\/wp-json\/wp\/v2\/categories?post=241131"},{"taxonomy":"post_tag","embeddable":true,"href":"https:\/\/www.europesays.com\/fr\/wp-json\/wp\/v2\/tags?post=241131"}],"curies":[{"name":"wp","href":"https:\/\/api.w.org\/{rel}","templated":true}]}}