{"id":241133,"date":"2025-07-10T23:09:10","date_gmt":"2025-07-10T23:09:10","guid":{"rendered":"https:\/\/www.europesays.com\/fr\/241133\/"},"modified":"2025-07-10T23:09:10","modified_gmt":"2025-07-10T23:09:10","slug":"sinner-et-alcaraz-vont-faire-progresser-le-tennis-dans-les-10-a-15-prochaines-annees-annonce-kyrgios","status":"publish","type":"post","link":"https:\/\/www.europesays.com\/fr\/241133\/","title":{"rendered":"\u00ab Sinner et Alcaraz vont faire progresser le tennis dans les 10 \u00e0 15 prochaines ann\u00e9es \u00bb, annonce Kyrgios"},"content":{"rendered":"<p>                <img decoding=\"async\" src=\"https:\/\/www.europesays.com\/fr\/wp-content\/uploads\/2025\/07\/hN1C.jpg\" alt=\"\u00ab Sinner et Alcaraz vont faire progresser le tennis dans les 10 \u00e0 15 prochaines ann\u00e9es \u00bb, annonce Kyrgios\"\/><\/p>\n<p>Nick Kyrgios est toujours \u00e9cart\u00e9 des terrains en raison de sa blessure au poignet. Et m\u00eame s\u2019il ne joue plus, l\u2019Australien aime toujours commenter l\u2019actualit\u00e9 tennistique.<\/p>\n<p>Alors que l\u2019on pourrait retrouver Carlos Alcaraz et Jannik Sinner en finale de Wimbledon ce dimanche, Kyrgios s\u2019est exprim\u00e9 sur leur rivalit\u00e9.<\/p>\n<p>Pour lui, le tennis est en plein essor gr\u00e2ce \u00e0 eux. Cit\u00e9 par Eurosport Italie, il d\u00e9clare : \u00ab Je pense qu&rsquo;Alcaraz et Sinner ont d\u00e9finitivement le jeu entre leurs mains. C&rsquo;est un v\u00e9ritable changement g\u00e9n\u00e9rationnel.<\/p>\n<p>Federer et Nadal sont partis, et je pense que le sport l&rsquo;a ressenti. Je crois que Djokovic, je suis d\u00e9sol\u00e9 de le dire, a atteint ses limites.<\/p>\n<p><strong>C&rsquo;est toujours un excellent joueur et il peut rivaliser, mais je ne sais pas combien de temps cela va durer.<\/strong><\/p>\n<p>Je pense qu&rsquo;Alcaraz et Sinner feront progresser le tennis dans les 10 \u00e0 15 prochaines ann\u00e9es. Ces joueurs ont un talent incroyable. Le tennis est en plein essor gr\u00e2ce \u00e0 leur lutte pour les titres du Grand Chelem.<\/p>\n<p>Nous l&rsquo;avons vu \u00e0 Roland-Garros : c&rsquo;\u00e9tait l&rsquo;une des plus belles finales de l&rsquo;histoire. Nous ne pouvons que savourer ce moment. \u00bb<\/p>\n","protected":false},"excerpt":{"rendered":"Nick Kyrgios est toujours \u00e9cart\u00e9 des terrains en raison de sa blessure au poignet. Et m\u00eame s\u2019il ne&hellip;\n","protected":false},"author":2,"featured_media":241134,"comment_status":"","ping_status":"","sticky":false,"template":"","format":"standard","meta":{"footnotes":""},"categories":[1415],"tags":[1011,27,60,1467],"class_list":{"0":"post-241133","1":"post","2":"type-post","3":"status-publish","4":"format-standard","5":"has-post-thumbnail","7":"category-tennis","8":"tag-fr","9":"tag-france","10":"tag-sports","11":"tag-tennis"},"share_on_mastodon":{"url":"https:\/\/pubeurope.com\/@fr\/114831462482275516","error":""},"_links":{"self":[{"href":"https:\/\/www.europesays.com\/fr\/wp-json\/wp\/v2\/posts\/241133","targetHints":{"allow":["GET"]}}],"collection":[{"href":"https:\/\/www.europesays.com\/fr\/wp-json\/wp\/v2\/posts"}],"about":[{"href":"https:\/\/www.europesays.com\/fr\/wp-json\/wp\/v2\/types\/post"}],"author":[{"embeddable":true,"href":"https:\/\/www.europesays.com\/fr\/wp-json\/wp\/v2\/users\/2"}],"replies":[{"embeddable":true,"href":"https:\/\/www.europesays.com\/fr\/wp-json\/wp\/v2\/comments?post=241133"}],"version-history":[{"count":0,"href":"https:\/\/www.europesays.com\/fr\/wp-json\/wp\/v2\/posts\/241133\/revisions"}],"wp:featuredmedia":[{"embeddable":true,"href":"https:\/\/www.europesays.com\/fr\/wp-json\/wp\/v2\/media\/241134"}],"wp:attachment":[{"href":"https:\/\/www.europesays.com\/fr\/wp-json\/wp\/v2\/media?parent=241133"}],"wp:term":[{"taxonomy":"category","embeddable":true,"href":"https:\/\/www.europesays.com\/fr\/wp-json\/wp\/v2\/categories?post=241133"},{"taxonomy":"post_tag","embeddable":true,"href":"https:\/\/www.europesays.com\/fr\/wp-json\/wp\/v2\/tags?post=241133"}],"curies":[{"name":"wp","href":"https:\/\/api.w.org\/{rel}","templated":true}]}}