{"id":241145,"date":"2025-07-10T23:17:17","date_gmt":"2025-07-10T23:17:17","guid":{"rendered":"https:\/\/www.europesays.com\/fr\/241145\/"},"modified":"2025-07-10T23:17:17","modified_gmt":"2025-07-10T23:17:17","slug":"fete-du-livre-de-saint-etienne-une-deferlante-de-180-auteurs","status":"publish","type":"post","link":"https:\/\/www.europesays.com\/fr\/241145\/","title":{"rendered":"F\u00caTE DU LIVRE DE SAINT-\u00c9TIENNE : UNE D\u00c9FERLANTE DE 180 AUTEURS"},"content":{"rendered":"<p>                <a href=\"https:\/\/cadenceradio.fr\" target=\"_blank\" aria-label=\"Banni\u00e8re Cadence 2025\" rel=\"noopener\"><img loading=\"lazy\" decoding=\"async\" src=\"https:\/\/www.europesays.com\/fr\/wp-content\/uploads\/2025\/07\/Banniere-Cadence-2025-scaled.jpg\" alt=\"\"   width=\"2560\" height=\"738\"\/><\/a><\/p>\n<p>Avec Agn\u00e8s Ledig en marraine et une programmation exceptionnelle, l\u2019\u00e9v\u00e9nement promet de s\u00e9duire les 50 000 visiteurs attendus.<\/p>\n<p>Benjamin Lacombe et les talents confirm\u00e9s<\/p>\n<p>Le festival Les Mots en sc\u00e8ne accueillera <strong>Benjamin Lacombe<\/strong> comme parrain, cet illustrateur et auteur particuli\u00e8rement appr\u00e9ci\u00e9 du jeune public. Sa pr\u00e9sence garantit un pont g\u00e9n\u00e9rationnel essentiel pour toucher toutes les tranches d\u2019\u00e2ge.<\/p>\n<p>La programmation r\u00e9v\u00e9l\u00e9e jusqu\u2019\u00e0 pr\u00e9sent d\u00e9voile des noms prestigieux : <strong>Michel Bussi<\/strong>, ma\u00eetre du thriller psychologique, <strong>Christophe Cazenove<\/strong>, cr\u00e9ateur de la c\u00e9l\u00e8bre bande dessin\u00e9e Les Sisters, <strong>Vincent Maillard<\/strong>, <strong>Sylvie Baron<\/strong>, <strong>Zola Gordon<\/strong> et <strong>Julia Richard<\/strong> compl\u00e8tent cette premi\u00e8re s\u00e9lection prometteuse.<\/p>\n<p>Une affiche st\u00e9phanoise pleine de symboles<\/p>\n<p>L\u2019identit\u00e9 visuelle de <strong><a href=\"https:\/\/42info.fr\/fete-du-livre-de-saint-etienne-il-etait-une-foire-de-livres\/\" target=\"_blank\" rel=\"noreferrer noopener\">cette 39e \u00e9dition porte la signature locale de Romain Lubi\u00e8re<\/a><\/strong>. L\u2019artiste st\u00e9phanois a con\u00e7u une \u0153uvre riche en significations color\u00e9 et un \u00e9panouissement de la lecture. Cette cr\u00e9ation color\u00e9e traduit une vision apaisante de la lecture. Un choix artistique qui refl\u00e8te parfaitement l\u2019ambition de d\u00e9mocratisation culturelle de l\u2019\u00e9v\u00e9nement.<\/p>\n<p>180 auteurs pour une \u00e9dition d\u2019exception<\/p>\n<p>Les chiffres donnent le vertige : <strong><a href=\"https:\/\/42info.fr\/fete-du-livre-de-saint-etienne-les-contes-a-lhonneur-en-octobre\/\" target=\"_blank\" rel=\"noreferrer noopener\">180 \u00e9crivains et 100 maisons d\u2019\u00e9dition investiront la ville<\/a><\/strong>, dont une vingtaine d\u2019\u00e9diteurs st\u00e9phanois qui t\u00e9moignent de la vitalit\u00e9 litt\u00e9raire locale. Cette diversit\u00e9 \u00e9ditoriale permet d\u2019offrir un panorama complet de la cr\u00e9ation contemporaine.<\/p>\n<p>L\u2019\u00e9v\u00e9nement mise sur l\u2019\u00e9clectisme pour toucher le plus large public possible, des amateurs de litt\u00e9rature classique aux passionn\u00e9s de nouvelles \u00e9critures, en passant par les lecteurs occasionnels qu\u2019il s\u2019agit de conqu\u00e9rir.<\/p>\n<p>Programmation estivale en cours<\/p>\n<p>La r\u00e9v\u00e9lation progressive du programme durant l\u2019\u00e9t\u00e9 maintient l\u2019attente et permet d\u2019affiner la s\u00e9lection. Cette strat\u00e9gie de communication \u00e9chelonn\u00e9e offre \u00e9galement aux organisateurs la possibilit\u00e9 d\u2019ajuster leur programmation selon les retours du public et les disponibilit\u00e9s des auteurs.<\/p>\n<p>Les 50 000 visiteurs attendus confirment l\u2019ancrage de cette manifestation dans le paysage culturel r\u00e9gional. Cette affluence t\u00e9moigne de l\u2019app\u00e9tit du public pour les rencontres litt\u00e9raires et la d\u00e9couverte d\u2019auteurs dans un cadre convivial.<\/p>\n","protected":false},"excerpt":{"rendered":"Avec Agn\u00e8s Ledig en marraine et une programmation exceptionnelle, l\u2019\u00e9v\u00e9nement promet de s\u00e9duire les 50 000 visiteurs attendus.&hellip;\n","protected":false},"author":2,"featured_media":241146,"comment_status":"","ping_status":"","sticky":false,"template":"","format":"standard","meta":{"footnotes":""},"categories":[1357],"tags":[1379,251,58,59,36981,1011,27,937,2003,1380,3367,4001],"class_list":{"0":"post-241145","1":"post","2":"type-post","3":"status-publish","4":"format-standard","5":"has-post-thumbnail","7":"category-livres","8":"tag-books","9":"tag-culture","10":"tag-divertissement","11":"tag-entertainment","12":"tag-fete-du-livre","13":"tag-fr","14":"tag-france","15":"tag-histoire","16":"tag-livre","17":"tag-livres","18":"tag-loire","19":"tag-saint-etienne"},"share_on_mastodon":{"url":"https:\/\/pubeurope.com\/@fr\/114831493924163107","error":""},"_links":{"self":[{"href":"https:\/\/www.europesays.com\/fr\/wp-json\/wp\/v2\/posts\/241145","targetHints":{"allow":["GET"]}}],"collection":[{"href":"https:\/\/www.europesays.com\/fr\/wp-json\/wp\/v2\/posts"}],"about":[{"href":"https:\/\/www.europesays.com\/fr\/wp-json\/wp\/v2\/types\/post"}],"author":[{"embeddable":true,"href":"https:\/\/www.europesays.com\/fr\/wp-json\/wp\/v2\/users\/2"}],"replies":[{"embeddable":true,"href":"https:\/\/www.europesays.com\/fr\/wp-json\/wp\/v2\/comments?post=241145"}],"version-history":[{"count":0,"href":"https:\/\/www.europesays.com\/fr\/wp-json\/wp\/v2\/posts\/241145\/revisions"}],"wp:featuredmedia":[{"embeddable":true,"href":"https:\/\/www.europesays.com\/fr\/wp-json\/wp\/v2\/media\/241146"}],"wp:attachment":[{"href":"https:\/\/www.europesays.com\/fr\/wp-json\/wp\/v2\/media?parent=241145"}],"wp:term":[{"taxonomy":"category","embeddable":true,"href":"https:\/\/www.europesays.com\/fr\/wp-json\/wp\/v2\/categories?post=241145"},{"taxonomy":"post_tag","embeddable":true,"href":"https:\/\/www.europesays.com\/fr\/wp-json\/wp\/v2\/tags?post=241145"}],"curies":[{"name":"wp","href":"https:\/\/api.w.org\/{rel}","templated":true}]}}