{"id":24115,"date":"2025-04-14T11:19:07","date_gmt":"2025-04-14T11:19:07","guid":{"rendered":"https:\/\/www.europesays.com\/fr\/24115\/"},"modified":"2025-04-14T11:19:07","modified_gmt":"2025-04-14T11:19:07","slug":"le-cancer-du-col-de-luterus-eradique-dici-2040","status":"publish","type":"post","link":"https:\/\/www.europesays.com\/fr\/24115\/","title":{"rendered":"le cancer du col de l&rsquo;ut\u00e9rus \u00e9radiqu\u00e9 d&rsquo;ici 2040"},"content":{"rendered":"<p>                             Par Le Figaro avec AFP<\/p>\n<p>\n            Publi\u00e9<br \/>\n                le 14 avril 2025 \u00e0 11h32\n        <\/p>\n<p>    Le taux de vaccination contre l\u2019infection au papillomavirus (HPV) est de 89% pour les gar\u00e7ons et filles de 12 ans \u00e0 la premi\u00e8re des deux doses du vaccin. (Image d\u2019illustration).<br \/>\n                ADOBE STOCK<\/p>\n<p>Actuellement, le taux de r\u00e9currence de ce type de cancer est inf\u00e9rieur \u00e0 10 sur 100.000, selon une \u00e9tude publi\u00e9e dans le Journal des M\u00e9decins danois.<\/p>\n<p class=\"fig-paragraph\">Le\u00a0<a href=\"http:\/\/www.lefigaro.fr\/international\/malgre-des-relations-toujours-plus-tendues-avec-les-etats-unis-le-danemark-devrait-accueillir-de-nouvelles-troupes-americaines-20250410\" target=\"_blank\" data-fig-type=\"Article\" rel=\"noopener\" data-gtm-custom-categorie=\"navigation\" data-gtm-custom-action=\"crossclick\" data-gtm-custom-label=\"Contextuel\" data-gtm-event=\"customEventSPE\" data-fig-domain=\"LEFIGARO\">Danemark\u00a0<\/a>devrait avoir \u00e9radiqu\u00e9 le\u00a0<a href=\"https:\/\/www.lefigaro.fr\/sciences\/un-test-hpv-tous-les-cinq-ans-efficace-pour-prevenir-le-cancer-du-col-de-l-uterus-20220531\" target=\"_blank\" data-fig-type=\"Article\" rel=\"noopener\" data-gtm-custom-categorie=\"navigation\" data-gtm-custom-action=\"crossclick\" data-gtm-custom-label=\"Contextuel\" data-gtm-event=\"customEventSPE\" data-fig-domain=\"LEFIGARO\">cancer du col de l&rsquo;ut\u00e9rus<\/a>\u00a0d&rsquo;ici 2040, gr\u00e2ce \u00e0 l&rsquo;adh\u00e9sion au programme de vaccination HPV et au d\u00e9pistage, a annonc\u00e9 ce lundi la Ligue danoise de lutte contre le cancer.<\/p>\n<p class=\"fig-paragraph\">\u00abM\u00eame avant 2040, si peu de femmes pourraient \u00eatre touch\u00e9es par la maladie qu&rsquo;elle pourrait \u00eatre consid\u00e9r\u00e9e comme \u00e9limin\u00e9e\u00bb, s&rsquo;est f\u00e9licit\u00e9e la Ligue danoise de lutte contre le cancer dans un communiqu\u00e9. \u00abCe sera la premi\u00e8re fois qu&rsquo;un type de cancer dispara\u00eet\u00bb, ajoute-t-elle.<\/p>\n<p class=\"fig-body-link\">\n            \u00c0 lire aussi<br \/>\n        <a class=\"fig-body-link__link fig-premium-mark\" href=\"https:\/\/www.lefigaro.fr\/sciences\/cancer-du-col-de-l-uterus-finissons-en-avec-les-inegalites-mondiales-20221014\" target=\"_blank\" data-fig-type=\"Article\" rel=\"noopener\" data-gtm-custom-categorie=\"navigation\" data-gtm-custom-action=\"crossclick\" data-gtm-custom-label=\"Contextuel\" data-gtm-event=\"customEventSPE\" data-fig-domain=\"LEFIGARO\">Cancer du col de l\u2019ut\u00e9rus: finissons-en avec les in\u00e9galit\u00e9s mondiales!<br \/>\n    <\/a>\n<\/p>\n<p>Une couverture vaccinale atteignant 89%<\/p>\n<p class=\"fig-paragraph\">Actuellement, le taux de r\u00e9currence de ce type de cancer est inf\u00e9rieur \u00e0 10 sur 100.000, selon une \u00e9tude publi\u00e9e dans le Journal des M\u00e9decins danois. D&rsquo;apr\u00e8s les crit\u00e8res de l&rsquo;Organisation mondiale de la Sant\u00e9, la maladie sera consid\u00e9r\u00e9e comme \u00e9radiqu\u00e9e au Danemark avec un taux de r\u00e9currence inf\u00e9rieur \u00e0 4 sur 100.000.<\/p>\n<p class=\"fig-paragraph\">Le taux de vaccination contre l&rsquo;infection au\u00a0<a href=\"https:\/\/www.lefigaro.fr\/sciences\/vaccin-contre-le-papillomavirus-une-seule-dose-pourrait-suffire-20230902\" target=\"_blank\" data-fig-type=\"Article\" rel=\"noopener\" data-gtm-custom-categorie=\"navigation\" data-gtm-custom-action=\"crossclick\" data-gtm-custom-label=\"Contextuel\" data-gtm-event=\"customEventSPE\" data-fig-domain=\"LEFIGARO\">papillomavirus\u00a0<\/a>(HPV), principale cause de la maladie, est de 89% pour les gar\u00e7ons et filles de 12 ans \u00e0 la premi\u00e8re des deux doses du vaccin. C&rsquo;est un tout petit peu moins que l&rsquo;objectif de 90%. Le vaccin, gratuit, a \u00e9t\u00e9 introduit chez les filles en 2008\/2009 et en 2019 chez les gar\u00e7ons.<\/p>\n<p class=\"fig-paragraph\">Sur le d\u00e9pistage, 60% des femmes au Danemark acceptent l&rsquo;offre, soit dix points de moins que l&rsquo;objectif de 70% de participation. La Su\u00e8de affiche un objectif d&rsquo;\u00e9radication encore plus rapproch\u00e9, \u00e0 2027, selon les centres r\u00e9gionaux de canc\u00e9rologie (RCC) su\u00e9dois.<\/p>\n","protected":false},"excerpt":{"rendered":"Par Le Figaro avec AFP Publi\u00e9 le 14 avril 2025 \u00e0 11h32 Le taux de vaccination contre l\u2019infection&hellip;\n","protected":false},"author":2,"featured_media":24116,"comment_status":"","ping_status":"","sticky":false,"template":"","format":"standard","meta":{"footnotes":""},"categories":[10],"tags":[8704,47,8699,101,8707,8706,145,4988,1011,27,8705,72,8700,5362,226,224,8701,225,8702,298,71,8703,801,227,4913],"class_list":{"0":"post-24115","1":"post","2":"type-post","3":"status-publish","4":"format-standard","5":"has-post-thumbnail","7":"category-sante","8":"tag-actu-sante","9":"tag-actualite","10":"tag-actualite-sante","11":"tag-cancer","12":"tag-conseil-medical","13":"tag-conseils-medicaux","14":"tag-danemark","15":"tag-forme","16":"tag-fr","17":"tag-france","18":"tag-guide-des-medicaments","19":"tag-health","20":"tag-info-sante","21":"tag-magazine-sante","22":"tag-maladie","23":"tag-medecine","24":"tag-medical","25":"tag-medicament","26":"tag-nutrition-et-sante","27":"tag-psychologie","28":"tag-sante","29":"tag-sexualite","30":"tag-social","31":"tag-traitement","32":"tag-uterus"},"share_on_mastodon":{"url":"https:\/\/pubeurope.com\/@fr\/114336049666118526","error":""},"_links":{"self":[{"href":"https:\/\/www.europesays.com\/fr\/wp-json\/wp\/v2\/posts\/24115","targetHints":{"allow":["GET"]}}],"collection":[{"href":"https:\/\/www.europesays.com\/fr\/wp-json\/wp\/v2\/posts"}],"about":[{"href":"https:\/\/www.europesays.com\/fr\/wp-json\/wp\/v2\/types\/post"}],"author":[{"embeddable":true,"href":"https:\/\/www.europesays.com\/fr\/wp-json\/wp\/v2\/users\/2"}],"replies":[{"embeddable":true,"href":"https:\/\/www.europesays.com\/fr\/wp-json\/wp\/v2\/comments?post=24115"}],"version-history":[{"count":0,"href":"https:\/\/www.europesays.com\/fr\/wp-json\/wp\/v2\/posts\/24115\/revisions"}],"wp:featuredmedia":[{"embeddable":true,"href":"https:\/\/www.europesays.com\/fr\/wp-json\/wp\/v2\/media\/24116"}],"wp:attachment":[{"href":"https:\/\/www.europesays.com\/fr\/wp-json\/wp\/v2\/media?parent=24115"}],"wp:term":[{"taxonomy":"category","embeddable":true,"href":"https:\/\/www.europesays.com\/fr\/wp-json\/wp\/v2\/categories?post=24115"},{"taxonomy":"post_tag","embeddable":true,"href":"https:\/\/www.europesays.com\/fr\/wp-json\/wp\/v2\/tags?post=24115"}],"curies":[{"name":"wp","href":"https:\/\/api.w.org\/{rel}","templated":true}]}}