{"id":241157,"date":"2025-07-10T23:24:30","date_gmt":"2025-07-10T23:24:30","guid":{"rendered":"https:\/\/www.europesays.com\/fr\/241157\/"},"modified":"2025-07-10T23:24:30","modified_gmt":"2025-07-10T23:24:30","slug":"voici-les-12-offres-immanquables-lors-du-prime-day-damazon","status":"publish","type":"post","link":"https:\/\/www.europesays.com\/fr\/241157\/","title":{"rendered":"voici les 12 offres immanquables lors du Prime Day d\u2019Amazon"},"content":{"rendered":"<p>Pour son Prime Day 2025, Amazon d\u00e9cide de vous faire de belles \u00e9conomies sur des produits Tech, et ce, pendant quatre jours. On trouve d\u00e9j\u00e0 des r\u00e9f\u00e9rences actuelles de la firme de Cupertino en forte promotion : i<strong>Phone, AirPods, MacBook et Apple Watch\u2026 tout y passe.\u00a0<\/strong> <\/p>\n<p><a target=\"_blank\" href=\"https:\/\/images.frandroid.com\/wp-content\/uploads\/2025\/07\/apple-prime-day-2025-1.jpg\" class=\"article-content__figure\" rel=\"nofollow noopener\"><img fetchpriority=\"high\" decoding=\"async\" loading=\"eager\" width=\"1200\" height=\"675\" src=\"https:\/\/www.europesays.com\/fr\/wp-content\/uploads\/2025\/07\/apple-prime-day-2025-1.jpg\" alt=\"\" class=\"wp-image-2729813 wp-image wp-image\"  \/><\/a><\/p>\n<p>Le <a href=\"https:\/\/www.frandroid.com\/bons-plans\/2724701_amazon-lance-son-prime-day-2025-voici-les-meilleures-offres-en-direct-pour-ce-premier-jour-de-promotions\" data-type=\"link\" data-id=\"https:\/\/www.frandroid.com\/bons-plans\/2724701_amazon-lance-son-prime-day-2025-voici-les-meilleures-offres-en-direct-pour-ce-premier-jour-de-promotions\" rel=\"nofollow noopener\" target=\"_blank\">Prime Day<\/a> vient d\u2019\u00eatre lanc\u00e9\u00a0et Apple est mis \u00e0 l\u2019honneur sur Amazon. On trouve de belles r\u00e9ductions sur une foule d\u2019appareils de la marque \u00e0 la Pomme comme le r\u00e9cent\u00a0<a href=\"https:\/\/www.frandroid.com\/produits\/smartphones\/apple\/2478366-apple-iphone-16e-se-4\" rel=\"nofollow noopener\" target=\"_blank\">iPhone\u00a016e<\/a> ou encore <a href=\"https:\/\/www.frandroid.com\/produits\/tablettes-tactiles\/apple\/2536697-apple-ipad-11-2025\" rel=\"nofollow noopener\" target=\"_blank\">l\u2019iPad 11 (2025)<\/a>. C\u2019est l\u2019un des rares moments o\u00f9 l\u2019on peut les acqu\u00e9rir \u00e0 prix r\u00e9duit. \u00a0<\/p>\n<p>Les meilleures offres Apple du Prime Day<\/p>\n<p>Si vous trouvez votre bonheur dans cette s\u00e9lection, nous vous invitons \u00e0 lire notre guide sur <a href=\"https:\/\/www.frandroid.com\/guide-dachat\/smartphones\/705312_meilleur-iphone\" rel=\"nofollow noopener\" target=\"_blank\">les meilleurs iPhone<\/a>, les meilleurs <a href=\"https:\/\/www.frandroid.com\/guide-dachat\/1995260_quels-modele-dairpods-choisir-notre-selection\" rel=\"nofollow noopener\" target=\"_blank\">AirPods<\/a>, <a href=\"https:\/\/www.frandroid.com\/guide-dachat\/guides-dachat-ordinateurs\/981469_macbook-air-macbook-pro-macbook-m1-quel-portable-apple-choisir\" rel=\"nofollow noopener\" target=\"_blank\">Mac et MacBook<\/a>, mais aussi <a href=\"https:\/\/www.frandroid.com\/marques\/apple\/692786_meilleur-ipad-selection\" rel=\"nofollow noopener\" target=\"_blank\">iPad<\/a>. <\/p>\n<p>Apple Watch Series 10 <\/p>\n<p>L<a href=\"https:\/\/www.frandroid.com\/produits\/montres-bracelet-connectes\/apple\/2331444-apple-watch-series-10\" rel=\"nofollow noopener\" target=\"_blank\">\u2018Apple Watch Series 10<\/a> est assur\u00e9ment une tr\u00e8s bonne montre connect\u00e9e,\u00a0et si vous souhaitez l\u2019associer \u00e0 votre iPhone, c\u2019est le bon moment : elle co\u00fbte moins ch\u00e8re \u00e0 l\u2019occasion du Prime Day. <\/p>\n<p><a target=\"_blank\" href=\"https:\/\/images.frandroid.com\/wp-content\/uploads\/2025\/07\/apple-watch-series-10-prime-day-2025.jpg\" class=\"article-content__figure\" rel=\"nofollow noopener\"><img loading=\"lazy\" decoding=\"async\" width=\"1200\" height=\"675\" src=\"https:\/\/www.europesays.com\/fr\/wp-content\/uploads\/2025\/07\/apple-watch-series-10-prime-day-2025-1200x675.jpg\" alt=\"\" class=\"wp-image-2729791 wp-image\"  \/><\/a><\/p>\n<p>L\u2019Apple Watch Series 10 en bref<\/p>\n<ul class=\"wp-block-list\">\n<li>Un \u00e9cran grand et lumineux avec une interface soign\u00e9e<\/li>\n<li>Un suivi tr\u00e8s pr\u00e9cis de la fr\u00e9quence cardiaque<\/li>\n<li>Une meilleure autonomie et charge plus rapide<\/li>\n<\/ul>\n<p>Vendu \u00e0 479 euros dans sa version 46 mm GPS, l\u2019Apple Watch Series 10 est d\u00e9sormais <a href=\"https:\/\/shop.frandroid.com\/3czoiyq6\" target=\"_blank\" rel=\"noreferrer noopener affiliate nofollow\" data-gtm=\"{&quot;event&quot;:&quot;afficlic&quot;,&quot;nom_marchand&quot;:&quot;amazon_fr&quot;,&quot;nom_produit&quot;:&quot;inconnu&quot;,&quot;categorie_produit&quot;:&quot;inconnu&quot;,&quot;module_produit&quot;:&quot;editolink&quot;,&quot;position_marchand&quot;:0,&quot;texte&quot;:&quot;propose-a-390-46-euros-sur-amazon&quot;,&quot;offer_url&quot;:&quot;https:\/\/shop.frandroid.com\/3czoiyq6&quot;,&quot;zone&quot;:&quot;contenu-page&quot;}\">propos\u00e9 \u00e0 390,46 euros sur Amazon.<\/a><\/p>\n<p>AirPods Pro 2 USB-C<\/p>\n<p>Les grands classiques d\u2019Apple, les AirPods Pro 2 USB-C avec r\u00e9duction de bruit active et son Dolby Atmos sont en promo pour le Prime Day.<\/p>\n<p><a href=\"https:\/\/www.europesays.com\/fr\/wp-content\/uploads\/2025\/07\/image-27-3.jpg\" target=\"_blank\" class=\"article-content__figure\"><img loading=\"lazy\" decoding=\"async\" width=\"1200\" height=\"675\" src=\"https:\/\/www.europesays.com\/fr\/wp-content\/uploads\/2025\/07\/image-27-3.jpg\" alt=\"\" class=\"wp-image-2728345 wp-image\"  \/><\/a><\/p>\n<p>Les points forts des AirPods Pro 2 USB-C<\/p>\n<ul class=\"wp-block-list\">\n<li>La puce H2 fait un tr\u00e8s bon travail<\/li>\n<li>L\u2019autonomie de 5 h avec l\u2019utilisation de l\u2019ANC<\/li>\n<li>Le son Dolby Atmos fonctionne \u00e0 merveille<\/li>\n<\/ul>\n<p>Les AirPods Pro 2 d\u2019Apple sont d\u2019excellents \u00e9couteurs qui n\u2019usurpent pas leur r\u00e9putation, m\u00eame \u00e0 279 euros. Alors <a href=\"https:\/\/shop.frandroid.com\/yyepqeuo\" target=\"_blank\" rel=\"noreferrer noopener affiliate nofollow\" data-gtm=\"{&quot;event&quot;:&quot;afficlic&quot;,&quot;nom_marchand&quot;:&quot;amazon_fr&quot;,&quot;nom_produit&quot;:&quot;inconnu&quot;,&quot;categorie_produit&quot;:&quot;inconnu&quot;,&quot;module_produit&quot;:&quot;editolink&quot;,&quot;position_marchand&quot;:0,&quot;texte&quot;:&quot;a-199-euros-pendant-le-prime-day&quot;,&quot;offer_url&quot;:&quot;https:\/\/shop.frandroid.com\/yyepqeuo&quot;,&quot;zone&quot;:&quot;contenu-page&quot;}\">\u00e0 199 euros pendant le Prime Day<\/a>, ils deviennent incontournables.<\/p>\n<p>Apple iPad 11 <\/p>\n<p>Apple renouvelle sa <a href=\"https:\/\/www.frandroid.com\/guide-dachat\/guide-tablettes\/320702_guide-dachat-tablette-choisir-noel\" rel=\"nofollow noopener\" target=\"_blank\">tablette<\/a> tactile classique avec <a href=\"https:\/\/www.frandroid.com\/produits\/tablettes-tactiles\/apple\/2536697-apple-ipad-11-2025\" rel=\"nofollow noopener\" target=\"_blank\">une 11e g\u00e9n\u00e9ration<\/a> s\u2019\u00e9quipant d\u2019une puce A16\u00a0plus v\u00e9loce. Et cette r\u00e9cente ardoise profite du Prime Day d\u2019Amazon pour s\u2019afficher avec 50 euros de moins. <\/p>\n<p><a href=\"https:\/\/images.frandroid.com\/wp-content\/uploads\/2025\/07\/apple-ipad-11-prime-days-soldes-2025-bons-plans-frandroid.jpg\" target=\"_blank\" class=\"article-content__figure\" rel=\"nofollow noopener\"><img loading=\"lazy\" decoding=\"async\" width=\"1200\" height=\"675\" src=\"https:\/\/www.europesays.com\/fr\/wp-content\/uploads\/2025\/07\/1752079718_308_apple-ipad-11-prime-days-soldes-2025-bons-plans-frandroid-1200x675.jpg\" alt=\"\" class=\"wp-image-2723667 wp-image\"  \/><\/a><\/p>\n<p>L\u2019Apple iPad 11 en quelques mots<\/p>\n<ul class=\"wp-block-list\">\n<li>Une puce A16 Bionic : ultra rapide pour les apps cr\u00e9atives et le multit\u00e2che<\/li>\n<li>Un \u00e9cran Liquid Retina 11 pouces : net, lumineux, r\u00e9actif<\/li>\n<li>iPadOS, toujours aussi ergonomique et fluide<\/li>\n<\/ul>\n<p>Au lieu de 409,99 euros, l\u2019Apple iPad 11  est <a href=\"https:\/\/shop.frandroid.com\/2ey0tn37\" data-type=\"link\" data-id=\"https:\/\/shop.frandroid.com\/2ey0tn37\" target=\"_blank\" rel=\"noreferrer noopener affiliate nofollow\">aujourd\u2019hui disponible en promotion \u00e0 359,99 euros sur Amazon<\/a>.<\/p>\n<p>On trouve aussi l\u2019iPad 10e g\u00e9n\u00e9ration<a href=\"https:\/\/shop.frandroid.com\/mqfsquwi\" target=\"_blank\" rel=\"noreferrer noopener affiliate nofollow\" data-gtm=\"{&quot;event&quot;:&quot;afficlic&quot;,&quot;nom_marchand&quot;:&quot;amazon_fr&quot;,&quot;nom_produit&quot;:&quot;inconnu&quot;,&quot;categorie_produit&quot;:&quot;inconnu&quot;,&quot;module_produit&quot;:&quot;editolink&quot;,&quot;position_marchand&quot;:0,&quot;texte&quot;:&quot;en-promotion-a-284-euros-sur-amazon&quot;,&quot;offer_url&quot;:&quot;https:\/\/shop.frandroid.com\/mqfsquwi&quot;,&quot;zone&quot;:&quot;contenu-page&quot;}\"> en promotion \u00e0 284 euros sur Amazon. <\/a><\/p>\n<p>iPhone 16e <\/p>\n<p>L\u2019<a href=\"https:\/\/www.frandroid.com\/produits\/smartphones\/apple\/2478366-apple-iphone-16e-se-4\" rel=\"nofollow noopener\" target=\"_blank\">iPhone 16e<\/a> est un smartphone \u00e9quivalent de la gamme SE d\u2019Apple qui est l\u00e0 pour proposer un produit plus accessible financi\u00e8rement que <a href=\"https:\/\/www.frandroid.com\/produits\/smartphones\/apple\/2271712-apple-iphone-16\" target=\"_blank\" rel=\"noreferrer noopener nofollow\">le flagship de la marque<\/a>. Et gr\u00e2ce au Prime Day, il profite de pr\u00e8s de 20 % de remise. <\/p>\n<p><a href=\"https:\/\/images.frandroid.com\/wp-content\/uploads\/2025\/07\/apple-iphone-16e-prime-day-2025.jpg\" target=\"_blank\" class=\"article-content__figure\" rel=\"nofollow noopener\"><img loading=\"lazy\" decoding=\"async\" width=\"1200\" height=\"675\" src=\"https:\/\/www.europesays.com\/fr\/wp-content\/uploads\/2025\/07\/1752164547_474_apple-iphone-16e-prime-day-2025-1200x675.jpg\" alt=\"\" class=\"wp-image-2723471 wp-image\"  \/><\/a><\/p>\n<p>Pourquoi choisir l\u2019iPhone 16e ?<\/p>\n<ul class=\"wp-block-list\">\n<li>Pour son \u00e9cran OLED HDR Dolby Vision de qualit\u00e9<\/li>\n<li>Parce qu\u2019il a une autonomie au-dessus de la moyenne<\/li>\n<li>Sa puce Apple A18 joue tr\u00e8s bien son r\u00f4le<\/li>\n<\/ul>\n<p>L\u2019iPhone 16e est sur le march\u00e9 depuis peu, mais pendant le Prime Day Amazon, <a href=\"https:\/\/shop.frandroid.com\/iwthf8yl\" target=\"_blank\" rel=\"noreferrer noopener affiliate nofollow\" data-gtm=\"{&quot;event&quot;:&quot;afficlic&quot;,&quot;nom_marchand&quot;:&quot;amazon_fr&quot;,&quot;nom_produit&quot;:&quot;inconnu&quot;,&quot;categorie_produit&quot;:&quot;inconnu&quot;,&quot;module_produit&quot;:&quot;editolink&quot;,&quot;position_marchand&quot;:0,&quot;texte&quot;:&quot;il-est-disponible-pour-592-euros&quot;,&quot;offer_url&quot;:&quot;https:\/\/shop.frandroid.com\/iwthf8yl&quot;,&quot;zone&quot;:&quot;contenu-page&quot;}\">il est disponible en promotion pour 592 euros<\/a>.<\/p>\n<p>AirPods 4 avec ANC<\/p>\n<p>Les <a href=\"https:\/\/www.frandroid.com\/produits\/audio-casques-ecouteurs\/apple\/2331458-apple-airpods-4\" rel=\"nofollow noopener\" target=\"_blank\">AirPods 4<\/a> signent le retour des fameux <a href=\"https:\/\/www.frandroid.com\/guide-dachat\/guide-audio\/482350_quels-sont-les-meilleurs-ecouteurs-true-wireless-a-moins-de-200-euros-en-2018\" rel=\"nofollow noopener\" target=\"_blank\">\u00e9couteurs<\/a> ouverts\u00a0d\u2019Apple. Ils sont dot\u00e9s d\u2019une fonction de r\u00e9duction de bruit active efficace et offrent une exp\u00e9rience d\u2019\u00e9coute remarquablement immersive. Pour le Prime Day, on les trouve \u00e0 leur prix le plus bas.<\/p>\n<p><a href=\"https:\/\/images.frandroid.com\/wp-content\/uploads\/2025\/07\/airpods-4-avec-anc-prime-day-2025.jpg\" target=\"_blank\" class=\"article-content__figure\" rel=\"nofollow noopener\"><img loading=\"lazy\" decoding=\"async\" width=\"1200\" height=\"675\" src=\"https:\/\/www.europesays.com\/fr\/wp-content\/uploads\/2025\/07\/airpods-4-avec-anc-prime-day-2025-1200x675.jpg\" alt=\"\" class=\"wp-image-2724505 wp-image\"  \/><\/a><\/p>\n<p>Les 3 bonnes raisons de craquer pour les AirPods 4 d\u2019Apple<\/p>\n<ul class=\"wp-block-list\">\n<li>Un bon confort de port <\/li>\n<li>De bonnes performances acoustiques<\/li>\n<li>L\u2019ANC est efficace pour des \u00e9couteurs ouverts<\/li>\n<\/ul>\n<p>Les Apple AirPods 4 avec ANC sont disponibles \u00e0 199 euros, mais \u00e0 l\u2019occasion du Prime Day, les \u00e9couteurs <a href=\"https:\/\/shop.frandroid.com\/1lkddlkn\" target=\"_blank\" rel=\"noreferrer noopener affiliate nofollow\" data-gtm=\"{&quot;event&quot;:&quot;afficlic&quot;,&quot;nom_marchand&quot;:&quot;amazon_fr&quot;,&quot;nom_produit&quot;:&quot;inconnu&quot;,&quot;categorie_produit&quot;:&quot;inconnu&quot;,&quot;module_produit&quot;:&quot;editolink&quot;,&quot;position_marchand&quot;:0,&quot;texte&quot;:&quot;s-affichent-a-169-euros-sur-amazon&quot;,&quot;offer_url&quot;:&quot;https:\/\/shop.frandroid.com\/1lkddlkn&quot;,&quot;zone&quot;:&quot;contenu-page&quot;}\">s\u2019affichent \u00e0 165,30 euros sur Amazon.<\/a><\/p>\n<p>Apple Watch SE (2\u1d49 g\u00e9n\u00e9ration)<\/p>\n<p>L\u2019<a href=\"https:\/\/www.frandroid.com\/produits\/montres-bracelet-connectes\/apple\/1460844-apple-watch-se-2022\" rel=\"nofollow noopener\" target=\"_blank\">Apple Watch SE<\/a> est, chez Apple, une <a href=\"https:\/\/www.frandroid.com\/guide-dachat\/guides-dachat-wearables\/321259_7-suggestions-de-montres-connectees-en-2018\" rel=\"nofollow noopener\" target=\"_blank\">montre<\/a> consid\u00e9r\u00e9e comme une entr\u00e9e de gamme. Soit un choix judicieux pour d\u00e9couvrir l\u2019univers des smartwatch si vous poss\u00e9dez un iPhone, d\u2019autant plus maintenant qu\u2019elle co\u00fbte 40 euros de moins. <\/p>\n<p><a href=\"https:\/\/images.frandroid.com\/wp-content\/uploads\/2025\/07\/apple-watch-se-2e-gen-prime-day-2025.jpg\" target=\"_blank\" class=\"article-content__figure\" rel=\"nofollow noopener\"><img loading=\"lazy\" decoding=\"async\" width=\"1200\" height=\"675\" src=\"https:\/\/www.europesays.com\/fr\/wp-content\/uploads\/2025\/07\/apple-watch-se-2e-gen-prime-day-2025-1200x675.jpg\" alt=\"\" class=\"wp-image-2724569 wp-image\"  \/><\/a><\/p>\n<p>L\u2019Apple Watch SE (2022) en r\u00e9sum\u00e9<\/p>\n<ul class=\"wp-block-list\">\n<li>Le suivi GPS est largement au-dessus de la moyenne<\/li>\n<li>Une autonomie de deux jours<\/li>\n<li>La petite couronne lat\u00e9rale qui facilite la navigation<\/li>\n<\/ul>\n<p>Commercialis\u00e9e \u00e0 249 euros, l\u2019Apple Watch SE (2022) est <a href=\"https:\/\/shop.frandroid.com\/0edcg2dm\" target=\"_blank\" rel=\"noreferrer noopener affiliate nofollow\" data-gtm=\"{&quot;event&quot;:&quot;afficlic&quot;,&quot;nom_marchand&quot;:&quot;amazon_fr&quot;,&quot;nom_produit&quot;:&quot;inconnu&quot;,&quot;categorie_produit&quot;:&quot;inconnu&quot;,&quot;module_produit&quot;:&quot;editolink&quot;,&quot;position_marchand&quot;:0,&quot;texte&quot;:&quot;affichee-a-193-80-euros-chez-amazon&quot;,&quot;offer_url&quot;:&quot;https:\/\/shop.frandroid.com\/0edcg2dm&quot;,&quot;zone&quot;:&quot;contenu-page&quot;}\">affich\u00e9e \u00e0 193,80 euros chez Amazon.<\/a><\/p>\n<p>Apple Lot de 4 AirTags<\/p>\n<p>Les <a href=\"https:\/\/www.frandroid.com\/marques\/926345_test-apple-airtags-balise-geolocalisation-ultra-wideband-uwb\" rel=\"nofollow noopener\" target=\"_blank\">AirTags d\u2019Apple<\/a> sont des <a href=\"https:\/\/www.frandroid.com\/guide-dachat\/guide-objets-connectes\/931077_airtag-galaxy-smarttag-tile-quel-porte-cles-connecte-choisir\" rel=\"nofollow noopener\" target=\"_blank\">trackers<\/a> Bluetooth qui servent tout simplement \u00e0 retrouver facilement n\u2019importe quel objet auquel ils sont fix\u00e9s. Et aujourd\u2019hui, il est possible d\u2019en avoir 4 pour moins de 90 euros pendant le Prime Day.<\/p>\n<p><a href=\"https:\/\/images.frandroid.com\/wp-content\/uploads\/2025\/07\/apple-lot-de-4-airtags-prime-day-2025.jpg\" target=\"_blank\" class=\"article-content__figure\" rel=\"nofollow noopener\"><img loading=\"lazy\" decoding=\"async\" width=\"1200\" height=\"675\" src=\"https:\/\/www.europesays.com\/fr\/wp-content\/uploads\/2025\/07\/apple-lot-de-4-airtags-prime-day-2025-1200x675.jpg\" alt=\"\" class=\"wp-image-2724589 wp-image\"  \/><\/a><\/p>\n<p>Qu\u2019est-ce qu\u2019un AirTag ?<\/p>\n<ul class=\"wp-block-list\">\n<li>C\u2019est un tracker de suivi Bluetooth avec un petit format<\/li>\n<li>Qui fonctionne avec l\u2019application <a href=\"https:\/\/www.frandroid.com\/marques\/apple\/725038_lapplication-localiser-find-my-souvre-aux-appareils-non-apple\" rel=\"nofollow noopener\" target=\"_blank\">Find My<\/a>\n<\/li>\n<li>Pour aider \u00e0 retrouver ses objets perdus bien au-del\u00e0 des 100 m<\/li>\n<\/ul>\n<p>Habituellement au prix de 129 euros, le lot de 4 Apple AirTags est actuellement <a href=\"https:\/\/shop.frandroid.com\/whgrn3ze\" target=\"_blank\" rel=\"noreferrer noopener affiliate nofollow\" data-gtm=\"{&quot;event&quot;:&quot;afficlic&quot;,&quot;nom_marchand&quot;:&quot;amazon_fr&quot;,&quot;nom_produit&quot;:&quot;inconnu&quot;,&quot;categorie_produit&quot;:&quot;inconnu&quot;,&quot;module_produit&quot;:&quot;editolink&quot;,&quot;position_marchand&quot;:0,&quot;texte&quot;:&quot;en-promotion-a-89-euros-sur-le-site-amazon&quot;,&quot;offer_url&quot;:&quot;https:\/\/shop.frandroid.com\/whgrn3ze&quot;,&quot;zone&quot;:&quot;contenu-page&quot;}\">en promotion \u00e0 89 euros sur le site Amazon.<\/a><\/p>\n<p>Apple Watch Ultra 2<\/p>\n<p>Les montres connect\u00e9es Apple ont de nombreux atouts, mais pour les plus sportifs,\u00a0il vaut mieux se tourner vers <a href=\"https:\/\/www.frandroid.com\/produits\/montres-bracelet-connectes\/apple\/1786655-apple-watch-ultra-2\" rel=\"nofollow noopener\" target=\"_blank\">l\u2019Apple Watch Ultra 2.<\/a> Elle est dot\u00e9e de fonctionnalit\u00e9s avanc\u00e9es et a fait des progr\u00e8s par rapport \u00e0 la premi\u00e8re version, notamment au niveau de la luminosit\u00e9.  \u00c0 l\u2019occasion du Prime Day, la montre haut de gamme d\u2019Apple co\u00fbte 160 euros de moins. <\/p>\n<p><a href=\"https:\/\/images.frandroid.com\/wp-content\/uploads\/2025\/07\/apple-watch-ultra-2-prime-day-2025.jpg\" target=\"_blank\" class=\"article-content__figure\" rel=\"nofollow noopener\"><img loading=\"lazy\" decoding=\"async\" width=\"1200\" height=\"675\" src=\"https:\/\/www.europesays.com\/fr\/wp-content\/uploads\/2025\/07\/apple-watch-ultra-2-prime-day-2025-1200x675.jpg\" alt=\"\" class=\"wp-image-2724609 wp-image\"  \/><\/a><\/p>\n<p>Ce qu\u2019on appr\u00e9cie de l\u2019Apple Watch Ultra 2<\/p>\n<ul class=\"wp-block-list\">\n<li>La luminosit\u00e9 peut atteindre 3 000 cd\/m\u00b2, soit 1000 de plus que l\u2019Ultra 1<\/li>\n<li>64 Go de m\u00e9moire interne pour vos apps et vos cadrans<\/li>\n<li>Utilisant d\u2019un GPS double fr\u00e9quence ultra pr\u00e9cis<\/li>\n<\/ul>\n<p>De base \u00e0 899 euros, l\u2019Apple Watch Ultra 2 est aujourd\u2019hui <a href=\"https:\/\/shop.frandroid.com\/5w43c0i6\" target=\"_blank\" rel=\"noreferrer noopener affiliate nofollow\" data-gtm=\"{&quot;event&quot;:&quot;afficlic&quot;,&quot;nom_marchand&quot;:&quot;amazon_fr&quot;,&quot;nom_produit&quot;:&quot;inconnu&quot;,&quot;categorie_produit&quot;:&quot;inconnu&quot;,&quot;module_produit&quot;:&quot;editolink&quot;,&quot;position_marchand&quot;:0,&quot;texte&quot;:&quot;emise-a-739-euros-chez-amazon&quot;,&quot;offer_url&quot;:&quot;https:\/\/shop.frandroid.com\/5w43c0i6&quot;,&quot;zone&quot;:&quot;contenu-page&quot;}\">remis\u00e9 \u00e0 739 euros chez Amazon.<\/a><\/p>\n<p>Apple MacBook Air 15\u2033 M4<\/p>\n<p>Le <a href=\"https:\/\/www.frandroid.com\/produits\/pc-portables\/apple\/2536885-apple-macbook-air-15-m4-2025\" rel=\"nofollow noopener\" target=\"_blank\">MacBook Air M4 <\/a>existe en deux versions avec un \u00e9cran de 13,6 pouces ou 15,3 pouces. C\u2019est cette derni\u00e8re qui est concern\u00e9e ici,\u00a0avec 256 Go de stockage et 16 Go de m\u00e9moire vive,\u00a0qui s\u2019affiche \u00e0 prix r\u00e9duit pendant le Prime Day. <\/p>\n<p><a href=\"https:\/\/images.frandroid.com\/wp-content\/uploads\/2025\/07\/apple-macbook-air-15-m4-prime-day-2025.jpg\" target=\"_blank\" class=\"article-content__figure\" rel=\"nofollow noopener\"><img loading=\"lazy\" decoding=\"async\" width=\"1200\" height=\"675\" src=\"https:\/\/www.europesays.com\/fr\/wp-content\/uploads\/2025\/07\/apple-macbook-air-15-m4-prime-day-2025-1200x675.jpg\" alt=\"\" class=\"wp-image-2724653 wp-image\"  \/><\/a><\/p>\n<p>L\u2019Apple MacBook Air 15\u2033 M4 2025 en r\u00e9sum\u00e9<\/p>\n<ul class=\"wp-block-list\">\n<li>La puissance de la puce Apple M4 grav\u00e9e en 3 nm<\/li>\n<li>Une autonomie qui peut aller jusqu\u2019\u00e0 deux jours<\/li>\n<li>Son design fin et l\u00e9ger<\/li>\n<\/ul>\n<p>Au lieu de 1 499 euros, l\u2019Apple MacBook Air M4 en 15 pouces est aujourd\u2019hui <a href=\"https:\/\/shop.frandroid.com\/fft0xavx\" target=\"_blank\" rel=\"noreferrer noopener affiliate nofollow\" data-gtm=\"{&quot;event&quot;:&quot;afficlic&quot;,&quot;nom_marchand&quot;:&quot;amazon_fr&quot;,&quot;nom_produit&quot;:&quot;inconnu&quot;,&quot;categorie_produit&quot;:&quot;inconnu&quot;,&quot;module_produit&quot;:&quot;editolink&quot;,&quot;position_marchand&quot;:0,&quot;texte&quot;:&quot;a-prix-reduit-sur-amazon-1-299-euros&quot;,&quot;offer_url&quot;:&quot;https:\/\/shop.frandroid.com\/fft0xavx&quot;,&quot;zone&quot;:&quot;contenu-page&quot;}\">\u00e0 prix r\u00e9duit sur Amazon : 1 299 euros<\/a>. On trouve aussi <a href=\"https:\/\/shop.frandroid.com\/j9fjki6o\" target=\"_blank\" rel=\"noreferrer noopener affiliate nofollow\">la version 13 pouces \u00e0 976 euros au lieu de 1 199 euros<\/a>. <\/p>\n<p>Les Soldes d\u2019\u00e9t\u00e9 2025 x Prime Day avec Frandroid<\/p>\n<p>Jusqu\u2019au 22 juillet prochain, ce sont <a href=\"https:\/\/www.frandroid.com\/bons-plans\/2717571_soldes-dete-amazon-et-dautres-cassent-les-prix-pour-la-2e-demarque-voici-les-meilleures-offres-en-direct\" data-type=\"link\" data-id=\"https:\/\/www.frandroid.com\/bons-plans\/2717571_soldes-dete-amazon-et-dautres-cassent-les-prix-pour-la-2e-demarque-voici-les-meilleures-offres-en-direct\" target=\"_blank\" rel=\"noreferrer noopener nofollow\">les soldes d\u2019\u00e9t\u00e9 en France<\/a>. Mais, entre deux, le <a href=\"https:\/\/www.frandroid.com\/bons-plans\/2724701_amazon-lance-son-prime-day-2025-voici-les-meilleures-offres-en-direct-pour-ce-premier-jour-de-promotions\" target=\"_blank\" rel=\"noreferrer noopener nofollow\">Prime Day d\u2019Amazon<\/a> a fait son apparition, jusqu\u2019au 11 juillet. En cette occasion, la r\u00e9daction de Frandroid met \u00e0 votre service son expertise en mati\u00e8re de nouvelles technologies pour vous aider \u00e0 faire votre choix dans votre prochain achat Tech \u00e0 prix r\u00e9duit. Il y a plusieurs articles avec diff\u00e9rentes th\u00e9matiques, \u00e0 vous de choisir :<\/p>\n<p>Amazon Prime Day 2025<\/p>\n<p>Soldes d\u2019\u00e9t\u00e9 2025 <\/p>\n<p>Et pour \u00eatre s\u00fbr de ne manquer aucun bon plan de l\u2019\u00e9dition 2025 des soldes d\u2019\u00e9t\u00e9 et du Prime Day, vous pouvez aussi :<\/p>\n<ul class=\"wp-block-list\">\n<li>Nous suivre sur notre compte X\u00a0<a href=\"https:\/\/twitter.com\/FrandroidPromos\" target=\"_blank\" rel=\"noopener noreferrer nofollow\">@FrandroidPromos<\/a> uniquement d\u00e9di\u00e9 aux bons plans (pensez \u00e0 activer la cloche pour recevoir les notifications en temps r\u00e9el)<\/li>\n<li>\n<a href=\"https:\/\/whatsapp.com\/channel\/0029VabYxm5LI8YhSlD8xc05\" target=\"_blank\" rel=\"noopener nofollow\">Rejoindre notre canal WhatsApp<\/a> pour recevoir une fois par jour un condens\u00e9 des meilleures offres<\/li>\n<li>T\u00e9l\u00e9charger notre <a href=\"https:\/\/www.frandroid.com\/telecharger\/apps\/frandroid\" target=\"_blank\" rel=\"noopener nofollow\">application Frandroid<\/a> (disponible sur iOS et Android) pour activer les notifications de la cat\u00e9gorie \u00ab Bons Plans \u00bb et ainsi recevoir en temps r\u00e9el les nouveaux articles publi\u00e9s<\/li>\n<li>S\u2019abonner \u00e0 notre newsletter pour \u00eatre s\u00fbr de recevoir les offres en avant-premi\u00e8re (pas plus d\u2019un mail par jour, d\u00e9sinscription en 1 clic, aucune diffusion \u00e0 des tiers) :<\/li>\n<\/ul>\n<p class=\"newsletter-form__title is-size-6 is-size-7-mobile is-uppercase has-text-good-deals has-text-weight-semibold mb-4 px-5\">Frandroid Bons plans<\/p>\n<p class=\"has-text-centered-tablet newsletter-form__subtitle is-size-4 has-text-weight-bold has-text-primary column is-9-tablet is-10-mobile\">\n                C\u2019est enregistr\u00e9 ! Surveillez votre bo\u00eete aux lettres, vous allez entendre parler de nous\u00a0!\n            <\/p>\n<p class=\"newsletter-form__subtitle is-size-4 has-text-weight-bold has-text-gradient-pink\">Ne manquez aucun bon plan avec notre newsletter<\/p>\n<p class=\"is-size-7\">\n                Les donn\u00e9es transmises par le biais de ce formulaire sont destin\u00e9es \u00e0 Humanoid,<br \/>\n                soci\u00e9t\u00e9 \u00e9ditrice du site Frandroid en sa qualit\u00e9 de responsable de traitement.<br \/>\n                Elles ne seront en aucun cas c\u00e9d\u00e9es \u00e0 des tiers. Ces donn\u00e9es sont trait\u00e9es sous r\u00e9serve d\u2019obtention de<br \/>\n                votre consentement pour vous envoyer par e-mail des actualit\u00e9s et informations relatives aux contenus<br \/>\n                \u00e9ditoriaux publi\u00e9s sur Frandroid. Vous pouvez vous opposer \u00e0 tout moment \u00e0 ces e-mails<br \/>\n                en cliquant sur les liens de d\u00e9sinscriptions pr\u00e9sents dans chacun d\u2019eux. Pour plus d\u2019informations, vous<br \/>\n                pouvez consulter l\u2019int\u00e9gralit\u00e9 de notre <a href=\"https:\/\/www.frandroid.com\/politique-donnees-personnelles\" rel=\"nofollow noopener\" target=\"_blank\"><br \/>\n                politique de traitement de vos donn\u00e9es personnelles<\/a>.<br \/>\n                Vous disposez d\u2019un droit d\u2019acc\u00e8s, de rectification, d\u2019effacement, de limitation, de portabilit\u00e9 et<br \/>\n                d\u2019opposition pour motif l\u00e9gitime aux donn\u00e9es personnelles vous concernant. Pour exercer l\u2019un de ces droits,<br \/>\n                merci d\u2019effectuer votre demande via notre <a href=\"https:\/\/www.frandroid.com\/contact\/#RGPD\" rel=\"nofollow noopener\" target=\"_blank\">formulaire<br \/>\n                de demandes d\u2019exercices de droits d\u00e9di\u00e9<\/a>.\n            <\/p>\n<p>            <script async src=\"https:\/\/platform.twitter.com\/widgets.js\" charset=\"utf-8\"><\/script><\/p>\n","protected":false},"excerpt":{"rendered":"Pour son Prime Day 2025, Amazon d\u00e9cide de vous faire de belles \u00e9conomies sur des produits Tech, et&hellip;\n","protected":false},"author":2,"featured_media":241158,"comment_status":"","ping_status":"","sticky":false,"template":"","format":"standard","meta":{"footnotes":""},"categories":[7],"tags":[37268,201,1011,27,43,40,41,39,42,44],"class_list":{"0":"post-241157","1":"post","2":"type-post","3":"status-publish","4":"format-standard","5":"has-post-thumbnail","7":"category-sciences-et-technologies","8":"tag-amazon-prime-day-2025","9":"tag-bons-plans-amazon","10":"tag-fr","11":"tag-france","12":"tag-science","13":"tag-science-and-technology","14":"tag-sciences","15":"tag-sciences-et-technologies","16":"tag-technologies","17":"tag-technology"},"share_on_mastodon":{"url":"https:\/\/pubeurope.com\/@fr\/114831521780898339","error":""},"_links":{"self":[{"href":"https:\/\/www.europesays.com\/fr\/wp-json\/wp\/v2\/posts\/241157","targetHints":{"allow":["GET"]}}],"collection":[{"href":"https:\/\/www.europesays.com\/fr\/wp-json\/wp\/v2\/posts"}],"about":[{"href":"https:\/\/www.europesays.com\/fr\/wp-json\/wp\/v2\/types\/post"}],"author":[{"embeddable":true,"href":"https:\/\/www.europesays.com\/fr\/wp-json\/wp\/v2\/users\/2"}],"replies":[{"embeddable":true,"href":"https:\/\/www.europesays.com\/fr\/wp-json\/wp\/v2\/comments?post=241157"}],"version-history":[{"count":0,"href":"https:\/\/www.europesays.com\/fr\/wp-json\/wp\/v2\/posts\/241157\/revisions"}],"wp:featuredmedia":[{"embeddable":true,"href":"https:\/\/www.europesays.com\/fr\/wp-json\/wp\/v2\/media\/241158"}],"wp:attachment":[{"href":"https:\/\/www.europesays.com\/fr\/wp-json\/wp\/v2\/media?parent=241157"}],"wp:term":[{"taxonomy":"category","embeddable":true,"href":"https:\/\/www.europesays.com\/fr\/wp-json\/wp\/v2\/categories?post=241157"},{"taxonomy":"post_tag","embeddable":true,"href":"https:\/\/www.europesays.com\/fr\/wp-json\/wp\/v2\/tags?post=241157"}],"curies":[{"name":"wp","href":"https:\/\/api.w.org\/{rel}","templated":true}]}}