{"id":241175,"date":"2025-07-10T23:33:12","date_gmt":"2025-07-10T23:33:12","guid":{"rendered":"https:\/\/www.europesays.com\/fr\/241175\/"},"modified":"2025-07-10T23:33:12","modified_gmt":"2025-07-10T23:33:12","slug":"a-toulon-il-vous-est-desormais-possible-de-fleurir-et-embellir-vos-rues-apres-lobtention-dun-permis-de-vegetaliser-delivre-par-la-ville","status":"publish","type":"post","link":"https:\/\/www.europesays.com\/fr\/241175\/","title":{"rendered":"A Toulon, il vous est d\u00e9sormais possible de fleurir et embellir vos rues apr\u00e8s l\u2019obtention d\u2019un permis de v\u00e9g\u00e9taliser d\u00e9livr\u00e9 par la Ville"},"content":{"rendered":"<p>Et si vous participiez \u00e0 rendre votre quartier plus vert et agr\u00e9able? C\u2019est d\u00e9sormais possible gr\u00e2ce au permis de v\u00e9g\u00e9taliser, adopt\u00e9 par la Ville. Apr\u00e8s des dizaines de demandes de Toulonnais, la commune apporte une r\u00e9ponse favorable \u00e0 ces requ\u00eates. L\u2019id\u00e9e: permettre les initiatives citoyennes en autorisant la v\u00e9g\u00e9talisation de l\u2019espace public.<\/p>\n<p>Dans la pratique, ce permis offre aux habitants la possibilit\u00e9 d\u2019\u00eatre les jardiniers de leur propre rue ou quartier, sur de petites parcelles. Il sera possible de participer \u00e0 embellir leur cadre de vie en travaillant la verdure au pied des arbres, en bordure de trottoirs ou encore au pied d\u2019un immeuble.<\/p>\n<p>Objectif du dispositif: \u00ab\u00a0Renforcer les trames vertes en milieu urbain, cr\u00e9er des \u00eelots de fra\u00eecheur, favoriser la biodiversit\u00e9 en offrant des refuges pour la faune, mais aussi cr\u00e9er du lien social gr\u00e2ce au partage d\u2019exp\u00e9riences autour du jardinage\u00a0\u00bb, explique Mohamed Mahali, adjoint au maire en charge de l\u2019urbanisme, de l\u2019am\u00e9nagement durable et de l\u2019\u00e9cologie urbaine. \u00ab\u00a0Ce permis est aussi un excellent moyen de sensibiliser la population aux enjeux environnementaux et rappelle notre engagement en faveur de la transition \u00e9cologique.\u00a0\u00bb<\/p>\n<p>Simple, encadr\u00e9 et gratuit<\/p>\n<p>Pour en b\u00e9n\u00e9ficier, chaque habitant ou groupe de riverains peut faire une demande de permis de v\u00e9g\u00e9taliser aupr\u00e8s de la Ville. \u00a0\u00bb Une autorisation d\u2019occupation temporaire du domaine public est alors accord\u00e9e apr\u00e8s analyse du dossier, pour trois ans, renouvelables une fois\u00a0\u00bb, indique l\u2019\u00e9lu. Il s\u2019agit d\u2019un permis gratuit et attribu\u00e9 \u00e0 des fins non lucratives. En revanche, quelques conditions doivent \u00eatre respect\u00e9es: le projet doit \u00eatre \u00ab\u00a0compatible avec l\u2019usage du domaine public (ne pas g\u00eaner la circulation pi\u00e9tonne ou nuire \u00e0 la s\u00e9curit\u00e9), respecter la r\u00e9glementation en vigueur et concerner des am\u00e9nagements l\u00e9gers et adapt\u00e9s au lieu (fleurs, plantes grimpantes, petits arbustes\u2026) \u00ab\u00a0.<\/p>\n<p>Un accompagnement technique et administratif<\/p>\n<p>La Ville ne se contente pas d\u2019autoriser ces projets: elle accompagne aussi les citoyens dans leur mise en \u0153uvre. \u00ab\u00a0Les porteurs de projet b\u00e9n\u00e9ficient du soutien technique, administratif et logistique des services municipaux. Ils assurent \u00e9galement un suivi r\u00e9gulier et interviennent en cas de probl\u00e8me ou de danger \u00ab\u00a0, pr\u00e9cise la mairie.<\/p>\n<p>Pour cette premi\u00e8re ann\u00e9e de lancement, la municipalit\u00e9 a choisi de limiter \u00e0 trente le nombre de permis d\u00e9livr\u00e9s, afin de \u00ab\u00a0tester et ajuster le dispositif si besoin\u00a0\u00bb. En somme, cette phase pilote permettra de mieux encadrer les projets et d\u2019\u00e9valuer leur impact.<\/p>\n<p>Les avis d\u2019habitants<\/p>\n<p>Ce permis est n\u00e9 d\u2019une demande citoyenne forte, souvent exprim\u00e9e lors des rencontres de quartier ou dans les Comit\u00e9s d\u2019int\u00e9r\u00eat local (CIL). \u00ab\u00a0Avec ce permis, chacun peut contribuer \u00e0 enjoliver son environnement, renforcer le lien social et participer activement \u00e0 la transition \u00e9cologique locale\u00a0\u00bb, conclut Mohamed Mahali.<\/p>\n","protected":false},"excerpt":{"rendered":"Et si vous participiez \u00e0 rendre votre quartier plus vert et agr\u00e9able? C\u2019est d\u00e9sormais possible gr\u00e2ce au permis&hellip;\n","protected":false},"author":2,"featured_media":241176,"comment_status":"","ping_status":"","sticky":false,"template":"","format":"standard","meta":{"footnotes":""},"categories":[9619],"tags":[1111,11,436,1777,674,1011,27,12,882,25,2310,3366],"class_list":{"0":"post-241175","1":"post","2":"type-post","3":"status-publish","4":"format-standard","5":"has-post-thumbnail","7":"category-toulon","8":"tag-actu","9":"tag-actualites","10":"tag-environnement","11":"tag-eu","12":"tag-europe","13":"tag-fr","14":"tag-france","15":"tag-news","16":"tag-provence-alpes-cote-dazur","17":"tag-republique-francaise","18":"tag-toulon","19":"tag-vie-locale"},"share_on_mastodon":{"url":"https:\/\/pubeurope.com\/@fr\/114831556864785796","error":""},"_links":{"self":[{"href":"https:\/\/www.europesays.com\/fr\/wp-json\/wp\/v2\/posts\/241175","targetHints":{"allow":["GET"]}}],"collection":[{"href":"https:\/\/www.europesays.com\/fr\/wp-json\/wp\/v2\/posts"}],"about":[{"href":"https:\/\/www.europesays.com\/fr\/wp-json\/wp\/v2\/types\/post"}],"author":[{"embeddable":true,"href":"https:\/\/www.europesays.com\/fr\/wp-json\/wp\/v2\/users\/2"}],"replies":[{"embeddable":true,"href":"https:\/\/www.europesays.com\/fr\/wp-json\/wp\/v2\/comments?post=241175"}],"version-history":[{"count":0,"href":"https:\/\/www.europesays.com\/fr\/wp-json\/wp\/v2\/posts\/241175\/revisions"}],"wp:featuredmedia":[{"embeddable":true,"href":"https:\/\/www.europesays.com\/fr\/wp-json\/wp\/v2\/media\/241176"}],"wp:attachment":[{"href":"https:\/\/www.europesays.com\/fr\/wp-json\/wp\/v2\/media?parent=241175"}],"wp:term":[{"taxonomy":"category","embeddable":true,"href":"https:\/\/www.europesays.com\/fr\/wp-json\/wp\/v2\/categories?post=241175"},{"taxonomy":"post_tag","embeddable":true,"href":"https:\/\/www.europesays.com\/fr\/wp-json\/wp\/v2\/tags?post=241175"}],"curies":[{"name":"wp","href":"https:\/\/api.w.org\/{rel}","templated":true}]}}