{"id":241178,"date":"2025-07-10T23:35:10","date_gmt":"2025-07-10T23:35:10","guid":{"rendered":"https:\/\/www.europesays.com\/fr\/241178\/"},"modified":"2025-07-10T23:35:10","modified_gmt":"2025-07-10T23:35:10","slug":"previsions-du-vendredi-11-juillet-2025","status":"publish","type":"post","link":"https:\/\/www.europesays.com\/fr\/241178\/","title":{"rendered":"pr\u00e9visions du vendredi 11 juillet 2025"},"content":{"rendered":"<p>Le soleil sera dominant, la garantie d&rsquo;une belle journ\u00e9e \u00e0 Montpellier ! Les valeurs s&rsquo;\u00e9chelonneront entre 20 et 29\u00b0C, un temps bel et bien de saison. Un vent de nord-est soufflera un peu, avec 11 km\/h dans la matin\u00e9e. Les temp\u00e9ratures seront comprises entre 27\u00b0C et 29\u00b0C dans l&rsquo;apr\u00e8s-midi, donnant aux habitants l&rsquo;occasion de profiter de la p\u00e9riode estivale. Un vent de sud-ouest est pr\u00e9vu : il soufflera \u00e0 20 km\/h. Le passage de vendredi \u00e0 samedi se fera sous un ciel d\u00e9pourvu de nuages.<\/p>\n<p>Montpellier, o\u00f9 des nuages persisteront demain, continuera de guetter le soleil. Ce sera un bel \u00e9t\u00e9 : les valeurs afficheront entre 22 et 27\u00b0C. Une modeste brise de sud-est sera ressentie par les habitants. La matin\u00e9e aura lieu sous un ciel mitig\u00e9, rythm\u00e9e par de petites averses. On notera la pr\u00e9sence persistante de nuages demain apr\u00e8s-midi. On sera sous un ciel tr\u00e8s perturb\u00e9 avec des orages de faible intensit\u00e9 \u00e0 pr\u00e9voir. L&rsquo;\u00e9t\u00e9 s&rsquo;est d\u00e9finitivement install\u00e9 puisque les temp\u00e9ratures s&rsquo;\u00e9chelonneront de 25 \u00e0 27\u00b0C. Demain soir, le thermom\u00e8tre affichera 23\u00b0C en moyenne.<\/p>\n<p>Une am\u00e9lioration est pr\u00e9vue les prochains jours. Il fera 30\u00b0C en moyenne pour des journ\u00e9es avec un temps ensoleill\u00e9.<\/p>\n<p><\/p>\n","protected":false},"excerpt":{"rendered":"Le soleil sera dominant, la garantie d&rsquo;une belle journ\u00e9e \u00e0 Montpellier ! Les valeurs s&rsquo;\u00e9chelonneront entre 20 et&hellip;\n","protected":false},"author":2,"featured_media":241179,"comment_status":"","ping_status":"","sticky":false,"template":"","format":"standard","meta":{"footnotes":""},"categories":[9599],"tags":[1111,11,1777,674,1011,27,7089,2681,2208,12,2680,2119,25],"class_list":{"0":"post-241178","1":"post","2":"type-post","3":"status-publish","4":"format-standard","5":"has-post-thumbnail","7":"category-montpellier","8":"tag-actu","9":"tag-actualites","10":"tag-eu","11":"tag-europe","12":"tag-fr","13":"tag-france","14":"tag-herault","15":"tag-languedoc-roussillon","16":"tag-montpellier","17":"tag-news","18":"tag-occitanie","19":"tag-previsions-meteo","20":"tag-republique-francaise"},"share_on_mastodon":{"url":"https:\/\/pubeurope.com\/@fr\/114831564669733303","error":""},"_links":{"self":[{"href":"https:\/\/www.europesays.com\/fr\/wp-json\/wp\/v2\/posts\/241178","targetHints":{"allow":["GET"]}}],"collection":[{"href":"https:\/\/www.europesays.com\/fr\/wp-json\/wp\/v2\/posts"}],"about":[{"href":"https:\/\/www.europesays.com\/fr\/wp-json\/wp\/v2\/types\/post"}],"author":[{"embeddable":true,"href":"https:\/\/www.europesays.com\/fr\/wp-json\/wp\/v2\/users\/2"}],"replies":[{"embeddable":true,"href":"https:\/\/www.europesays.com\/fr\/wp-json\/wp\/v2\/comments?post=241178"}],"version-history":[{"count":0,"href":"https:\/\/www.europesays.com\/fr\/wp-json\/wp\/v2\/posts\/241178\/revisions"}],"wp:featuredmedia":[{"embeddable":true,"href":"https:\/\/www.europesays.com\/fr\/wp-json\/wp\/v2\/media\/241179"}],"wp:attachment":[{"href":"https:\/\/www.europesays.com\/fr\/wp-json\/wp\/v2\/media?parent=241178"}],"wp:term":[{"taxonomy":"category","embeddable":true,"href":"https:\/\/www.europesays.com\/fr\/wp-json\/wp\/v2\/categories?post=241178"},{"taxonomy":"post_tag","embeddable":true,"href":"https:\/\/www.europesays.com\/fr\/wp-json\/wp\/v2\/tags?post=241178"}],"curies":[{"name":"wp","href":"https:\/\/api.w.org\/{rel}","templated":true}]}}