{"id":241183,"date":"2025-07-10T23:40:15","date_gmt":"2025-07-10T23:40:15","guid":{"rendered":"https:\/\/www.europesays.com\/fr\/241183\/"},"modified":"2025-07-10T23:40:15","modified_gmt":"2025-07-10T23:40:15","slug":"un-homme-lourdement-condamne-a-grenoble","status":"publish","type":"post","link":"https:\/\/www.europesays.com\/fr\/241183\/","title":{"rendered":"un homme lourdement condamn\u00e9 \u00e0 Grenoble"},"content":{"rendered":"<p itemprop=\"description\"><strong>Un homme de 54 ans condamn\u00e9 \u00e0 quinze mois de prison dont douze assortis d\u2019un sursis probatoire apr\u00e8s avoir port\u00e9 un coup de cutter dans le cou d\u2019un p\u00e8re de famille.<\/strong><\/p>\n<p>Les faits remontent au 30 avril dernier \u00e0 Gi\u00e8res. Alors qu\u2019il faisait du roller avec ses enfants sur la piste cyclable qui longe l\u2019Is\u00e8re, un homme d\u2019une quarantaine d\u2019ann\u00e9es a re\u00e7u un coup de cutter \u00e0 la base du cou. La lame avait laiss\u00e9 une cicatrice d\u2019une dizaine de centim\u00e8tres. Une blessure qui aurait pu \u00eatre dramatique. A quelques centim\u00e8tres pr\u00e8s, la lame touchait la carotide et la veine jugulaire.<\/p>\n<p>Le pr\u00e9venu avait justifi\u00e9 son acte en avouant suspecter le p\u00e8re de famille d\u2019avoir vol\u00e9 des salades dans le champ de son voisin mara\u00eecher. Des accusations qui ont \u00e9t\u00e9 formellement contest\u00e9es par la victime.<\/p>\n<p>L\u2019expertise psychiatrique n\u2019a r\u00e9v\u00e9l\u00e9 aucune pathologie, mais \u00e9voque l\u2019hypoth\u00e8se d\u2019un \u00ab\u00a0l\u00e9ger d\u00e9ficit intellectuel\u00a0\u00bb. L\u2019expert n\u2019a remarqu\u00e9 aucun trait antisocial ou psychotique. De plus, son casier judiciaire ne porte la trace que d\u2019antiques condamnations pour des d\u00e9lits routiers au d\u00e9but des ann\u00e9es 1990.<\/p>\n<p>Reconnu coupable de violences avec arme, le pr\u00e9venu a \u00e9t\u00e9 finalement condamn\u00e9 \u00e0 quinze mois d\u2019emprisonnement, dont douze mois assortis d\u2019un sursis probatoire.<\/p>\n","protected":false},"excerpt":{"rendered":"Un homme de 54 ans condamn\u00e9 \u00e0 quinze mois de prison dont douze assortis d\u2019un sursis probatoire apr\u00e8s&hellip;\n","protected":false},"author":2,"featured_media":241184,"comment_status":"","ping_status":"","sticky":false,"template":"","format":"standard","meta":{"footnotes":""},"categories":[9566],"tags":[1111,11,7733,8279,2430,7736,650,7734,2889,2263,1777,674,1011,27,2731,8280,6417,1114,108,4662,12,3725,1825,25,7737],"class_list":{"0":"post-241183","1":"post","2":"type-post","3":"status-publish","4":"format-standard","5":"has-post-thumbnail","7":"category-grenoble","8":"tag-actu","9":"tag-actualites","10":"tag-alpes","11":"tag-alpes1","12":"tag-auvergne-rhone-alpes","13":"tag-cds","14":"tag-cinema","15":"tag-ecoute","16":"tag-emission","17":"tag-equipe","18":"tag-eu","19":"tag-europe","20":"tag-fr","21":"tag-france","22":"tag-grenoble","23":"tag-haute","24":"tag-information","25":"tag-infos","26":"tag-isere","27":"tag-journal","28":"tag-news","29":"tag-podcast","30":"tag-radio","31":"tag-republique-francaise","32":"tag-winamp"},"share_on_mastodon":{"url":"https:\/\/pubeurope.com\/@fr\/114831584389841866","error":""},"_links":{"self":[{"href":"https:\/\/www.europesays.com\/fr\/wp-json\/wp\/v2\/posts\/241183","targetHints":{"allow":["GET"]}}],"collection":[{"href":"https:\/\/www.europesays.com\/fr\/wp-json\/wp\/v2\/posts"}],"about":[{"href":"https:\/\/www.europesays.com\/fr\/wp-json\/wp\/v2\/types\/post"}],"author":[{"embeddable":true,"href":"https:\/\/www.europesays.com\/fr\/wp-json\/wp\/v2\/users\/2"}],"replies":[{"embeddable":true,"href":"https:\/\/www.europesays.com\/fr\/wp-json\/wp\/v2\/comments?post=241183"}],"version-history":[{"count":0,"href":"https:\/\/www.europesays.com\/fr\/wp-json\/wp\/v2\/posts\/241183\/revisions"}],"wp:featuredmedia":[{"embeddable":true,"href":"https:\/\/www.europesays.com\/fr\/wp-json\/wp\/v2\/media\/241184"}],"wp:attachment":[{"href":"https:\/\/www.europesays.com\/fr\/wp-json\/wp\/v2\/media?parent=241183"}],"wp:term":[{"taxonomy":"category","embeddable":true,"href":"https:\/\/www.europesays.com\/fr\/wp-json\/wp\/v2\/categories?post=241183"},{"taxonomy":"post_tag","embeddable":true,"href":"https:\/\/www.europesays.com\/fr\/wp-json\/wp\/v2\/tags?post=241183"}],"curies":[{"name":"wp","href":"https:\/\/api.w.org\/{rel}","templated":true}]}}