{"id":241187,"date":"2025-07-10T23:42:26","date_gmt":"2025-07-10T23:42:26","guid":{"rendered":"https:\/\/www.europesays.com\/fr\/241187\/"},"modified":"2025-07-10T23:42:26","modified_gmt":"2025-07-10T23:42:26","slug":"au-festival-davignon-le-choregraphe-rennais-massimo-fusco-rayonne","status":"publish","type":"post","link":"https:\/\/www.europesays.com\/fr\/241187\/","title":{"rendered":"Au Festival d\u2019Avignon, le chor\u00e9graphe rennais Massimo Fusco rayonne"},"content":{"rendered":"<p>Son portrait s\u2019affiche en grand sur le b\u00e2timent des Hivernales centre de d\u00e9veloppement chor\u00e9graphique national d\u2019Avignon o\u00f9 il est artiste associ\u00e9 depuis trois ans. Massimo Fusco, chor\u00e9graphe rennais est actuellement en pleine cr\u00e9ation de son Bal magn\u00e9tique, dont il va pr\u00e9senter quelques extraits ce samedi \u00e0 Avignon avant le <a href=\"https:\/\/rennes.maville.com\/actu\/actudet_-a-rennes-le-festival-waterproof-invite-a-partager-la-danse-_7-6616596_actu.Htm\" target=\"_self\" rel=\"noopener\">festival Waterproof<\/a> rennais en f\u00e9vrier prochain.<\/p>\n<p>\u00ab Une vraie chance \u00bb<\/p>\n<p>Le chor\u00e9graphe, danseur et masseur d\u2019origine italienne, \u00e2g\u00e9 de 39\u00a0ans, a \u00e9t\u00e9 invit\u00e9 par la collection Lambert, mus\u00e9e d\u2019art contemporain, qui inaugure le troisi\u00e8me centre d\u2019art cr\u00e9\u00e9 en Ehpad par le metteur en sc\u00e8ne <a href=\"https:\/\/rennes.maville.com\/actu\/actudet_-theatre.-la-vie-secrete-des-vieux-pas-de-sujet-tabou-pour-mohamed-el-khatib-_52674-6714804_actu.Htm\" target=\"_self\" rel=\"noopener\">Mohamed El Khatib<\/a>.<strong> \u00ab\u00a0C\u2019est une vraie chance, une grande visibilit\u00e9\u00a0\u00bb<\/strong> se f\u00e9licite le chor\u00e9graphe de la compagnie Corps Magn\u00e9tiques, dipl\u00f4m\u00e9 du conservatoire de danse et musique de Paris. Il a dans\u00e9 pour les plus grands\u00a0: Jean-Claude Gallotta \u00e0 Grenoble, Herv\u00e9 Robbe au Havre, Joanne Leighton \u00e0 Belfort et aujourd\u2019hui Christian Rizzo et Gis\u00e8le Vienne.<\/p>\n<p>Ses parents en r\u00e9gion parisienne, \u00e0 Vitry-sur-Seine, donnaient b\u00e9n\u00e9volement des cours de danse de couple le soir et organisaient des bals tous les week-ends. <strong>\u00ab\u00a0D\u00e8s mon plus jeune \u00e2ge, j\u2019ai baign\u00e9 dans cette ambiance. J\u2019ai d\u00e9cid\u00e9 de me servir de tous ces souvenirs pour cr\u00e9er Bal magn\u00e9tique, en portant un regard sur les danses de couple, valse, tango, avec plein de pas de c\u00f4t\u00e9. On va avoir recours \u00e0 la musique electro, avec un clin d\u2019\u0153il au clubbing, comme forme d\u2019\u00e9volution des bals.\u00a0\u00bb <\/strong>Trois danseuses seront sur sc\u00e8ne, In\u00e8s Hernandez, Lola Serrano et Garance Br\u00e9haudat. G\u00e9rald Kurdian, compositrice jouera en live. Un grand bal participatif est \u00e9galement organis\u00e9 avec des enfants d\u2019Avignon qui ont travaill\u00e9 \u00e0 l\u2019ann\u00e9e avec le chor\u00e9graphe et les r\u00e9sidents de l\u2019Ehpad La Maison paisible<\/p>\n<p>\u00a0<\/p>\n","protected":false},"excerpt":{"rendered":"Son portrait s\u2019affiche en grand sur le b\u00e2timent des Hivernales centre de d\u00e9veloppement chor\u00e9graphique national d\u2019Avignon o\u00f9 il&hellip;\n","protected":false},"author":2,"featured_media":241188,"comment_status":"","ping_status":"","sticky":false,"template":"","format":"standard","meta":{"footnotes":""},"categories":[2821],"tags":[1111,11,6184,829,5783,1777,674,849,1011,27,38067,4941,12,33835,13658,584,25],"class_list":{"0":"post-241187","1":"post","2":"type-post","3":"status-publish","4":"format-standard","5":"has-post-thumbnail","7":"category-rennes","8":"tag-actu","9":"tag-actualites","10":"tag-avignon","11":"tag-bretagne","12":"tag-choregraphe","13":"tag-eu","14":"tag-europe","15":"tag-festival","16":"tag-fr","17":"tag-france","18":"tag-fusco","19":"tag-massimo","20":"tag-news","21":"tag-rayonne","22":"tag-rennais","23":"tag-rennes","24":"tag-republique-francaise"},"share_on_mastodon":{"url":"https:\/\/pubeurope.com\/@fr\/114831592194397573","error":""},"_links":{"self":[{"href":"https:\/\/www.europesays.com\/fr\/wp-json\/wp\/v2\/posts\/241187","targetHints":{"allow":["GET"]}}],"collection":[{"href":"https:\/\/www.europesays.com\/fr\/wp-json\/wp\/v2\/posts"}],"about":[{"href":"https:\/\/www.europesays.com\/fr\/wp-json\/wp\/v2\/types\/post"}],"author":[{"embeddable":true,"href":"https:\/\/www.europesays.com\/fr\/wp-json\/wp\/v2\/users\/2"}],"replies":[{"embeddable":true,"href":"https:\/\/www.europesays.com\/fr\/wp-json\/wp\/v2\/comments?post=241187"}],"version-history":[{"count":0,"href":"https:\/\/www.europesays.com\/fr\/wp-json\/wp\/v2\/posts\/241187\/revisions"}],"wp:featuredmedia":[{"embeddable":true,"href":"https:\/\/www.europesays.com\/fr\/wp-json\/wp\/v2\/media\/241188"}],"wp:attachment":[{"href":"https:\/\/www.europesays.com\/fr\/wp-json\/wp\/v2\/media?parent=241187"}],"wp:term":[{"taxonomy":"category","embeddable":true,"href":"https:\/\/www.europesays.com\/fr\/wp-json\/wp\/v2\/categories?post=241187"},{"taxonomy":"post_tag","embeddable":true,"href":"https:\/\/www.europesays.com\/fr\/wp-json\/wp\/v2\/tags?post=241187"}],"curies":[{"name":"wp","href":"https:\/\/api.w.org\/{rel}","templated":true}]}}