{"id":241191,"date":"2025-07-10T23:44:11","date_gmt":"2025-07-10T23:44:11","guid":{"rendered":"https:\/\/www.europesays.com\/fr\/241191\/"},"modified":"2025-07-10T23:44:11","modified_gmt":"2025-07-10T23:44:11","slug":"previsions-du-vendredi-11-juillet-2025-2","status":"publish","type":"post","link":"https:\/\/www.europesays.com\/fr\/241191\/","title":{"rendered":"pr\u00e9visions du vendredi 11 juillet 2025"},"content":{"rendered":"<p>Une am\u00e9lioration est attendue dans la journ\u00e9e \u00e0 Strasbourg, o\u00f9 les nuages vont se disperser. Les temp\u00e9ratures afficheront entre 14\u00b0C et 26\u00b0C. Une brise de nord-est soufflera l\u00e9g\u00e8rement. Les valeurs avoisineront les 22\u00b0C au cours de la matin\u00e9e. L&rsquo;apr\u00e8s-midi, les temp\u00e9ratures seront comprises entre 25 et 26\u00b0C. Dans la soir\u00e9e, les temp\u00e9ratures seront de 23\u00b0C. Durant la nuit de vendredi \u00e0 samedi, le ciel sera limpide.<\/p>\n<p>Demain, un beau soleil brillera sur Strasbourg. Un temps plus chaud est \u00e0 pr\u00e9voir \u00e9tant donn\u00e9 que le mercure va conna\u00eetre une hausse. Les valeurs s&rsquo;\u00e9chelonneront entre 13 et 29\u00b0C. Un vent de nord-est rafra\u00eechira sensiblement l&rsquo;atmosph\u00e8re. Il fera 22\u00b0C en moyenne le matin. Les temp\u00e9ratures vont monter pendant l&rsquo;apr\u00e8s-midi de plusieurs degr\u00e9s. Les maximales atteindront les 29\u00b0C tandis que les minimales seront de 28\u00b0C. Demain soir, le thermom\u00e8tre affichera 23\u00b0C en moyenne.<\/p>\n<p>La m\u00e9t\u00e9o restera stable les jours \u00e0 venir. On pr\u00e9voit des journ\u00e9es ensoleill\u00e9es, avec des temp\u00e9ratures dans les 33\u00b0C en moyenne.<\/p>\n<p><\/p>\n","protected":false},"excerpt":{"rendered":"Une am\u00e9lioration est attendue dans la journ\u00e9e \u00e0 Strasbourg, o\u00f9 les nuages vont se disperser. Les temp\u00e9ratures afficheront&hellip;\n","protected":false},"author":2,"featured_media":241192,"comment_status":"","ping_status":"","sticky":false,"template":"","format":"standard","meta":{"footnotes":""},"categories":[2820],"tags":[1111,11,2389,2649,1777,674,1011,27,775,12,2119,25,640],"class_list":{"0":"post-241191","1":"post","2":"type-post","3":"status-publish","4":"format-standard","5":"has-post-thumbnail","7":"category-strasbourg","8":"tag-actu","9":"tag-actualites","10":"tag-alsace","11":"tag-bas-rhin","12":"tag-eu","13":"tag-europe","14":"tag-fr","15":"tag-france","16":"tag-grand-est","17":"tag-news","18":"tag-previsions-meteo","19":"tag-republique-francaise","20":"tag-strasbourg"},"share_on_mastodon":{"url":"https:\/\/pubeurope.com\/@fr\/114831600157326964","error":""},"_links":{"self":[{"href":"https:\/\/www.europesays.com\/fr\/wp-json\/wp\/v2\/posts\/241191","targetHints":{"allow":["GET"]}}],"collection":[{"href":"https:\/\/www.europesays.com\/fr\/wp-json\/wp\/v2\/posts"}],"about":[{"href":"https:\/\/www.europesays.com\/fr\/wp-json\/wp\/v2\/types\/post"}],"author":[{"embeddable":true,"href":"https:\/\/www.europesays.com\/fr\/wp-json\/wp\/v2\/users\/2"}],"replies":[{"embeddable":true,"href":"https:\/\/www.europesays.com\/fr\/wp-json\/wp\/v2\/comments?post=241191"}],"version-history":[{"count":0,"href":"https:\/\/www.europesays.com\/fr\/wp-json\/wp\/v2\/posts\/241191\/revisions"}],"wp:featuredmedia":[{"embeddable":true,"href":"https:\/\/www.europesays.com\/fr\/wp-json\/wp\/v2\/media\/241192"}],"wp:attachment":[{"href":"https:\/\/www.europesays.com\/fr\/wp-json\/wp\/v2\/media?parent=241191"}],"wp:term":[{"taxonomy":"category","embeddable":true,"href":"https:\/\/www.europesays.com\/fr\/wp-json\/wp\/v2\/categories?post=241191"},{"taxonomy":"post_tag","embeddable":true,"href":"https:\/\/www.europesays.com\/fr\/wp-json\/wp\/v2\/tags?post=241191"}],"curies":[{"name":"wp","href":"https:\/\/api.w.org\/{rel}","templated":true}]}}