{"id":241195,"date":"2025-07-10T23:46:12","date_gmt":"2025-07-10T23:46:12","guid":{"rendered":"https:\/\/www.europesays.com\/fr\/241195\/"},"modified":"2025-07-10T23:46:12","modified_gmt":"2025-07-10T23:46:12","slug":"on-va-avoir-une-ecoute-corporelle-et-ressentir-tout-notre-corps-participez-a-un-concert-subaquatique-gratuit-ce-week-end-a-villefranche-sur-mer","status":"publish","type":"post","link":"https:\/\/www.europesays.com\/fr\/241195\/","title":{"rendered":"\u00ab\u00a0On va avoir une \u00e9coute corporelle et ressentir tout notre corps\u00a0\u00bb: participez \u00e0 un concert subaquatique gratuit ce week-end \u00e0 Villefranche-sur-Mer"},"content":{"rendered":"<p>Ce week-end, sur la plage de l\u2019Ange Gardien \u00e0 Villefranche-sur-Mer, Michel Redolfi, compositeur et cr\u00e9ateur du concept de musique subaquatique, propose une immersion musicale in\u00e9dite aux c\u00f4t\u00e9s de Julie Gautier et son \u00e9cole Aqua Dance Flow, et de l\u2019acteur et r\u00e9alisateur Jean-Marc Barr \u00e0 la narration. Rencontre avec le compositeur.<\/p>\n<p><strong>Que pourra-t-on d\u00e9couvrir samedi 12 et dimanche 13 juillet?<\/strong><\/p>\n<p>Il sera permis d\u2019entendre quelque chose d\u2019unique, c\u2019est un concert qui ne s\u2019entend pas du tout dans l\u2019air mais qui va \u00eatre v\u00e9cu, ressenti, corporellement, en se plongeant dans l\u2019eau. On va avoir une \u00e9coute corporelle et ressentir tout notre corps \u00e0 l\u2019instar des mammif\u00e8res marins.<\/p>\n<p><strong>D\u2019o\u00f9 vous est venue l\u2019id\u00e9e de composer une musique subaquatique?<\/strong><\/p>\n<p>J\u2019\u00e9tais compositeur en studio \u00e0 l\u2019\u00e9poque, je faisais partie du peloton qui avait promu, si ce n\u2019est pas co-invent\u00e9, les synth\u00e9tiseurs num\u00e9riques. Les ordinateurs \u00e9taient encore dans les chambres froides. Pendant que mes copains faisaient du surf, les po\u00e8tes clamaient devant la mer, les biologistes regardaient les comportements des dauphins et des baleines. J\u2019ai alors trouv\u00e9 \u00e7a aberrant d\u2019\u00eatre \u00e0 l\u2019int\u00e9rieur de chambres froides pour poursuivre des recherches musicales. Je me suis dit: \u00ab\u00a0Je prends mes enregistrements de musique synth\u00e9tique, je vais les jouer dans l\u2019eau et les r\u00e9enregistrer avec un micro pour voir si l\u2019eau transforme les sons.\u00a0\u00bb Et, en effet, l\u2019oc\u00e9an les a compl\u00e8tement remix\u00e9s.<\/p>\n<p><strong>Cette musique est-elle respectueuse de l\u2019environnement sous-marin?<\/strong><\/p>\n<p>Je coupe toutes les basses qui, elles, peuvent perturber \u00e0 peine, mais quand m\u00eame, les poissons. Pas de grands aigus qui peuvent aller chatouiller les dauphins. Donc on reste dans une bande passante moyenne qui laisse les mammif\u00e8res et les poissons indiff\u00e9rents. Pour cela, on a refait des tests plusieurs fois.<\/p>\n<p><strong>Comment placez-vous ces deux concerts de Villefranche dans votre parcours artistique?<\/strong><\/p>\n<p>Depuis 1982, \u00e7a sera le plus important. Apr\u00e8s, j\u2019ai fait d\u2019autres concerts en mer mais jamais cela n\u2019a eu cette taille. Il est tr\u00e8s important parce que je n\u2019ai jamais eu autant de talents r\u00e9unis sur le th\u00e8me de la musique subaquatique.<\/p>\n<p><strong>Quels conseils donner \u00e0 celles et ceux qui voudraient assister \u00e0 ces concerts? Dans quel \u00e9tat d\u2019esprit doit-on venir?<\/strong><\/p>\n<p>Il faut litt\u00e9ralement retomber en enfance. C\u2019est une autre forme de plong\u00e9e. On va aller rejoindre la nation des animaux et des poissons qui habitent la mer. Pour eux, le son est tr\u00e8s important. On va changer de culture et de sensorialit\u00e9. On va entendre par le corps et non par les oreilles. Il faut y aller pour passer de l\u2019autre c\u00f4t\u00e9 du miroir. C\u2019est l\u2019exp\u00e9rience d\u2019Alice. Je pense qu\u2019on va se faire plaisir.<\/p>\n<p><strong>Savoir+<\/strong><\/p>\n<p>Samedi 12 et dimanche 13 juillet, en continu de 12h \u00e0 18h. Plage de l\u2019Ange Gardien. Gratuit.<\/p>\n","protected":false},"excerpt":{"rendered":"Ce week-end, sur la plage de l\u2019Ange Gardien \u00e0 Villefranche-sur-Mer, Michel Redolfi, compositeur et cr\u00e9ateur du concept de&hellip;\n","protected":false},"author":2,"featured_media":241196,"comment_status":"","ping_status":"","sticky":false,"template":"","format":"standard","meta":{"footnotes":""},"categories":[2819],"tags":[1111,11,4156,251,1777,674,1011,27,12,2401,882,25],"class_list":{"0":"post-241195","1":"post","2":"type-post","3":"status-publish","4":"format-standard","5":"has-post-thumbnail","7":"category-nice","8":"tag-actu","9":"tag-actualites","10":"tag-concerts","11":"tag-culture","12":"tag-eu","13":"tag-europe","14":"tag-fr","15":"tag-france","16":"tag-news","17":"tag-nice","18":"tag-provence-alpes-cote-dazur","19":"tag-republique-francaise"},"share_on_mastodon":{"url":"https:\/\/pubeurope.com\/@fr\/114831607913198245","error":""},"_links":{"self":[{"href":"https:\/\/www.europesays.com\/fr\/wp-json\/wp\/v2\/posts\/241195","targetHints":{"allow":["GET"]}}],"collection":[{"href":"https:\/\/www.europesays.com\/fr\/wp-json\/wp\/v2\/posts"}],"about":[{"href":"https:\/\/www.europesays.com\/fr\/wp-json\/wp\/v2\/types\/post"}],"author":[{"embeddable":true,"href":"https:\/\/www.europesays.com\/fr\/wp-json\/wp\/v2\/users\/2"}],"replies":[{"embeddable":true,"href":"https:\/\/www.europesays.com\/fr\/wp-json\/wp\/v2\/comments?post=241195"}],"version-history":[{"count":0,"href":"https:\/\/www.europesays.com\/fr\/wp-json\/wp\/v2\/posts\/241195\/revisions"}],"wp:featuredmedia":[{"embeddable":true,"href":"https:\/\/www.europesays.com\/fr\/wp-json\/wp\/v2\/media\/241196"}],"wp:attachment":[{"href":"https:\/\/www.europesays.com\/fr\/wp-json\/wp\/v2\/media?parent=241195"}],"wp:term":[{"taxonomy":"category","embeddable":true,"href":"https:\/\/www.europesays.com\/fr\/wp-json\/wp\/v2\/categories?post=241195"},{"taxonomy":"post_tag","embeddable":true,"href":"https:\/\/www.europesays.com\/fr\/wp-json\/wp\/v2\/tags?post=241195"}],"curies":[{"name":"wp","href":"https:\/\/api.w.org\/{rel}","templated":true}]}}