{"id":241197,"date":"2025-07-10T23:47:10","date_gmt":"2025-07-10T23:47:10","guid":{"rendered":"https:\/\/www.europesays.com\/fr\/241197\/"},"modified":"2025-07-10T23:47:10","modified_gmt":"2025-07-10T23:47:10","slug":"previsions-du-vendredi-11-juillet-2025-3","status":"publish","type":"post","link":"https:\/\/www.europesays.com\/fr\/241197\/","title":{"rendered":"pr\u00e9visions du vendredi 11 juillet 2025"},"content":{"rendered":"<p>La journ\u00e9e qui s&rsquo;annonce \u00e0 Nice, promet d&rsquo;\u00eatre belle et ensoleill\u00e9e ! Les valeurs seront comprises entre 20 et 25\u00b0C. Le matin, le mercure affichera 24\u00b0C en moyenne. Un vent de sud-est rafra\u00eechira sensiblement l&rsquo;atmosph\u00e8re. Les temp\u00e9ratures seront de 23\u00b0C au plus bas et de 25\u00b0C au plus haut l&rsquo;apr\u00e8s-midi. Il fera 22\u00b0C en moyenne le soir. On pr\u00e9voit une nuit claire entre vendredi et samedi.<\/p>\n<p>Une chute des temp\u00e9ratures est pr\u00e9vue \u00e0 Nice, demain. On pr\u00e9voit des valeurs avoisinant 22\u00b0C. Un modeste vent de sud-est sera ressenti par les habitants. Cette matin\u00e9e rimera avec grand soleil. Les temp\u00e9ratures tourneront autour des 23\u00b0C. Des \u00e9claircies sont attendues : on passera un apr\u00e8s-midi cl\u00e9ment. Les maximales pourront atteindre 25\u00b0C tandis que les minimales seront de 24\u00b0C. Les temp\u00e9ratures seront de 22\u00b0C dans la soir\u00e9e.<\/p>\n<p>Les jours qui suivent s&rsquo;annoncent identiques. Le temps sera ensoleill\u00e9 avec des temp\u00e9ratures d&rsquo;environ 26\u00b0C.<\/p>\n<p><\/p>\n","protected":false},"excerpt":{"rendered":"La journ\u00e9e qui s&rsquo;annonce \u00e0 Nice, promet d&rsquo;\u00eatre belle et ensoleill\u00e9e ! Les valeurs seront comprises entre 20&hellip;\n","protected":false},"author":2,"featured_media":241198,"comment_status":"","ping_status":"","sticky":false,"template":"","format":"standard","meta":{"footnotes":""},"categories":[2819],"tags":[1111,11,2898,1777,674,1011,27,12,2401,883,2119,882,25],"class_list":{"0":"post-241197","1":"post","2":"type-post","3":"status-publish","4":"format-standard","5":"has-post-thumbnail","7":"category-nice","8":"tag-actu","9":"tag-actualites","10":"tag-alpes-maritimes","11":"tag-eu","12":"tag-europe","13":"tag-fr","14":"tag-france","15":"tag-news","16":"tag-nice","17":"tag-paca","18":"tag-previsions-meteo","19":"tag-provence-alpes-cote-dazur","20":"tag-republique-francaise"},"share_on_mastodon":{"url":"https:\/\/pubeurope.com\/@fr\/114831611813134161","error":""},"_links":{"self":[{"href":"https:\/\/www.europesays.com\/fr\/wp-json\/wp\/v2\/posts\/241197","targetHints":{"allow":["GET"]}}],"collection":[{"href":"https:\/\/www.europesays.com\/fr\/wp-json\/wp\/v2\/posts"}],"about":[{"href":"https:\/\/www.europesays.com\/fr\/wp-json\/wp\/v2\/types\/post"}],"author":[{"embeddable":true,"href":"https:\/\/www.europesays.com\/fr\/wp-json\/wp\/v2\/users\/2"}],"replies":[{"embeddable":true,"href":"https:\/\/www.europesays.com\/fr\/wp-json\/wp\/v2\/comments?post=241197"}],"version-history":[{"count":0,"href":"https:\/\/www.europesays.com\/fr\/wp-json\/wp\/v2\/posts\/241197\/revisions"}],"wp:featuredmedia":[{"embeddable":true,"href":"https:\/\/www.europesays.com\/fr\/wp-json\/wp\/v2\/media\/241198"}],"wp:attachment":[{"href":"https:\/\/www.europesays.com\/fr\/wp-json\/wp\/v2\/media?parent=241197"}],"wp:term":[{"taxonomy":"category","embeddable":true,"href":"https:\/\/www.europesays.com\/fr\/wp-json\/wp\/v2\/categories?post=241197"},{"taxonomy":"post_tag","embeddable":true,"href":"https:\/\/www.europesays.com\/fr\/wp-json\/wp\/v2\/tags?post=241197"}],"curies":[{"name":"wp","href":"https:\/\/api.w.org\/{rel}","templated":true}]}}