{"id":241199,"date":"2025-07-10T23:48:10","date_gmt":"2025-07-10T23:48:10","guid":{"rendered":"https:\/\/www.europesays.com\/fr\/241199\/"},"modified":"2025-07-10T23:48:10","modified_gmt":"2025-07-10T23:48:10","slug":"previsions-du-vendredi-11-juillet-2025-4","status":"publish","type":"post","link":"https:\/\/www.europesays.com\/fr\/241199\/","title":{"rendered":"pr\u00e9visions du vendredi 11 juillet 2025"},"content":{"rendered":"<p>La journ\u00e9e qui s&rsquo;annonce \u00e0 Nantes, promet d&rsquo;\u00eatre superbe et ensoleill\u00e9e ! Il va faire chaud avec des temp\u00e9ratures qui seront comprises entre 17 et 34\u00b0C. Un l\u00e9ger vent de nord-est sera ressenti par les habitants. Les valeurs maximales annonc\u00e9es le matin sont \u00e9lev\u00e9es, avec 31\u00b0C. L&rsquo;\u00e9t\u00e9 s&rsquo;installe ! Les temp\u00e9ratures vont monter pendant l&rsquo;apr\u00e8s-midi de plusieurs degr\u00e9s. Les grosses chaleurs sont install\u00e9es. Avec des temp\u00e9ratures comprises entre 32 et 34\u00b0C. D\u00e8s le soir, les valeurs \u00e9volueront entre 28 et 33\u2009\u00b0C. Durant la nuit de vendredi \u00e0 samedi, le ciel sera d\u00e9pourvu de nuages.<\/p>\n<p>Demain, les Nantais comme les touristes vont pouvoir profiter d&rsquo;un soleil radieux. L&rsquo;air ambiant va se r\u00e9chauffer avec une augmentation de quelques degr\u00e9s pour un \u00e9t\u00e9 chaud. Attention \u00e0 la vague de chaleur. Des temp\u00e9ratures de 19 \u00e0 36\u00b0C sont attendues. Les valeurs s&rsquo;\u00e9chelonneront entre 19 et 36\u00b0C, un temps bel et bien de saison. Un vent de nord-est rafra\u00eechira quelque peu l&rsquo;atmosph\u00e8re. La matin\u00e9e va se trouver vraiment chaude : jusqu&rsquo;\u00e0 33\u00b0C. Les temp\u00e9ratures vont enregistrer une hausse de plusieurs degr\u00e9s dans l&rsquo;apr\u00e8s-midi. Les vacanciers comme les locaux pourront enfiler sandales et chapeau. La ville va conna\u00eetre une vague de fortes chaleurs avec des temp\u00e9ratures qui atteindront parfois les 36\u00b0C. Demain soir, de tr\u00e8s importantes chaleurs (entre 28\u00b0C et 34\u00b0C) sont pr\u00e9vues.<\/p>\n<p>Les jours suivants s&rsquo;annoncent similaires. On anticipe des journ\u00e9es ensoleill\u00e9es, avec des temp\u00e9ratures dans les 32\u00b0C en moyenne.<\/p>\n<p>Les fortes temp\u00e9ratures peuvent \u00eatre dangereuses pour les a\u00een\u00e9s, les b\u00e9b\u00e9s et les jeunes enfants : ils sont susceptibles de souffrir de manque d&rsquo;hydratation. Soyez attentifs aux plus fragiles et pensez \u00e0 leur proposer \u00e0 boire !<\/p>\n","protected":false},"excerpt":{"rendered":"La journ\u00e9e qui s&rsquo;annonce \u00e0 Nantes, promet d&rsquo;\u00eatre superbe et ensoleill\u00e9e ! Il va faire chaud avec des&hellip;\n","protected":false},"author":2,"featured_media":241200,"comment_status":"","ping_status":"","sticky":false,"template":"","format":"standard","meta":{"footnotes":""},"categories":[2818],"tags":[1111,11,1777,674,1011,27,3047,766,12,2636,2119,25],"class_list":{"0":"post-241199","1":"post","2":"type-post","3":"status-publish","4":"format-standard","5":"has-post-thumbnail","7":"category-nantes","8":"tag-actu","9":"tag-actualites","10":"tag-eu","11":"tag-europe","12":"tag-fr","13":"tag-france","14":"tag-loire-atlantique","15":"tag-nantes","16":"tag-news","17":"tag-pays-de-la-loire","18":"tag-previsions-meteo","19":"tag-republique-francaise"},"share_on_mastodon":{"url":"https:\/\/pubeurope.com\/@fr\/114831615749764066","error":""},"_links":{"self":[{"href":"https:\/\/www.europesays.com\/fr\/wp-json\/wp\/v2\/posts\/241199","targetHints":{"allow":["GET"]}}],"collection":[{"href":"https:\/\/www.europesays.com\/fr\/wp-json\/wp\/v2\/posts"}],"about":[{"href":"https:\/\/www.europesays.com\/fr\/wp-json\/wp\/v2\/types\/post"}],"author":[{"embeddable":true,"href":"https:\/\/www.europesays.com\/fr\/wp-json\/wp\/v2\/users\/2"}],"replies":[{"embeddable":true,"href":"https:\/\/www.europesays.com\/fr\/wp-json\/wp\/v2\/comments?post=241199"}],"version-history":[{"count":0,"href":"https:\/\/www.europesays.com\/fr\/wp-json\/wp\/v2\/posts\/241199\/revisions"}],"wp:featuredmedia":[{"embeddable":true,"href":"https:\/\/www.europesays.com\/fr\/wp-json\/wp\/v2\/media\/241200"}],"wp:attachment":[{"href":"https:\/\/www.europesays.com\/fr\/wp-json\/wp\/v2\/media?parent=241199"}],"wp:term":[{"taxonomy":"category","embeddable":true,"href":"https:\/\/www.europesays.com\/fr\/wp-json\/wp\/v2\/categories?post=241199"},{"taxonomy":"post_tag","embeddable":true,"href":"https:\/\/www.europesays.com\/fr\/wp-json\/wp\/v2\/tags?post=241199"}],"curies":[{"name":"wp","href":"https:\/\/api.w.org\/{rel}","templated":true}]}}