{"id":241202,"date":"2025-07-10T23:50:09","date_gmt":"2025-07-10T23:50:09","guid":{"rendered":"https:\/\/www.europesays.com\/fr\/241202\/"},"modified":"2025-07-10T23:50:09","modified_gmt":"2025-07-10T23:50:09","slug":"previsions-du-vendredi-11-juillet-2025-5","status":"publish","type":"post","link":"https:\/\/www.europesays.com\/fr\/241202\/","title":{"rendered":"pr\u00e9visions du vendredi 11 juillet 2025"},"content":{"rendered":"<p>Un superbe soleil va briller sur Bordeaux et ce, tout au long de la journ\u00e9e. Il va faire chaud avec des temp\u00e9ratures qui seront comprises entre 17 et 37\u00b0C. Un modeste vent de nord-est sera ressenti par les habitants. La ville va p\u00e2tir des fortes chaleurs avec des valeurs qui pourraient grimper jusqu&rsquo;\u00e0 33\u00b0C le matin. Les temp\u00e9ratures, plus estivales, vont enregistrer une hausse de plusieurs degr\u00e9s au cours de l&rsquo;apr\u00e8s-midi. La ville va conna\u00eetre un passage d&rsquo;importantes chaleurs avec des temp\u00e9ratures qui atteindront parfois les 37\u00b0C. La soir\u00e9e va se trouver vraiment chaude : pr\u00e8s de 35\u00b0C. Durant la nuit de vendredi \u00e0 samedi, le ciel sera d\u00e9pourvu de nuages.<\/p>\n<p>C&rsquo;est un soleil radieux qui va se montrer demain sur Bordeaux. Une baisse des temp\u00e9ratures est pr\u00e9vue. La p\u00e9riode de grosses chaleurs est bien l\u00e0, avec des valeurs qui risqueront de monter \u00e0 31\u00b0C. Ce sera un bel \u00e9t\u00e9 : les temp\u00e9ratures afficheront entre 19 et 31\u00b0C. Un vent de sud-ouest rafra\u00eechira un peu l&rsquo;atmosph\u00e8re. Attention \u00e0 la vague de chaleur dans la matin\u00e9e. Des valeurs de 21 \u00e0 30\u00b0C sont annonc\u00e9es. Un temps plus chaud est attendu demain apr\u00e8s-midi puisque les temp\u00e9ratures vont conna\u00eetre une augmentation, remplissant les terrasses de r\u00e9sidents et de touristes venus profiter de l&rsquo;\u00e9t\u00e9. Les valeurs \u00e9volueront entre 29 et 31\u2009\u00b0C. Les valeurs s&rsquo;\u00e9chelonneront entre 29 et 31\u00b0C, un temps r\u00e9solument de saison.<\/p>\n<p>Les jours se suivent et ne changent pas. Il va faire un temps relativement ensoleill\u00e9 avec des temp\u00e9ratures avoisinant 30\u00b0C.<\/p>\n<p>En ces temps de fortes chaleurs, il est essentiel de rester vigilant. Pensez \u00e0 boire r\u00e9guli\u00e8rement et \u00e0 vous prot\u00e9ger des rayons du soleil. Lors de vos activit\u00e9s en plein air, la cr\u00e8me solaire est un indispensable pour pr\u00e9venir les coups de soleil !<\/p>\n","protected":false},"excerpt":{"rendered":"Un superbe soleil va briller sur Bordeaux et ce, tout au long de la journ\u00e9e. Il va faire&hellip;\n","protected":false},"author":2,"featured_media":241203,"comment_status":"","ping_status":"","sticky":false,"template":"","format":"standard","meta":{"footnotes":""},"categories":[2817],"tags":[1111,11,3177,1997,1777,674,1011,27,2905,12,2219,2119,25],"class_list":{"0":"post-241202","1":"post","2":"type-post","3":"status-publish","4":"format-standard","5":"has-post-thumbnail","7":"category-bordeaux","8":"tag-actu","9":"tag-actualites","10":"tag-aquitaine","11":"tag-bordeaux","12":"tag-eu","13":"tag-europe","14":"tag-fr","15":"tag-france","16":"tag-gironde","17":"tag-news","18":"tag-nouvelle-aquitaine","19":"tag-previsions-meteo","20":"tag-republique-francaise"},"share_on_mastodon":{"url":"https:\/\/pubeurope.com\/@fr\/114831623648142700","error":""},"_links":{"self":[{"href":"https:\/\/www.europesays.com\/fr\/wp-json\/wp\/v2\/posts\/241202","targetHints":{"allow":["GET"]}}],"collection":[{"href":"https:\/\/www.europesays.com\/fr\/wp-json\/wp\/v2\/posts"}],"about":[{"href":"https:\/\/www.europesays.com\/fr\/wp-json\/wp\/v2\/types\/post"}],"author":[{"embeddable":true,"href":"https:\/\/www.europesays.com\/fr\/wp-json\/wp\/v2\/users\/2"}],"replies":[{"embeddable":true,"href":"https:\/\/www.europesays.com\/fr\/wp-json\/wp\/v2\/comments?post=241202"}],"version-history":[{"count":0,"href":"https:\/\/www.europesays.com\/fr\/wp-json\/wp\/v2\/posts\/241202\/revisions"}],"wp:featuredmedia":[{"embeddable":true,"href":"https:\/\/www.europesays.com\/fr\/wp-json\/wp\/v2\/media\/241203"}],"wp:attachment":[{"href":"https:\/\/www.europesays.com\/fr\/wp-json\/wp\/v2\/media?parent=241202"}],"wp:term":[{"taxonomy":"category","embeddable":true,"href":"https:\/\/www.europesays.com\/fr\/wp-json\/wp\/v2\/categories?post=241202"},{"taxonomy":"post_tag","embeddable":true,"href":"https:\/\/www.europesays.com\/fr\/wp-json\/wp\/v2\/tags?post=241202"}],"curies":[{"name":"wp","href":"https:\/\/api.w.org\/{rel}","templated":true}]}}