{"id":241205,"date":"2025-07-10T23:52:32","date_gmt":"2025-07-10T23:52:32","guid":{"rendered":"https:\/\/www.europesays.com\/fr\/241205\/"},"modified":"2025-07-10T23:52:32","modified_gmt":"2025-07-10T23:52:32","slug":"une-femme-de-53-ans-est-recherchee","status":"publish","type":"post","link":"https:\/\/www.europesays.com\/fr\/241205\/","title":{"rendered":"une femme de 53 ans est recherch\u00e9e"},"content":{"rendered":"<p>            Par<br \/>\n        <strong><br \/>\n            <a href=\"https:\/\/actu.fr\/auteur\/marie-lamarque\" title=\"Consulter tous les articles de Marie Lamarque\" target=\"_blank\" rel=\"noopener\">Marie Lamarque<\/a><br \/>\n        <\/strong><\/p>\n<p>        Publi\u00e9 le<\/p>\n<p>            10 juil. 2025 \u00e0 10h37<br \/>\n        ; mis \u00e0 jour le 10 juil. 2025 \u00e0 15h30    <\/p>\n<p>[MISE \u00c0 JOUR \u00e0 15h30 : la gendarmerie annonce que la personne port\u00e9e disparue a \u00e9t\u00e9 retrouv\u00e9e saine et sauve.]<\/p>\n<p class=\" wall-content\">Une femme \u00e2g\u00e9e de 53 ans est<strong> port\u00e9e disparue<\/strong> au sud de <a href=\"https:\/\/actu.fr\/toulouse\/\" target=\"_blank\" rel=\"noopener\">Toulouse<\/a>. L\u2019alerte a \u00e9t\u00e9 diffus\u00e9e ce mercredi 9 juillet 2025 par la gendarmerie de Seysses. Selon les informations diffus\u00e9es par les forces de l\u2019ordre, elle a quitt\u00e9 son domicile<strong> \u00e0 Lahage<\/strong>, commune \u00e0 la fronti\u00e8re du Gers, aux alentours de minuit.<\/p>\n<p>    <a href=\"https:\/\/www.google.com\/maps\/embed?pb=!1m18!1m12!1m3!1d185402.6946465965!2d0.9050767764154009!3d43.44144725356788!2m3!1f0!2f0!3f0!3m2!1i1024!2i768!4f13.1!3m3!1m2!1s0x12a93783049fca83%3A0xa5ec6f0f7ae7caa3!2s31370%20Lahage!5e0!3m2!1sfr!2sfr!4v1752136221643!5m2!1sfr!2sfr\" title=\"Ouvrie le lien\" target=\"_blank\" rel=\"noopener\">Cliquez ici pour visualiser le contenu<\/a><\/p>\n<p>La piste d\u2019un d\u00e9part volontaire privil\u00e9gi\u00e9e<\/p>\n<p class=\" wall-content\">La cinquantenaire est une <strong>r\u00e9sidente d\u2019un foyer de vie<\/strong> qui accueille les adultes pr\u00e9sentant un handicap mental ou psychique ne permettant pas d\u2019exercer une activit\u00e9 professionnelle.<\/p>\n<p class=\" wall-content\">Selon les informations recueillies par Actu Toulouse, \u00e0 ce stade des recherches, les forces de l\u2019ordre privil\u00e9gient la piste d\u2019<strong>un d\u00e9part volontaire<\/strong>.<\/p>\n<p>Des \u00e9l\u00e9ments de signalement pour la reconna\u00eetre<\/p>\n<p class=\" wall-content\">Mesurant 1,60 m, cette femme est de corpulence normale et porte des cheveux bruns tr\u00e8s courts. Ses yeux sont marron et la peau de son visage est gr\u00eal\u00e9e. Elle est \u00ab\u00a0courb\u00e9e quand elle marche\u00a0\u00bb, peut-on \u00e9galement lire dans les \u00e9l\u00e9ments de signalement diffus\u00e9s par la gendarmerie.<\/p>\n<p>Vid\u00e9os : en ce moment sur Actu<\/p>\n<p class=\" wall-content\">Toute personne ayant des informations \u00e0 partager est invit\u00e9e \u00e0 contacter la gendarmerie de Seysses<strong> au 05 34 48 21 30 ou en composant le 17.<\/strong><\/p>\n<p>    <a href=\"https:\/\/www.facebook.com\/plugins\/post.php?href=https%3A%2F%2Fwww.facebook.com%2FGGD31%2Fposts%2Fpfbid0QwSF3CcTjhZbRhDGVXgug4Aj5xoEZGVKteVRVGy8GHKzXF26WaUN8nJkJHUVcPAwl&amp;show_text=true&amp;width=350\" title=\"Ouvrie le lien\" target=\"_blank\" rel=\"noopener\">Cliquez ici pour visualiser le contenu<\/a><\/p>\n<p class=\" wall-content\">Suivez toute l\u2019actualit\u00e9 de vos villes et m\u00e9dias favoris en vous inscrivant \u00e0 <a href=\"https:\/\/moncompte.actu.fr\" title=\"D\u00e9couvez Mon Actu\" rel=\"nofollow noopener\" data-trk=\"{&quot;cta&quot;:{&quot;action&quot;:&quot;https:\\\/\\\/moncompte.actu.fr&quot;,&quot;category&quot;:&quot;mon compte&quot;,&quot;from&quot;:&quot;article footer&quot;,&quot;name&quot;:&quot;Mon actu&quot;,&quot;type&quot;:&quot;cta&quot;}}\" target=\"_blank\">Mon Actu<\/a>.<\/p>\n<ul class=\"ac-article-tag wall-content\">\n<li><a href=\"https:\/\/actu.fr\/tag\/disparition\" data-trk=\"{&quot;cta&quot;:{&quot;action&quot;:&quot;Disparition inqui\\u00e9tante&quot;,&quot;category&quot;:&quot;tag&quot;,&quot;from&quot;:&quot;article footer&quot;,&quot;name&quot;:&quot;Disparition inqui\\u00e9tante&quot;,&quot;type&quot;:&quot;cta&quot;}}\" target=\"_blank\" rel=\"noopener\">#Disparition inqui\u00e9tante<\/a><\/li>\n<li><a href=\"https:\/\/actu.fr\/tag\/gendarmerie\" data-trk=\"{&quot;cta&quot;:{&quot;action&quot;:&quot;Gendarmerie&quot;,&quot;category&quot;:&quot;tag&quot;,&quot;from&quot;:&quot;article footer&quot;,&quot;name&quot;:&quot;Gendarmerie&quot;,&quot;type&quot;:&quot;cta&quot;}}\" target=\"_blank\" rel=\"noopener\">#Gendarmerie<\/a><\/li>\n<\/ul>\n","protected":false},"excerpt":{"rendered":"Par Marie Lamarque Publi\u00e9 le 10 juil. 2025 \u00e0 10h37 ; mis \u00e0 jour le 10 juil. 2025&hellip;\n","protected":false},"author":2,"featured_media":241206,"comment_status":"","ping_status":"","sticky":false,"template":"","format":"standard","meta":{"footnotes":""},"categories":[2816],"tags":[1111,11,3676,1777,674,118,1011,27,3381,12,2680,25,2312],"class_list":{"0":"post-241205","1":"post","2":"type-post","3":"status-publish","4":"format-standard","5":"has-post-thumbnail","7":"category-toulouse","8":"tag-actu","9":"tag-actualites","10":"tag-disparition-inquietante","11":"tag-eu","12":"tag-europe","13":"tag-faits-divers","14":"tag-fr","15":"tag-france","16":"tag-gendarmerie","17":"tag-news","18":"tag-occitanie","19":"tag-republique-francaise","20":"tag-toulouse"},"share_on_mastodon":{"url":"https:\/\/pubeurope.com\/@fr\/114831631500820466","error":""},"_links":{"self":[{"href":"https:\/\/www.europesays.com\/fr\/wp-json\/wp\/v2\/posts\/241205","targetHints":{"allow":["GET"]}}],"collection":[{"href":"https:\/\/www.europesays.com\/fr\/wp-json\/wp\/v2\/posts"}],"about":[{"href":"https:\/\/www.europesays.com\/fr\/wp-json\/wp\/v2\/types\/post"}],"author":[{"embeddable":true,"href":"https:\/\/www.europesays.com\/fr\/wp-json\/wp\/v2\/users\/2"}],"replies":[{"embeddable":true,"href":"https:\/\/www.europesays.com\/fr\/wp-json\/wp\/v2\/comments?post=241205"}],"version-history":[{"count":0,"href":"https:\/\/www.europesays.com\/fr\/wp-json\/wp\/v2\/posts\/241205\/revisions"}],"wp:featuredmedia":[{"embeddable":true,"href":"https:\/\/www.europesays.com\/fr\/wp-json\/wp\/v2\/media\/241206"}],"wp:attachment":[{"href":"https:\/\/www.europesays.com\/fr\/wp-json\/wp\/v2\/media?parent=241205"}],"wp:term":[{"taxonomy":"category","embeddable":true,"href":"https:\/\/www.europesays.com\/fr\/wp-json\/wp\/v2\/categories?post=241205"},{"taxonomy":"post_tag","embeddable":true,"href":"https:\/\/www.europesays.com\/fr\/wp-json\/wp\/v2\/tags?post=241205"}],"curies":[{"name":"wp","href":"https:\/\/api.w.org\/{rel}","templated":true}]}}