{"id":241207,"date":"2025-07-10T23:53:10","date_gmt":"2025-07-10T23:53:10","guid":{"rendered":"https:\/\/www.europesays.com\/fr\/241207\/"},"modified":"2025-07-10T23:53:10","modified_gmt":"2025-07-10T23:53:10","slug":"previsions-du-vendredi-11-juillet-2025-6","status":"publish","type":"post","link":"https:\/\/www.europesays.com\/fr\/241207\/","title":{"rendered":"pr\u00e9visions du vendredi 11 juillet 2025"},"content":{"rendered":"<p>Un magnifique soleil brillera sur Toulouse, o\u00f9 la journ\u00e9e s&rsquo;annoncera des plus plaisantes. Il va faire chaud avec des temp\u00e9ratures qui afficheront entre 16 et 37\u00b0C. D\u00e8s le matin, les valeurs \u00e9volueront entre 20 et 34\u2009\u00b0C. Une brise de sud-est soufflera l\u00e9g\u00e8rement. Les temp\u00e9ratures, plus estivales, vont enregistrer une hausse de plusieurs degr\u00e9s au cours de l&rsquo;apr\u00e8s-midi. La ville va conna\u00eetre un passage de fortes chaleurs avec des temp\u00e9ratures qui atteindront parfois les 37\u00b0C. La soir\u00e9e va \u00eatre vraiment chaude : jusqu&rsquo;\u00e0 34\u00b0C. Le ciel sera d\u00e9pourvu de nuages dans la nuit de vendredi \u00e0 samedi.<\/p>\n<p>Demain, un beau soleil rayonnera sur Toulouse. Le mercure va baisser de quelques degr\u00e9s. Prenez garde \u00e0 la vague de chaleur. Des valeurs de 18 \u00e0 34\u00b0C sont pr\u00e9vues. Ce sera un bel \u00e9t\u00e9 : les temp\u00e9ratures seront comprises entre 18 et 34\u00b0C. L&rsquo;\u00e9pisode de grosses chaleurs est bien l\u00e0, avec des valeurs qui risqueront de monter \u00e0 30\u00b0C le matin. Les temp\u00e9ratures avoisineront les 25\u00b0C. Un modeste vent de sud-ouest sera ressenti par les habitants. Les valeurs maximales attendues demain apr\u00e8s-midi sont \u00e9lev\u00e9es, avec 34\u00b0C. La chaleur estivale sera bien l\u00e0 puisque les temp\u00e9ratures seront quand m\u00eame de 21\u00b0C au minimum et de 34\u00b0C au maximum. Dans la soir\u00e9e, des pluies \u00e9parses sont attendues. Il fera 20\u00b0C en moyenne. Un vent d&rsquo;est rafra\u00eechira quelque peu l&rsquo;atmosph\u00e8re.<\/p>\n<p>Les jours suivants s&rsquo;annoncent identiques. Une m\u00e9t\u00e9o ensoleill\u00e9e, pour des temp\u00e9ratures de 33\u00b0C en moyenne, est \u00e0 pr\u00e9voir.<\/p>\n<p>Evitez de vous exposer aux heures les plus chaudes (entre 12h et 16h), couvrez-vous la t\u00eate, mettez des lunettes de soleil et utilisez un \u00e9cran solaire adapt\u00e9 !<\/p>\n","protected":false},"excerpt":{"rendered":"Un magnifique soleil brillera sur Toulouse, o\u00f9 la journ\u00e9e s&rsquo;annoncera des plus plaisantes. Il va faire chaud avec&hellip;\n","protected":false},"author":2,"featured_media":241208,"comment_status":"","ping_status":"","sticky":false,"template":"","format":"standard","meta":{"footnotes":""},"categories":[2816],"tags":[1111,11,1777,674,1011,27,2722,2721,12,2680,2119,25,2312],"class_list":{"0":"post-241207","1":"post","2":"type-post","3":"status-publish","4":"format-standard","5":"has-post-thumbnail","7":"category-toulouse","8":"tag-actu","9":"tag-actualites","10":"tag-eu","11":"tag-europe","12":"tag-fr","13":"tag-france","14":"tag-haute-garonne","15":"tag-midi-pyrenees","16":"tag-news","17":"tag-occitanie","18":"tag-previsions-meteo","19":"tag-republique-francaise","20":"tag-toulouse"},"share_on_mastodon":{"url":"https:\/\/pubeurope.com\/@fr\/114831635438038268","error":""},"_links":{"self":[{"href":"https:\/\/www.europesays.com\/fr\/wp-json\/wp\/v2\/posts\/241207","targetHints":{"allow":["GET"]}}],"collection":[{"href":"https:\/\/www.europesays.com\/fr\/wp-json\/wp\/v2\/posts"}],"about":[{"href":"https:\/\/www.europesays.com\/fr\/wp-json\/wp\/v2\/types\/post"}],"author":[{"embeddable":true,"href":"https:\/\/www.europesays.com\/fr\/wp-json\/wp\/v2\/users\/2"}],"replies":[{"embeddable":true,"href":"https:\/\/www.europesays.com\/fr\/wp-json\/wp\/v2\/comments?post=241207"}],"version-history":[{"count":0,"href":"https:\/\/www.europesays.com\/fr\/wp-json\/wp\/v2\/posts\/241207\/revisions"}],"wp:featuredmedia":[{"embeddable":true,"href":"https:\/\/www.europesays.com\/fr\/wp-json\/wp\/v2\/media\/241208"}],"wp:attachment":[{"href":"https:\/\/www.europesays.com\/fr\/wp-json\/wp\/v2\/media?parent=241207"}],"wp:term":[{"taxonomy":"category","embeddable":true,"href":"https:\/\/www.europesays.com\/fr\/wp-json\/wp\/v2\/categories?post=241207"},{"taxonomy":"post_tag","embeddable":true,"href":"https:\/\/www.europesays.com\/fr\/wp-json\/wp\/v2\/tags?post=241207"}],"curies":[{"name":"wp","href":"https:\/\/api.w.org\/{rel}","templated":true}]}}