{"id":241209,"date":"2025-07-10T23:54:10","date_gmt":"2025-07-10T23:54:10","guid":{"rendered":"https:\/\/www.europesays.com\/fr\/241209\/"},"modified":"2025-07-10T23:54:10","modified_gmt":"2025-07-10T23:54:10","slug":"previsions-du-vendredi-11-juillet-2025-7","status":"publish","type":"post","link":"https:\/\/www.europesays.com\/fr\/241209\/","title":{"rendered":"pr\u00e9visions du vendredi 11 juillet 2025"},"content":{"rendered":"<p>Un beau soleil est attendu aujourd&rsquo;hui \u00e0 Lille. Les temp\u00e9ratures afficheront entre 14 et 28\u00b0C. Une brise de nord-est soufflera doucement. Les valeurs tourneront autour des 22\u00b0C dans la matin\u00e9e. Les temp\u00e9ratures vont conna\u00eetre une hausse de plusieurs degr\u00e9s durant l&rsquo;apr\u00e8s-midi. Les valeurs seront de 25\u00b0C au minimum et de 28\u00b0C au plus haut. Dans la soir\u00e9e, les temp\u00e9ratures seront de 22\u00b0C. On pr\u00e9voit une nuit claire entre vendredi et samedi.<\/p>\n<p>Demain, les Lillois vont pouvoir profiter d&rsquo;un soleil radieux. Une m\u00e9t\u00e9o plus chaude est \u00e0 pr\u00e9voir puisque les temp\u00e9ratures vont enregistrer une augmentation. Les valeurs s&rsquo;\u00e9chelonneront entre 15 et 28\u00b0C. Un vent de nord-est rafra\u00eechira quelque peu l&rsquo;atmosph\u00e8re. Les temp\u00e9ratures vont monter pendant l&rsquo;apr\u00e8s-midi de plusieurs degr\u00e9s. Les valeurs seront comprises entre 26\u00b0C et 28\u00b0C.<\/p>\n<p>Peu d&rsquo;\u00e9volutions pour la suite. Des temp\u00e9ratures dans les 29\u00b0C iront de pair avec un ciel ensoleill\u00e9.<\/p>\n<p><\/p>\n","protected":false},"excerpt":{"rendered":"Un beau soleil est attendu aujourd&rsquo;hui \u00e0 Lille. Les temp\u00e9ratures afficheront entre 14 et 28\u00b0C. Une brise de&hellip;\n","protected":false},"author":2,"featured_media":241210,"comment_status":"","ping_status":"","sticky":false,"template":"","format":"standard","meta":{"footnotes":""},"categories":[2815],"tags":[1111,11,1777,674,1011,27,811,1307,12,2119,25],"class_list":{"0":"post-241209","1":"post","2":"type-post","3":"status-publish","4":"format-standard","5":"has-post-thumbnail","7":"category-lille","8":"tag-actu","9":"tag-actualites","10":"tag-eu","11":"tag-europe","12":"tag-fr","13":"tag-france","14":"tag-hauts-de-france","15":"tag-lille","16":"tag-news","17":"tag-previsions-meteo","18":"tag-republique-francaise"},"share_on_mastodon":{"url":"https:\/\/pubeurope.com\/@fr\/114831639529159062","error":""},"_links":{"self":[{"href":"https:\/\/www.europesays.com\/fr\/wp-json\/wp\/v2\/posts\/241209","targetHints":{"allow":["GET"]}}],"collection":[{"href":"https:\/\/www.europesays.com\/fr\/wp-json\/wp\/v2\/posts"}],"about":[{"href":"https:\/\/www.europesays.com\/fr\/wp-json\/wp\/v2\/types\/post"}],"author":[{"embeddable":true,"href":"https:\/\/www.europesays.com\/fr\/wp-json\/wp\/v2\/users\/2"}],"replies":[{"embeddable":true,"href":"https:\/\/www.europesays.com\/fr\/wp-json\/wp\/v2\/comments?post=241209"}],"version-history":[{"count":0,"href":"https:\/\/www.europesays.com\/fr\/wp-json\/wp\/v2\/posts\/241209\/revisions"}],"wp:featuredmedia":[{"embeddable":true,"href":"https:\/\/www.europesays.com\/fr\/wp-json\/wp\/v2\/media\/241210"}],"wp:attachment":[{"href":"https:\/\/www.europesays.com\/fr\/wp-json\/wp\/v2\/media?parent=241209"}],"wp:term":[{"taxonomy":"category","embeddable":true,"href":"https:\/\/www.europesays.com\/fr\/wp-json\/wp\/v2\/categories?post=241209"},{"taxonomy":"post_tag","embeddable":true,"href":"https:\/\/www.europesays.com\/fr\/wp-json\/wp\/v2\/tags?post=241209"}],"curies":[{"name":"wp","href":"https:\/\/api.w.org\/{rel}","templated":true}]}}