{"id":241217,"date":"2025-07-10T23:58:19","date_gmt":"2025-07-10T23:58:19","guid":{"rendered":"https:\/\/www.europesays.com\/fr\/241217\/"},"modified":"2025-07-10T23:58:19","modified_gmt":"2025-07-10T23:58:19","slug":"un-avis-de-recherche-lance-apres-la-disparition-dun-jeune-porteur-de-trisomie-a-lyon","status":"publish","type":"post","link":"https:\/\/www.europesays.com\/fr\/241217\/","title":{"rendered":"Un avis de recherche lanc\u00e9 apr\u00e8s la disparition d\u2019un jeune porteur de trisomie \u00e0 Lyon"},"content":{"rendered":"<p itemprop=\"description\"><strong>C\u2019est un avis de recherche qui a \u00e9t\u00e9 relay\u00e9 sur les r\u00e9seaux sociaux par l\u2019Adapei du Rh\u00f4ne.<\/strong><\/p>\n<p>Un jeune de 15 ans, porteur de trisomie, a disparu ce jeudi \u00e0 Lyon, dans le quartier de Vaise, \u00e0 proximit\u00e9 de son institut m\u00e9dico-\u00e9ducatif.<\/p>\n<p>Simao mesure 1,50 m\u00e8tre et portait un t-shirt bleu et un short gris. Il ne parle que quelques mots en raison de son handicap. L&rsquo;adolescent aurait \u00e9t\u00e9 aper\u00e7u en milieu d&rsquo;apr\u00e8s-midi sur la places des Jacobins.\u00a0<\/p>\n<p>Un num\u00e9ro de t\u00e9l\u00e9phone a \u00e9t\u00e9 communiqu\u00e9 sur l&rsquo;avis de recherche. A noter que la police n&rsquo;a pas encore diffus\u00e9 d&rsquo;appel \u00e0 t\u00e9moins.<\/p>\n","protected":false},"excerpt":{"rendered":"C\u2019est un avis de recherche qui a \u00e9t\u00e9 relay\u00e9 sur les r\u00e9seaux sociaux par l\u2019Adapei du Rh\u00f4ne. Un&hellip;\n","protected":false},"author":2,"featured_media":241218,"comment_status":"","ping_status":"","sticky":false,"template":"","format":"standard","meta":{"footnotes":""},"categories":[1889],"tags":[1111,11,2813,2190,2430,1109,251,1112,2811,1777,674,118,1011,27,1922,1110,1114,2428,2810,12,241,316,25,2812,517,800],"class_list":{"0":"post-241217","1":"post","2":"type-post","3":"status-publish","4":"format-standard","5":"has-post-thumbnail","7":"category-lyon","8":"tag-actu","9":"tag-actualites","10":"tag-article","11":"tag-asvel","12":"tag-auvergne-rhone-alpes","13":"tag-breves","14":"tag-culture","15":"tag-depeches","16":"tag-economique","17":"tag-eu","18":"tag-europe","19":"tag-faits-divers","20":"tag-fr","21":"tag-france","22":"tag-info","23":"tag-informations","24":"tag-infos","25":"tag-lyon","26":"tag-lyonmag","27":"tag-news","28":"tag-ol","29":"tag-politique","30":"tag-republique-francaise","31":"tag-sociale","32":"tag-sport","33":"tag-transports"},"share_on_mastodon":{"url":"https:\/\/pubeurope.com\/@fr\/114831655130066697","error":""},"_links":{"self":[{"href":"https:\/\/www.europesays.com\/fr\/wp-json\/wp\/v2\/posts\/241217","targetHints":{"allow":["GET"]}}],"collection":[{"href":"https:\/\/www.europesays.com\/fr\/wp-json\/wp\/v2\/posts"}],"about":[{"href":"https:\/\/www.europesays.com\/fr\/wp-json\/wp\/v2\/types\/post"}],"author":[{"embeddable":true,"href":"https:\/\/www.europesays.com\/fr\/wp-json\/wp\/v2\/users\/2"}],"replies":[{"embeddable":true,"href":"https:\/\/www.europesays.com\/fr\/wp-json\/wp\/v2\/comments?post=241217"}],"version-history":[{"count":0,"href":"https:\/\/www.europesays.com\/fr\/wp-json\/wp\/v2\/posts\/241217\/revisions"}],"wp:featuredmedia":[{"embeddable":true,"href":"https:\/\/www.europesays.com\/fr\/wp-json\/wp\/v2\/media\/241218"}],"wp:attachment":[{"href":"https:\/\/www.europesays.com\/fr\/wp-json\/wp\/v2\/media?parent=241217"}],"wp:term":[{"taxonomy":"category","embeddable":true,"href":"https:\/\/www.europesays.com\/fr\/wp-json\/wp\/v2\/categories?post=241217"},{"taxonomy":"post_tag","embeddable":true,"href":"https:\/\/www.europesays.com\/fr\/wp-json\/wp\/v2\/tags?post=241217"}],"curies":[{"name":"wp","href":"https:\/\/api.w.org\/{rel}","templated":true}]}}