{"id":241222,"date":"2025-07-11T00:02:22","date_gmt":"2025-07-11T00:02:22","guid":{"rendered":"https:\/\/www.europesays.com\/fr\/241222\/"},"modified":"2025-07-11T00:02:22","modified_gmt":"2025-07-11T00:02:22","slug":"cest-comme-dans-un-reve-avec-les-supporters-parisiens-qui-ont-traverse-latlantique-pour-voir-le-psg-a-new-york","status":"publish","type":"post","link":"https:\/\/www.europesays.com\/fr\/241222\/","title":{"rendered":"\u00ab\u00a0C\u2019est comme dans un r\u00eave\u00a0\u00bb\u00a0: avec les supporters parisiens qui ont travers\u00e9 l\u2019Atlantique pour voir le PSG \u00e0 New York"},"content":{"rendered":"<p class=\"paragraph text_align_left lp-f-body-02\">C\u2019est un match o\u00f9 il ne fallait pas arriver en retard, y compris quand, en 24\u00a0heures, on a travers\u00e9 l\u2019Atlantique, atterri sur le sol am\u00e9ricain, pos\u00e9 h\u00e2tivement ses bagages \u00e0 son h\u00f4tel de New York et rejoint en vitesse un stade pos\u00e9 au beau milieu du New Jersey.<\/p>\n<p class=\"paragraph text_align_left lp-f-body-02\">Le <a href=\"https:\/\/www.leparisien.fr\/sports\/football\/psg\/\" target=\"_blank\" rel=\"noreferrer nofollow noopener\">PSG<\/a> menait 2-0 apr\u00e8s moins de 10 minutes de jeu et une partie de ces fans parisiens ayant saut\u00e9 sur <a href=\"https:\/\/www.leparisien.fr\/sports\/football\/coupe-du-monde-des-clubs\/psg-real-madrid-loffre-allechante-proposee-aux-plus-fideles-supporters-parisiens-pour-assister-au-match-07-07-2025-J33PXEK34JEJNC5ZFW7HA2HYSM.php\" target=\"_blank\" rel=\"noreferrer nofollow noopener\">l\u2019offre \u00e0 500\u00a0euros du club<\/a> (voyage tout compris) ont rat\u00e9 cette entame tonitruante. Leur escale \u00e0 Detroit a dur\u00e9 plus longtemps que pr\u00e9vue et la moiti\u00e9 du contingent parisien n\u2019est entr\u00e9e dans l\u2019ar\u00e8ne qu\u2019apr\u00e8s une demi-heure de jeu.<\/p>\n<p class=\"paragraph text_align_left lp-f-body-02\">Dylan et Mathieu, eux, ont eu plus de chance\u00a0: ils ont aussi fait escale \u00e0 D\u00e9troit mais leur avion a pu d\u00e9coller au beau milieu de la nuit, entre mardi et mercredi, pour rejoindre New York en tout d\u00e9but de matin\u00e9e, \u00e0 quelques heures du d\u00e9but de la rencontre, programm\u00e9e \u00e0 15\u00a0heures sur la c\u00f4te est des \u00c9tats-Unis. \u00ab\u00a0C\u2019est incroyable de se retrouver l\u00e0, confient-ils. Le d\u00e9calage horaire et la chaleur compliquent un peu les choses mais on est hyper heureux\u00a0!\u00a0\u00bb<\/p>\n<p>\u00ab\u00a0Je n\u2019\u00e9tais jamais venu \u00e0 New York\u00a0\u00bb<\/p>\n<p class=\"paragraph text_align_left lp-f-body-02\">Sur les quelque 500 supporters venus sp\u00e9cialement de Paris, si la moiti\u00e9 a pris place dans le m\u00eame avion qui a connu de s\u00e9rieux retards, environ 250 ont \u00e9t\u00e9 r\u00e9partis individuellement sur plusieurs autres vols. Eux aussi ont fait escale dans diff\u00e9rentes villes (Washington, Lisbonne, etc.). Le prix \u00e0 payer, certainement, pour un voyage low-cost organis\u00e9 \u00e0 la toute derni\u00e8re minute. \u00ab\u00a0J\u2019ai re\u00e7u un message dimanche avec cette offre, raconte Rayane, un Parisien de 24\u00a0ans. J\u2019ai saut\u00e9 sur l\u2019occasion\u00a0! C\u2019est comme dans un r\u00eave. Je n\u2019\u00e9tais jamais venu \u00e0 New York, et l\u00e0 je vais pouvoir visiter la ville et supporter mon \u00e9quipe en m\u00eame temps.\u00a0\u00bb<\/p>\n<p><img decoding=\"async\" class=\"image \" loading=\"lazy\" src=\"https:\/\/www.europesays.com\/fr\/wp-content\/uploads\/2025\/07\/BVX7KWTX6VGJNASNHICHEV4IRY.jpeg\" alt=\"Rayane, un Parisien de 24 ans, va profiter de ce voyage pour visiter New York, sa premi\u00e8re fois aux Etats-Unis.\" align=\"\" data-rubrique-principale=\"\" data-article-type=\"\" fetchpriority=\"auto\"\/>Rayane, un Parisien de 24 ans, va profiter de ce voyage pour visiter New York, sa premi\u00e8re fois aux Etats-Unis.<\/p>\n<p class=\"paragraph text_align_left lp-f-body-02\">Les fans parisiens sont tous log\u00e9s \u00e0 Manhattan. \u00ab\u00a0On est tout pr\u00e8s de Central Park, confie Rayane. Franchement, ils ne se sont pas moqu\u00e9s de nous le PSG. En plus, ils nous ont fait la surprise de mettre \u00e0 disposition une navette pour nous amener de l\u2019h\u00f4tel au stade. C\u2019\u00e9tait top.\u00a0\u00bb<\/p>\n<p class=\"paragraph text_align_left lp-f-body-02\">Une fa\u00e7on pour le PSG de montrer \u00e0 l\u2019Am\u00e9rique comment les Europ\u00e9ens supportent leur \u00e9quipe de foot\u00a0: debout, en chantant, derri\u00e8re le but au plus pr\u00e8s de la pelouse. En lan\u00e7ant quelques insultes aux supporters adverses, aussi. \u00ab\u00a0P\u2026 Madrid\u00a0\u00bb, ose le kop, poing et doigt lev\u00e9, apr\u00e8s le premier but.<\/p>\n<p>La s\u00e9curit\u00e9 essaie de maintenir le calme<\/p>\n<p class=\"paragraph text_align_left lp-f-body-02\">La s\u00e9curit\u00e9 tente de maintenir l\u2019ordre. Les fans sont pri\u00e9s, un \u00e0 un, de montrer leur billet et de ne pas monter sur les si\u00e8ges. Un peu plus haut, au niveau sup\u00e9rieur, le PSG club New York, la communaut\u00e9 de supporters de la Grosse Pomme a sorti les drapeaux et fait r\u00e9sonner les chants dans l\u2019enceinte.<\/p>\n<p class=\"paragraph text_align_left lp-f-body-02\">De l\u2019autre c\u00f4t\u00e9 du terrain, Ousmane Demb\u00e9l\u00e9 marque le deuxi\u00e8me but parisien. \u00ab\u00a0Et Ousmane ballon d\u2019or\u00a0\u00bb, chantent les supporters, qui ne s\u2019\u00e9taient pas pri\u00e9s de faire savoir \u00e0 leur ancien chouchou parti dans la maison adverse, <a href=\"https:\/\/www.leparisien.fr\/sports\/football\/coupe-du-monde-des-clubs\/psg-real-madrid-pourquoi-ce-match-sera-celui-de-la-detente-dans-les-relations-entre-paris-et-kylian-mbappe-08-07-2025-VLIM6YNIJZHKHDAS3WG22DX5OI.php\" target=\"_blank\" rel=\"noreferrer nofollow noopener\">Kylian Mbapp\u00e9<\/a>, tout le mal qu\u2019ils pensent d\u00e9sormais de lui, lors de son entr\u00e9e sur la pelouse.<\/p>\n<p class=\"paragraph text_align_left lp-f-body-02\">Le PSG prend ensuite le large et les doigts parisiens se multiplient pour former une main enti\u00e8re. \u00ab\u00a0La manita\u00a0\u00bb (5 buts), lance un fan aux tr\u00e8s nombreux Madril\u00e8nes pr\u00e9sents dans les gradins. New York poss\u00e8de une tr\u00e8s importante communaut\u00e9 hispanique et au nombre de maillots pr\u00e9sents dans les tribunes, c\u2019est le Real qui a gagn\u00e9 la rencontre.<\/p>\n<p class=\"paragraph text_align_left lp-f-body-02\">Leur seule victoire du jour\u00a0: m\u00eame apr\u00e8s avoir travers\u00e9 l\u2019Atlantique en 24\u00a0heures, le kop parisien est peut-\u00eatre arriv\u00e9 en retard mais s\u2019est trouv\u00e9 aux \u00c9tats-Unis comme \u00e0 la maison.<\/p>\n","protected":false},"excerpt":{"rendered":"C\u2019est un match o\u00f9 il ne fallait pas arriver en retard, y compris quand, en 24\u00a0heures, on a&hellip;\n","protected":false},"author":2,"featured_media":241223,"comment_status":"","ping_status":"","sticky":false,"template":"","format":"standard","meta":{"footnotes":""},"categories":[1888],"tags":[1111,1928,11,1927,1777,674,63,1011,27,12,1926,626,1925,93,25,60],"class_list":{"0":"post-241222","1":"post","2":"type-post","3":"status-publish","4":"format-standard","5":"has-post-thumbnail","7":"category-paris","8":"tag-actu","9":"tag-actu-paris","10":"tag-actualites","11":"tag-actualites-paris","12":"tag-eu","13":"tag-europe","14":"tag-football","15":"tag-fr","16":"tag-france","17":"tag-news","18":"tag-news-paris","19":"tag-paris","20":"tag-paris-news","21":"tag-psg","22":"tag-republique-francaise","23":"tag-sports"},"share_on_mastodon":{"url":"https:\/\/pubeurope.com\/@fr\/114831670842837955","error":""},"_links":{"self":[{"href":"https:\/\/www.europesays.com\/fr\/wp-json\/wp\/v2\/posts\/241222","targetHints":{"allow":["GET"]}}],"collection":[{"href":"https:\/\/www.europesays.com\/fr\/wp-json\/wp\/v2\/posts"}],"about":[{"href":"https:\/\/www.europesays.com\/fr\/wp-json\/wp\/v2\/types\/post"}],"author":[{"embeddable":true,"href":"https:\/\/www.europesays.com\/fr\/wp-json\/wp\/v2\/users\/2"}],"replies":[{"embeddable":true,"href":"https:\/\/www.europesays.com\/fr\/wp-json\/wp\/v2\/comments?post=241222"}],"version-history":[{"count":0,"href":"https:\/\/www.europesays.com\/fr\/wp-json\/wp\/v2\/posts\/241222\/revisions"}],"wp:featuredmedia":[{"embeddable":true,"href":"https:\/\/www.europesays.com\/fr\/wp-json\/wp\/v2\/media\/241223"}],"wp:attachment":[{"href":"https:\/\/www.europesays.com\/fr\/wp-json\/wp\/v2\/media?parent=241222"}],"wp:term":[{"taxonomy":"category","embeddable":true,"href":"https:\/\/www.europesays.com\/fr\/wp-json\/wp\/v2\/categories?post=241222"},{"taxonomy":"post_tag","embeddable":true,"href":"https:\/\/www.europesays.com\/fr\/wp-json\/wp\/v2\/tags?post=241222"}],"curies":[{"name":"wp","href":"https:\/\/api.w.org\/{rel}","templated":true}]}}