{"id":241236,"date":"2025-07-11T00:09:10","date_gmt":"2025-07-11T00:09:10","guid":{"rendered":"https:\/\/www.europesays.com\/fr\/241236\/"},"modified":"2025-07-11T00:09:10","modified_gmt":"2025-07-11T00:09:10","slug":"la-france-et-le-royaume-uni-signent-un-accord-sans-precedent-sur-limmigration-clandestine","status":"publish","type":"post","link":"https:\/\/www.europesays.com\/fr\/241236\/","title":{"rendered":"La France et le Royaume-Uni signent un accord \u00absans pr\u00e9c\u00e9dent\u00bb sur l\u2019immigration clandestine"},"content":{"rendered":"<p><strong>D\u00c9CRYPTAGE &#8211;<\/strong> \u00c0 l\u2019issue de la visite d\u2019\u00c9tat d\u2019Emmanuel Macron au Royaume-Uni, les deux pays se sont mis d\u2019accord sur un projet pilote permettant de renvoyer des migrants en France tout en en acceptant d\u2019autres par voie l\u00e9gale.<\/p>\n<p class=\"fig-paragraph\">\u00a0C\u2019\u00e9tait l\u2019objectif num\u00e9ro Un de Londres. D\u00e9crocher<a href=\"http:\/\/www.lefigaro.fr\/international\/comment-la-france-et-le-royaume-uni-essaient-de-reguler-l-immigration-clandestine-dans-la-manche-20250707\" data-fig-type=\"Article\" data-gtm-custom-categorie=\"navigation\" data-gtm-custom-action=\"crossclick\" data-gtm-custom-label=\"Contextuel\" data-gtm-event=\"customEventSPE\" data-fig-domain=\"LEFIGARO\" rel=\"nofollow noopener\" target=\"_blank\">\u00a0un accord sur l\u2019immigration<\/a>\u00a0\u00e9tait essentiel pour le premier ministre britannique, soumis \u00e0 une forte pression alors que les chiffres de travers\u00e9es clandestines de la Manche sont \u00e0 la hausse. Lors du 37e sommet franco-britannique, qui a cl\u00f4tur\u00e9 la visite d\u2019\u00c9tat du pr\u00e9sident fran\u00e7ais au Royaume-Uni, Keir Starmer et Emmanuel Macron ont annonc\u00e9 un accord \u00ab\u00a0majeur\u00a0\u00bb pour endiguer l\u2019afflux de clandestins.<\/p>\n<p class=\"fig-paragraph\">Depuis la base militaire de Northwood, Keir Starmer a salu\u00e9 un programme de retour de migrants \u00ab\u00a0r\u00e9volutionnaire\u00a0\u00bb, qui d\u00e9butera \u00ab\u00a0dans quelques semaines\u00a0\u00bb. Aux termes de ce \u00ab\u00a0projet pilote exceptionnel\u00a0\u00bb, des migrants arriv\u00e9s par petites embarcations seront \u00ab\u00a0d\u00e9tenus et renvoy\u00e9s en France dans les plus brefs d\u00e9lais\u00a0\u00bb. En \u00e9change, pour chaque retour, \u00ab\u00a0une autre personne sera autoris\u00e9e \u00e0 entrer au Royaume-Uni par une voie contr\u00f4l\u00e9e, s\u00fbre et l\u00e9gale\u00a0\u00bb. Ce programme exclura ceux qui ont tent\u00e9 d\u2019entrer ill\u00e9galement\u2026<\/p>\n<p class=\"fig-premium-paywall__infos\">\n        Cet article est r\u00e9serv\u00e9 aux abonn\u00e9s.        Il vous reste 85% \u00e0 d\u00e9couvrir.\n    <\/p>\n<p>                <img  data- alt=\"Le Figaro\" class=\"fig-img--complete fig-img\"\/><\/p>\n<p class=\"fig-premium-paywall__title\">Vous avez envie de lire la suite ?<\/p>\n<p class=\"fig-premium-paywall__subtitle\">D\u00e9bloquez tous les articles imm\u00e9diatement.<\/p>\n<p class=\"fig-premium-paywall__connect\">\n                D\u00e9j\u00e0 abonn\u00e9\u00a0?                <a class=\"fig-premium-paywall__connect-link\" href=\"https:\/\/connect.lefigaro.fr\/login?client=horizon_web&amp;type=main&amp;redirect_uri=https%3A%2F%2Fwww.lefigaro.fr%2Finternational%2Fkeir-starmer-annonce-un-accord-pour-un-echange-de-migrants-entre-le-royaume-uni-et-la-france-20250710\" data-js-gtm=\"{&quot;customCategorie&quot;: &quot;conversion&quot;, &quot;customAction&quot;: &quot;before_Landing_Connexion_paywall_auto&quot;, &quot;customLabel&quot;: &quot;bGVmaWdhcm8uZnJfXzFmMDVkYTY2LTkxNmEtNmY0ZS05ZjNlLWJkMjQ0NGVlYWU1Yl9fTmV3c0ZsYXNo_La France et le Royaume-Uni signent un accord \u00absans pr\u00e9c\u00e9dent\u00bb sur l\u2019immigration clandestine_541&quot;, &quot;customIDSPE&quot;: &quot;bGVmaWdhcm8uZnJfXzFmMDVkYTY2LTkxNmEtNmY0ZS05ZjNlLWJkMjQ0NGVlYWU1Yl9fTmV3c0ZsYXNo&quot;, &quot;event&quot;: &quot;customEventSPE&quot;}\" rel=\"nofollow noopener\" target=\"_blank\"><br \/>\n                    Connectez-vous<br \/>\n                <\/a>\n            <\/p>\n","protected":false},"excerpt":{"rendered":"D\u00c9CRYPTAGE &#8211; \u00c0 l\u2019issue de la visite d\u2019\u00c9tat d\u2019Emmanuel Macron au Royaume-Uni, les deux pays se sont mis&hellip;\n","protected":false},"author":2,"featured_media":241237,"comment_status":"","ping_status":"","sticky":false,"template":"","format":"standard","meta":{"footnotes":""},"categories":[1588],"tags":[11,1777,674,1061,12,473,1853,1851,1850,1852],"class_list":{"0":"post-241236","1":"post","2":"type-post","3":"status-publish","4":"format-standard","5":"has-post-thumbnail","7":"category-royaume-uni","8":"tag-actualites","9":"tag-eu","10":"tag-europe","11":"tag-immigration","12":"tag-news","13":"tag-royaume-uni","14":"tag-royaume-uni-de-grande-bretagne-et-dirlande-du-nord","15":"tag-uk","16":"tag-united-kingdom","17":"tag-united-kingdom-of-great-britain-and-northern-ireland"},"share_on_mastodon":{"url":"https:\/\/pubeurope.com\/@fr\/114831698405374341","error":""},"_links":{"self":[{"href":"https:\/\/www.europesays.com\/fr\/wp-json\/wp\/v2\/posts\/241236","targetHints":{"allow":["GET"]}}],"collection":[{"href":"https:\/\/www.europesays.com\/fr\/wp-json\/wp\/v2\/posts"}],"about":[{"href":"https:\/\/www.europesays.com\/fr\/wp-json\/wp\/v2\/types\/post"}],"author":[{"embeddable":true,"href":"https:\/\/www.europesays.com\/fr\/wp-json\/wp\/v2\/users\/2"}],"replies":[{"embeddable":true,"href":"https:\/\/www.europesays.com\/fr\/wp-json\/wp\/v2\/comments?post=241236"}],"version-history":[{"count":0,"href":"https:\/\/www.europesays.com\/fr\/wp-json\/wp\/v2\/posts\/241236\/revisions"}],"wp:featuredmedia":[{"embeddable":true,"href":"https:\/\/www.europesays.com\/fr\/wp-json\/wp\/v2\/media\/241237"}],"wp:attachment":[{"href":"https:\/\/www.europesays.com\/fr\/wp-json\/wp\/v2\/media?parent=241236"}],"wp:term":[{"taxonomy":"category","embeddable":true,"href":"https:\/\/www.europesays.com\/fr\/wp-json\/wp\/v2\/categories?post=241236"},{"taxonomy":"post_tag","embeddable":true,"href":"https:\/\/www.europesays.com\/fr\/wp-json\/wp\/v2\/tags?post=241236"}],"curies":[{"name":"wp","href":"https:\/\/api.w.org\/{rel}","templated":true}]}}