{"id":241238,"date":"2025-07-11T00:10:19","date_gmt":"2025-07-11T00:10:19","guid":{"rendered":"https:\/\/www.europesays.com\/fr\/241238\/"},"modified":"2025-07-11T00:10:19","modified_gmt":"2025-07-11T00:10:19","slug":"lallemagne-peut-elle-vendre-un-de-ses-systemes-de-defense-aerienne-patriot-a-lukraine-2","status":"publish","type":"post","link":"https:\/\/www.europesays.com\/fr\/241238\/","title":{"rendered":"L&rsquo;Allemagne peut-elle vendre un de ses syst\u00e8mes de d\u00e9fense a\u00e9rienne Patriot \u00e0 l&rsquo;Ukraine ?"},"content":{"rendered":"<p>\u00ab\u00a0Nous allons devoir envoyer plus d&rsquo;armes \u00e0 l&rsquo;Ukraine. Des armes d\u00e9fensives, ils doivent se d\u00e9fendre eux-m\u00eames\u00a0\u00bb, a d\u00e9clar\u00e9 lundi le pr\u00e9sident am\u00e9ricain Donald Trump en parlant de la d\u00e9fense de l&rsquo;Ukraine.<\/p>\n<p>Mais lorsqu&rsquo;il a dit \u00ab\u00a0nous\u00a0\u00bb, il ne pensait pas seulement aux \u00c9tats-Unis.<\/p>\n<p>Selon plusieurs m\u00e9dias, M. Trump aurait sugg\u00e9r\u00e9 que l&rsquo;Allemagne vende l&rsquo;une de ses batteries Patriot \u00e0 l&rsquo;Ukraine. Les co\u00fbts pourraient \u00eatre partag\u00e9s entre les \u00c9tats-Unis et l&rsquo;Europe.<\/p>\n<p>L&rsquo;Ukraine a demand\u00e9 \u00e0 ses alli\u00e9s de soutenir la d\u00e9fense a\u00e9rienne du pays en fournissant des syst\u00e8mes Patriot \u00ab\u00a0vitaux\u00a0\u00bb et des missiles d&rsquo;interception appropri\u00e9s.<\/p>\n<p>\u00ab\u00a0<strong>Nous comptons fermement sur nos partenaires pour qu&rsquo;ils respectent pleinement ce que nous avons convenu. La d\u00e9fense a\u00e9rienne reste la priorit\u00e9 absolue pour prot\u00e9ger des vies\u00a0\u00bb<\/strong>, a d\u00e9clar\u00e9 lundi le pr\u00e9sident ukrainien Volodymyr Zelensky \u00e0 la suite d&rsquo;une nouvelle attaque de drone et de missile russe.<\/p>\n<p><img decoding=\"async\" class=\"caas-img caas-lazy has-preview\" alt=\"Le pr\u00e9sident Donald Trump s'exprime lors d'une r\u00e9union du cabinet \u00e0 la Maison Blanche, le 8 juillet 2025\" src=\"https:\/\/www.europesays.com\/fr\/wp-content\/uploads\/2025\/07\/384d82ddac1e9a0bcd10c20ad607b0d0.jpeg\"\/><\/p>\n<p> Le pr\u00e9sident Donald Trump s&rsquo;exprime lors d&rsquo;une r\u00e9union du cabinet \u00e0 la Maison Blanche, le 8 juillet 2025   &#8211; AP Photo <\/p>\n<p><strong>Retard de livraison de la part des \u00c9tats-Unis<\/strong><\/p>\n<p>Le Pentagone a d\u00e9clar\u00e9 le 2 juillet qu&rsquo;une partie de l&rsquo;assistance militaire \u00e0 l&rsquo;Ukraine avait \u00e9t\u00e9 interrompue, le d\u00e9partement de la d\u00e9fense proc\u00e9dant \u00e0 un examen des livraisons d&rsquo;aide \u00e9trang\u00e8re en raison de la faiblesse pr\u00e9sum\u00e9e des stocks.<\/p>\n<p>Quelques jours plus tard, le 7 juillet, le Pentagone a d\u00e9clar\u00e9 qu&rsquo;il renouvellerait les livraisons, expliquant que les armes d\u00e9fensives suppl\u00e9mentaires \u00e9taient destin\u00e9es \u00e0 aider l&rsquo;Ukraine \u00e0 se prot\u00e9ger pendant que les \u00c9tats-Unis travaillent \u00e0 \u00ab\u00a0une paix durable\u00a0\u00bb.<\/p>\n<p>Selon un porte-parole du gouvernement allemand, le 4 juillet, le chancelier Friedrich Merz s&rsquo;est entretenu avec M. Trump, lui demandant de poursuivre les livraisons \u00e0 l&rsquo;Ukraine, en particulier les missiles d&rsquo;interception Patriot.<\/p>\n<p>M. Merz a \u00e9galement discut\u00e9 de l&rsquo;offre de son pays d&rsquo;acheter des syst\u00e8mes de d\u00e9fense a\u00e9rienne Patriot pour l&rsquo;Ukraine, a d\u00e9clar\u00e9 le porte-parole, ajoutant que Berlin \u00e9tait en \u00ab\u00a0n\u00e9gociations intensives\u00a0\u00bb pour acheter des Patriot pour l&rsquo;Ukraine afin de l&rsquo;aider \u00e0 contrer certaines des attaques russes les plus lourdes depuis que l&rsquo;invasion \u00e0 grande \u00e9chelle de Moscou a commenc\u00e9 en 2022.<\/p>\n<p>\u00ab\u00a0Il y a plusieurs fa\u00e7ons de combler ce manque de Patriot\u00a0\u00bb, a d\u00e9clar\u00e9 le porte-parole aux journalistes, ajoutant que l&rsquo;une des options envisag\u00e9es \u00e9tait d&rsquo;acheter des batteries de missiles Patriot aux \u00c9tats-Unis et de les envoyer ensuite \u00e0 Kiev.<\/p>\n<p><img decoding=\"async\" class=\"caas-img caas-lazy has-preview\" alt=\"Lanceurs de missiles Patriot acquis aupr\u00e8s des \u00c9tats-Unis, d\u00e9ploy\u00e9s \u00e0 Varsovie, 6 f\u00e9vrier 2023\" src=\"https:\/\/www.europesays.com\/fr\/wp-content\/uploads\/2025\/07\/990ff5913c8f7905ffbbc7f9a9021f00.jpeg\"\/><\/p>\n<p> Lanceurs de missiles Patriot acquis aupr\u00e8s des \u00c9tats-Unis, d\u00e9ploy\u00e9s \u00e0 Varsovie, 6 f\u00e9vrier 2023   &#8211; AP Photo <\/p>\n<p><strong>L&rsquo;Allemagne peut-elle fournir des Patriot \u00e0 l&rsquo;Ukraine ?<\/strong><\/p>\n<p>Depuis le d\u00e9but de la guerre, l&rsquo;Allemagne a d\u00e9j\u00e0 envoy\u00e9 \u00e0 l&rsquo;Ukraine trois syst\u00e8mes de fabrication am\u00e9ricaine provenant de ses stocks militaires, ce qui fait que Berlin dispose de neuf Patriot.<\/p>\n<p><strong>L&rsquo;Ukraine dispose actuellement de six syst\u00e8mes Patriot op\u00e9rationnels<\/strong>. Le ministre allemand de la D\u00e9fense, Boris Pistorius, a lanc\u00e9 une initiative lors de la coalition Rammstein afin d&rsquo;obtenir davantage de syst\u00e8mes. Il doit se rendre \u00e0 Washington dans le courant du mois pour discuter des capacit\u00e9s de production et des calendriers de livraison.<\/p>\n<p>Kiev a propos\u00e9 \u00e0 plusieurs reprises d&rsquo;acheter des Patriot par l&rsquo;interm\u00e9diaire de partenaires europ\u00e9ens, les achats directs aupr\u00e8s des \u00c9tats-Unis n&rsquo;\u00e9tant pas une option viable.<\/p>\n<p><img decoding=\"async\" class=\"caas-img caas-lazy has-preview\" alt=\"Des secouristes \u00e9teignent l'incendie d'un b\u00e2timent d\u00e9truit par une attaque de drone russe \u00e0 Kharkiv, le 7 juillet 2025\" src=\"https:\/\/www.europesays.com\/fr\/wp-content\/uploads\/2025\/07\/2d0d74e7ec69ae407df81511211bdb15.jpeg\"\/><\/p>\n<p> Des secouristes \u00e9teignent l&rsquo;incendie d&rsquo;un b\u00e2timent d\u00e9truit par une attaque de drone russe \u00e0 Kharkiv, le 7 juillet 2025   &#8211; AP Photo <\/p>\n<p>On estime qu&rsquo;il faudra des ann\u00e9es pour honorer une nouvelle commande, qui ne sera achev\u00e9e qu&rsquo;une fois que le Pentagone aura termin\u00e9 ses propres commandes, le minist\u00e8re de la D\u00e9fense \u00e9tant un client plus prioritaire.<\/p>\n<p>L&rsquo;Ukraine ne dispose pas de ce temps, car la Russie a intensifi\u00e9 ses attaques a\u00e9riennes contre le pays depuis le mois d&rsquo;avril.<\/p>\n<p>Lors d&rsquo;une attaque r\u00e9cente, plus de 500 drones et missiles ont \u00e9t\u00e9 lanc\u00e9s en une seule nuit, r\u00e9v\u00e9lant des lacunes importantes dans les d\u00e9fenses a\u00e9riennes de l&rsquo;Ukraine, malgr\u00e9 des taux d&rsquo;interception \u00e9lev\u00e9s.<\/p>\n<p>M. Pistorius a \u00e9mis l&rsquo;id\u00e9e d&rsquo;acheter des syst\u00e8mes Patriot qui pourraient \u00eatre lib\u00e9r\u00e9s afin de contourner les longs d\u00e9lais de livraison industriels et d&rsquo;assurer leur acheminement rapide vers l&rsquo;Ukraine.<\/p>\n<p><b class=\"c-widget-related__title__text\">Related<\/b><\/p>\n<p>Le Patriot est l&rsquo;un des rares syst\u00e8mes de d\u00e9fense a\u00e9rienne au monde capable d&rsquo;abattre de mani\u00e8re fiable des missiles balistiques en approche.<\/p>\n<p><strong>Selon l&rsquo;Institut international d&rsquo;\u00e9tudes strat\u00e9giques de Londres, environ 180 de ces syst\u00e8mes seraient en service dans le monde<\/strong>.<\/p>\n<p>Environ un tiers d&rsquo;entre eux appartiennent aux \u00c9tats-Unis, qui en ont d\u00e9ploy\u00e9 un grand nombre en Europe, en Asie et au Moyen-Orient.<\/p>\n<p>L&rsquo;Europe poss\u00e8de environ 40 syst\u00e8mes Patriot, y compris ceux d\u00e9ploy\u00e9s en Ukraine.<\/p>\n","protected":false},"excerpt":{"rendered":"\u00ab\u00a0Nous allons devoir envoyer plus d&rsquo;armes \u00e0 l&rsquo;Ukraine. Des armes d\u00e9fensives, ils doivent se d\u00e9fendre eux-m\u00eames\u00a0\u00bb, a d\u00e9clar\u00e9&hellip;\n","protected":false},"author":2,"featured_media":241239,"comment_status":"","ping_status":"","sticky":false,"template":"","format":"standard","meta":{"footnotes":""},"categories":[1587],"tags":[11,672,26465,1804,1805,1803,73,1777,674,1801,5493,1877,38069,12,38068,1802],"class_list":{"0":"post-241238","1":"post","2":"type-post","3":"status-publish","4":"format-standard","5":"has-post-thumbnail","7":"category-allemagne","8":"tag-actualites","9":"tag-allemagne","10":"tag-armes-defensives","11":"tag-bundesrepublik-deutschland","12":"tag-de","13":"tag-deutschland","14":"tag-etats-unis","15":"tag-eu","16":"tag-europe","17":"tag-germany","18":"tag-lukraine","19":"tag-la-defense","20":"tag-missiles-patriot","21":"tag-news","22":"tag-patriot","23":"tag-republique-federale-dallemagne"},"share_on_mastodon":{"url":"https:\/\/pubeurope.com\/@fr\/114831702575024771","error":""},"_links":{"self":[{"href":"https:\/\/www.europesays.com\/fr\/wp-json\/wp\/v2\/posts\/241238","targetHints":{"allow":["GET"]}}],"collection":[{"href":"https:\/\/www.europesays.com\/fr\/wp-json\/wp\/v2\/posts"}],"about":[{"href":"https:\/\/www.europesays.com\/fr\/wp-json\/wp\/v2\/types\/post"}],"author":[{"embeddable":true,"href":"https:\/\/www.europesays.com\/fr\/wp-json\/wp\/v2\/users\/2"}],"replies":[{"embeddable":true,"href":"https:\/\/www.europesays.com\/fr\/wp-json\/wp\/v2\/comments?post=241238"}],"version-history":[{"count":0,"href":"https:\/\/www.europesays.com\/fr\/wp-json\/wp\/v2\/posts\/241238\/revisions"}],"wp:featuredmedia":[{"embeddable":true,"href":"https:\/\/www.europesays.com\/fr\/wp-json\/wp\/v2\/media\/241239"}],"wp:attachment":[{"href":"https:\/\/www.europesays.com\/fr\/wp-json\/wp\/v2\/media?parent=241238"}],"wp:term":[{"taxonomy":"category","embeddable":true,"href":"https:\/\/www.europesays.com\/fr\/wp-json\/wp\/v2\/categories?post=241238"},{"taxonomy":"post_tag","embeddable":true,"href":"https:\/\/www.europesays.com\/fr\/wp-json\/wp\/v2\/tags?post=241238"}],"curies":[{"name":"wp","href":"https:\/\/api.w.org\/{rel}","templated":true}]}}